{"id":92265,"date":"2025-07-01T09:12:44","date_gmt":"2025-07-01T15:12:44","guid":{"rendered":"https:\/\/diarioavanzada.com.mx\/?p=92265"},"modified":"2025-07-01T09:12:44","modified_gmt":"2025-07-01T15:12:44","slug":"hallan-sin-vida-a-joven-que-desaparecio-en-playa-olas-altas-manzanillo","status":"publish","type":"post","link":"https:\/\/diarioavanzada.com.mx\/?p=92265","title":{"rendered":"Hallan sin vida a joven que desapareci\u00f3 en Playa Olas Altas, Manzanillo"},"content":{"rendered":"\n<p class=\"wp-block-paragraph\"><em>Un joven originario de Guadalajara fue localizado sin vida este martes cerca del Malec\u00f3n de Miramar, en Manzanillo, tras haber desaparecido en el mar la madrugada del lunes en Playa Olas Altas. Autoridades exhortan a extremar precauciones ante el riesgo por mar de fondo.<\/em><\/p>\n\n\n\n<p class=\"p1 wp-block-paragraph\">Colima, M\u00e9xico, Avanzada (01\/07\/2025).- La ma\u00f1ana de este martes fue localizado el cuerpo sin vida de un joven originario de Guadalajara, Jalisco, quien hab\u00eda sido reportado como desaparecido tras ingresar al mar en Playa Olas Altas, en Manzanillo, Colima.<\/p>\n\n\n\n<p class=\"p1 wp-block-paragraph\">El hallazgo ocurri\u00f3 en las inmediaciones del Malec\u00f3n de Miramar, luego de m\u00e1s de 24 horas de b\u00fasqueda por parte de elementos de la Secretar\u00eda de Marina a trav\u00e9s del equipo ENSAR (Estaci\u00f3n Naval de B\u00fasqueda, Rescate y Vigilancia Mar\u00edtima), as\u00ed como personal de la Unidad Municipal de Protecci\u00f3n Civil y Bomberos de Manzanillo.<\/p>\n\n\n\n<p class=\"p1 wp-block-paragraph\">Seg\u00fan los reportes, el joven ingres\u00f3 al mar alrededor de las 4:00 horas del lunes y fue arrastrado por la corriente, sin que lograra salir por sus propios medios. Su desaparici\u00f3n activ\u00f3 un operativo de localizaci\u00f3n que concluy\u00f3 con el lamentable hallazgo este martes.<\/p>\n\n\n\n<p class=\"p1 wp-block-paragraph\">Ante estos hechos, la Unidad Estatal de Protecci\u00f3n Civil hizo un llamado a la ciudadan\u00eda a extremar precauciones al acudir a zonas de playa durante la actual temporada de Ciclones Tropicales. Destacaron que el fen\u00f3meno de mar de fondo puede generar corrientes peligrosas, por lo que se recomienda ingresar al mar \u00fanicamente en los horarios establecidos y en zonas vigiladas por guardavidas.<\/p>\n\n\n\n<p class=\"p1 wp-block-paragraph\">Las autoridades reiteraron la importancia de atender las se\u00f1ales de advertencia, respetar las indicaciones del personal de rescate y evitar ingresar al mar en estado inconveniente o durante la madrugada.<\/p>\n<div class=\"fb-background-color\">\n\t\t\t  <div \n\t\t\t  \tclass = \"fb-comments\" \n\t\t\t  \tdata-href = \"https:\/\/diarioavanzada.com.mx\/?p=92265\"\n\t\t\t  \tdata-numposts = \"10\"\n\t\t\t  \tdata-lazy = \"true\"\n\t\t\t\tdata-colorscheme = \"light\"\n\t\t\t\tdata-order-by = \"social\"\n\t\t\t\tdata-mobile=true>\n\t\t\t  <\/div><\/div>\n\t\t  <style>\n\t\t    .fb-background-color {\n\t\t\t\tbackground:  !important;\n\t\t\t}\n\t\t\t.fb_iframe_widget_fluid_desktop iframe {\n\t\t\t    width: 100% !important;\n\t\t\t}\n\t\t  <\/style>\n\t\t  ","protected":false},"excerpt":{"rendered":"<p>Un joven originario de Guadalajara fue localizado sin vida este martes cerca del Malec\u00f3n de Miramar, en Manzanillo, tras haber desaparecido en el mar la madrugada del lunes en Playa Olas Altas. Autoridades exhortan a extremar precauciones ante el riesgo por mar de fondo. Colima, M\u00e9xico, Avanzada (01\/07\/2025).- La ma\u00f1ana de este martes fue localizado [&hellip;]<\/p>\n","protected":false},"author":7,"featured_media":92264,"comment_status":"closed","ping_status":"closed","sticky":false,"template":"","format":"standard","meta":{"_coblocks_attr":"","_coblocks_dimensions":"","_coblocks_responsive_height":"","_coblocks_accordion_ie_support":"","_crdt_document":"","advanced_seo_description":"","jetpack_seo_html_title":"","jetpack_seo_noindex":false,"_jetpack_memberships_contains_paid_content":false,"footnotes":""},"categories":[19,7,231],"tags":[210],"class_list":["post-92265","post","type-post","status-publish","format-standard","has-post-thumbnail","hentry","category-colima","category-noticias","category-seguridad","tag-portada"],"jetpack_featured_media_url":"https:\/\/diarioavanzada.com.mx\/wp-content\/uploads\/2025\/07\/img_4348-1.png","jetpack-related-posts":[],"jetpack_sharing_enabled":true,"amp_enabled":true,"_links":{"self":[{"href":"https:\/\/diarioavanzada.com.mx\/index.php?rest_route=\/wp\/v2\/posts\/92265","targetHints":{"allow":["GET"]}}],"collection":[{"href":"https:\/\/diarioavanzada.com.mx\/index.php?rest_route=\/wp\/v2\/posts"}],"about":[{"href":"https:\/\/diarioavanzada.com.mx\/index.php?rest_route=\/wp\/v2\/types\/post"}],"author":[{"embeddable":true,"href":"https:\/\/diarioavanzada.com.mx\/index.php?rest_route=\/wp\/v2\/users\/7"}],"replies":[{"embeddable":true,"href":"https:\/\/diarioavanzada.com.mx\/index.php?rest_route=%2Fwp%2Fv2%2Fcomments&post=92265"}],"version-history":[{"count":1,"href":"https:\/\/diarioavanzada.com.mx\/index.php?rest_route=\/wp\/v2\/posts\/92265\/revisions"}],"predecessor-version":[{"id":92266,"href":"https:\/\/diarioavanzada.com.mx\/index.php?rest_route=\/wp\/v2\/posts\/92265\/revisions\/92266"}],"wp:featuredmedia":[{"embeddable":true,"href":"https:\/\/diarioavanzada.com.mx\/index.php?rest_route=\/wp\/v2\/media\/92264"}],"wp:attachment":[{"href":"https:\/\/diarioavanzada.com.mx\/index.php?rest_route=%2Fwp%2Fv2%2Fmedia&parent=92265"}],"wp:term":[{"taxonomy":"category","embeddable":true,"href":"https:\/\/diarioavanzada.com.mx\/index.php?rest_route=%2Fwp%2Fv2%2Fcategories&post=92265"},{"taxonomy":"post_tag","embeddable":true,"href":"https:\/\/diarioavanzada.com.mx\/index.php?rest_route=%2Fwp%2Fv2%2Ftags&post=92265"}],"curies":[{"name":"wp","href":"https:\/\/api.w.org\/{rel}","templated":true}]}}