{"id":92217,"date":"2025-06-30T19:45:09","date_gmt":"2025-07-01T01:45:09","guid":{"rendered":"https:\/\/diarioavanzada.com.mx\/?p=92217"},"modified":"2025-06-30T19:45:13","modified_gmt":"2025-07-01T01:45:13","slug":"fortalecen-lazos-culturales-udec-y-la-fundacion-almas-mexicanas","status":"publish","type":"post","link":"https:\/\/diarioavanzada.com.mx\/?p=92217","title":{"rendered":"Fortalecen lazos culturales UdeC y la fundaci\u00f3n \u201cAlmas Mexicanas\u201d"},"content":{"rendered":"\n<p class=\"wp-block-paragraph\" id=\"block-a24397da-6115-49da-99a4-f8204bc6d0f6\"><em>Uno de los objetivos actuales de la fundaci\u00f3n es incorporar la ense\u00f1anza de la m\u00fasica y la danza en escuelas primarias y secundarias biling\u00fces (espa\u00f1ol\u2013ingl\u00e9s) del Valle del Ant\u00edlope, en California, Estados Unidos.<\/em><\/p>\n\n\n\n<p class=\"wp-block-paragraph\">Colima, M\u00e9xico, Comunicado (30\/06\/2025).- El escenario del Foro Universitario \u201cPablo Silva Garc\u00eda\u201d fue sede de un encuentro binacional que consolid\u00f3 v\u00ednculos culturales entre la Universidad de Colima y la fundaci\u00f3n \u201cAlmas Mexicanas\u201d, integrada por j\u00f3venes artistas del Valle del Ant\u00edlope, California, en Estados Unidos. Esta jornada reafirm\u00f3 el compromiso compartido de preservar y difundir las tradiciones mexicanas, mediante el arte y la colaboraci\u00f3n educativa.<\/p>\n\n\n\n<p class=\"wp-block-paragraph\">Durante la reuni\u00f3n, Anain Robles, directora de \u201cAlmas Mexicanas\u201d, comparti\u00f3 los or\u00edgenes del colectivo, surgido del inter\u00e9s de j\u00f3venes latinos por la danza folkl\u00f3rica mexicana. Destac\u00f3 tambi\u00e9n la influencia del maestro Alejandro Gonz\u00e1lez, impulsor del grupo y figura clave en la formaci\u00f3n art\u00edstica de su comunidad.<\/p>\n\n\n\n<p class=\"wp-block-paragraph\">Uno de los objetivos actuales de la fundaci\u00f3n es incorporar la ense\u00f1anza de la m\u00fasica y la danza en escuelas primarias y secundarias biling\u00fces (espa\u00f1ol\u2013ingl\u00e9s) del Valle del Ant\u00edlope. En este sentido, la visita a Colima tuvo como prop\u00f3sito establecer lazos de colaboraci\u00f3n con agrupaciones art\u00edsticas universitarias, as\u00ed como capacitarse mediante talleres que sus integrantes podr\u00e1n replicar en Estados Unidos.<\/p>\n\n\n\n<p class=\"wp-block-paragraph\">El acto inaugural estuvo encabezado por el coordinador general de Extensi\u00f3n, Carlos Ram\u00edrez Vuelvas y la directora general de Difusi\u00f3n Cultural, Gilda Glenda Callejas Azoy. Esta \u00faltima present\u00f3 a los artistas y directores de los grupos representativos universitarios, invit\u00e1ndoles a compartir sus experiencias y proyectos.<\/p>\n\n\n\n<p class=\"wp-block-paragraph\">Jos\u00e9 Antonio Frausto Zamora, director del Coro y la Orquesta Sinf\u00f3nica de la Universidad de Colima, subray\u00f3 la importancia de este tipo de v\u00ednculos como \u201cuna v\u00eda de internacionalizaci\u00f3n cultural desde la ra\u00edz popular\u201d. Por su parte, Eliseo Madrigal, director del Mariachi Universidad de Colima, habl\u00f3 de la relevancia de su agrupaci\u00f3n como embajadora cultural, tanto al acompa\u00f1ar al Ballet Folkl\u00f3rico de la UdeC como en sus propias giras nacionales e internacionales.<\/p>\n\n\n\n<p class=\"wp-block-paragraph\">El tenor colimense Felipe Castellanos present\u00f3 el proyecto musical \u201cMexicanismo\u201d, enfocado en el canto tradicional y la difusi\u00f3n de la cultura vocal mexicana. En tanto, Adriana Le\u00f3n y Alejandro Vera, directores de Univerdanza, compa\u00f1\u00eda de danza contempor\u00e1nea de la UdeC, compartieron su reciente experiencia en la grabaci\u00f3n de un video art\u00edstico junto al mariachi universitario, destacando la pasi\u00f3n con la que se vive la danza en Colima.<\/p>\n\n\n\n<p class=\"wp-block-paragraph\">Tambi\u00e9n participaron otros representantes de la comunidad art\u00edstica universitaria: Ram\u00f3n Vega, exintegrante de agrupaciones culturales de la UdeC; Luis Navarro, director del grupo de m\u00fasica latinoamericana \u201cLitoral\u201d; Jorge Hern\u00e1ndez \u201cCentavo\u201d, m\u00fasico multiinstrumentista; Perla Damara Cruz Reyes, directora del Ballet Infantil; H\u00e9ctor Zamudio, director de la Rondalla Universitaria, y Gabriel Frausto Zamora, director del coro \u201cNi\u00f1os Cantores\u201d. Todos ellos compartieron proyectos de formaci\u00f3n art\u00edstica con impacto tanto local como internacional.<\/p>\n\n\n\n<p class=\"wp-block-paragraph\">Aunque algunos directores no pudieron asistir -como los del Ballet Folkl\u00f3rico Universitario, Coral Femenina, Cantares y Teatro Universitario- su trabajo fue reconocido durante la sesi\u00f3n. En particular, se proyect\u00f3 un video enviado por la actriz Carmen Solorio, y se mencionaron las contribuciones de la soprano Mariana Corona, presidenta de la Academia de Canto y actual coordinadora del Festival Internacional de Canto.<\/p>\n\n\n\n<p class=\"wp-block-paragraph\">Este encuentro sienta las bases para futuras colaboraciones entre la Universidad de Colima y comunidades art\u00edsticas latinas en Estados Unidos, con el prop\u00f3sito de fomentar el intercambio cultural, la formaci\u00f3n art\u00edstica y el fortalecimiento de las ra\u00edces mexicanas m\u00e1s all\u00e1 de las fronteras nacionales.<\/p>\n\n\n\n<figure class=\"wp-block-image size-large\"><img loading=\"lazy\" decoding=\"async\" width=\"1024\" height=\"683\" src=\"https:\/\/diarioavanzada.com.mx\/wp-content\/uploads\/2025\/06\/Fortalecen-lazos-culturales-UdeC-y-la-fundacion-Almas-Mexicanas_c-1024x683.jpg\" alt=\"\" class=\"wp-image-92219\" srcset=\"https:\/\/diarioavanzada.com.mx\/wp-content\/uploads\/2025\/06\/Fortalecen-lazos-culturales-UdeC-y-la-fundacion-Almas-Mexicanas_c-1024x683.jpg 1024w, https:\/\/diarioavanzada.com.mx\/wp-content\/uploads\/2025\/06\/Fortalecen-lazos-culturales-UdeC-y-la-fundacion-Almas-Mexicanas_c-300x200.jpg 300w, https:\/\/diarioavanzada.com.mx\/wp-content\/uploads\/2025\/06\/Fortalecen-lazos-culturales-UdeC-y-la-fundacion-Almas-Mexicanas_c-768x512.jpg 768w, https:\/\/diarioavanzada.com.mx\/wp-content\/uploads\/2025\/06\/Fortalecen-lazos-culturales-UdeC-y-la-fundacion-Almas-Mexicanas_c-1536x1024.jpg 1536w, https:\/\/diarioavanzada.com.mx\/wp-content\/uploads\/2025\/06\/Fortalecen-lazos-culturales-UdeC-y-la-fundacion-Almas-Mexicanas_c-2048x1366.jpg 2048w, https:\/\/diarioavanzada.com.mx\/wp-content\/uploads\/2025\/06\/Fortalecen-lazos-culturales-UdeC-y-la-fundacion-Almas-Mexicanas_c-1200x800.jpg 1200w\" sizes=\"auto, (max-width: 1024px) 100vw, 1024px\" \/><\/figure>\n\n\n\n<figure class=\"wp-block-image size-large\"><img loading=\"lazy\" decoding=\"async\" width=\"1024\" height=\"683\" src=\"https:\/\/diarioavanzada.com.mx\/wp-content\/uploads\/2025\/06\/Fortalecen-lazos-culturales-UdeC-y-la-fundacion-Almas-Mexicanas_Anain-1024x683.jpg\" alt=\"\" class=\"wp-image-92220\" srcset=\"https:\/\/diarioavanzada.com.mx\/wp-content\/uploads\/2025\/06\/Fortalecen-lazos-culturales-UdeC-y-la-fundacion-Almas-Mexicanas_Anain-1024x683.jpg 1024w, https:\/\/diarioavanzada.com.mx\/wp-content\/uploads\/2025\/06\/Fortalecen-lazos-culturales-UdeC-y-la-fundacion-Almas-Mexicanas_Anain-300x200.jpg 300w, https:\/\/diarioavanzada.com.mx\/wp-content\/uploads\/2025\/06\/Fortalecen-lazos-culturales-UdeC-y-la-fundacion-Almas-Mexicanas_Anain-768x512.jpg 768w, https:\/\/diarioavanzada.com.mx\/wp-content\/uploads\/2025\/06\/Fortalecen-lazos-culturales-UdeC-y-la-fundacion-Almas-Mexicanas_Anain-1536x1024.jpg 1536w, https:\/\/diarioavanzada.com.mx\/wp-content\/uploads\/2025\/06\/Fortalecen-lazos-culturales-UdeC-y-la-fundacion-Almas-Mexicanas_Anain-2048x1365.jpg 2048w, https:\/\/diarioavanzada.com.mx\/wp-content\/uploads\/2025\/06\/Fortalecen-lazos-culturales-UdeC-y-la-fundacion-Almas-Mexicanas_Anain-1200x800.jpg 1200w\" sizes=\"auto, (max-width: 1024px) 100vw, 1024px\" \/><\/figure>\n\n\n\n<figure class=\"wp-block-image size-large\"><img loading=\"lazy\" decoding=\"async\" width=\"1024\" height=\"683\" src=\"https:\/\/diarioavanzada.com.mx\/wp-content\/uploads\/2025\/06\/Fortalecen-lazos-culturales-UdeC-y-la-fundacion-Almas-Mexicanas_Carlos-1024x683.jpg\" alt=\"\" class=\"wp-image-92223\" srcset=\"https:\/\/diarioavanzada.com.mx\/wp-content\/uploads\/2025\/06\/Fortalecen-lazos-culturales-UdeC-y-la-fundacion-Almas-Mexicanas_Carlos-1024x683.jpg 1024w, https:\/\/diarioavanzada.com.mx\/wp-content\/uploads\/2025\/06\/Fortalecen-lazos-culturales-UdeC-y-la-fundacion-Almas-Mexicanas_Carlos-300x200.jpg 300w, https:\/\/diarioavanzada.com.mx\/wp-content\/uploads\/2025\/06\/Fortalecen-lazos-culturales-UdeC-y-la-fundacion-Almas-Mexicanas_Carlos-768x512.jpg 768w, https:\/\/diarioavanzada.com.mx\/wp-content\/uploads\/2025\/06\/Fortalecen-lazos-culturales-UdeC-y-la-fundacion-Almas-Mexicanas_Carlos-1536x1024.jpg 1536w, https:\/\/diarioavanzada.com.mx\/wp-content\/uploads\/2025\/06\/Fortalecen-lazos-culturales-UdeC-y-la-fundacion-Almas-Mexicanas_Carlos-2048x1365.jpg 2048w, https:\/\/diarioavanzada.com.mx\/wp-content\/uploads\/2025\/06\/Fortalecen-lazos-culturales-UdeC-y-la-fundacion-Almas-Mexicanas_Carlos-1200x800.jpg 1200w\" sizes=\"auto, (max-width: 1024px) 100vw, 1024px\" \/><\/figure>\n\n\n\n<p class=\"wp-block-paragraph\"><\/p>\n<div class=\"fb-background-color\">\n\t\t\t  <div \n\t\t\t  \tclass = \"fb-comments\" \n\t\t\t  \tdata-href = \"https:\/\/diarioavanzada.com.mx\/?p=92217\"\n\t\t\t  \tdata-numposts = \"10\"\n\t\t\t  \tdata-lazy = \"true\"\n\t\t\t\tdata-colorscheme = \"light\"\n\t\t\t\tdata-order-by = \"social\"\n\t\t\t\tdata-mobile=true>\n\t\t\t  <\/div><\/div>\n\t\t  <style>\n\t\t    .fb-background-color {\n\t\t\t\tbackground:  !important;\n\t\t\t}\n\t\t\t.fb_iframe_widget_fluid_desktop iframe {\n\t\t\t    width: 100% !important;\n\t\t\t}\n\t\t  <\/style>\n\t\t  ","protected":false},"excerpt":{"rendered":"<p>Uno de los objetivos actuales de la fundaci\u00f3n es incorporar la ense\u00f1anza de la m\u00fasica y la danza en escuelas primarias y secundarias biling\u00fces (espa\u00f1ol\u2013ingl\u00e9s) del Valle del Ant\u00edlope, en California, Estados Unidos. Colima, M\u00e9xico, Comunicado (30\/06\/2025).- El escenario del Foro Universitario \u201cPablo Silva Garc\u00eda\u201d fue sede de un encuentro binacional que consolid\u00f3 v\u00ednculos culturales [&hellip;]<\/p>\n","protected":false},"author":7,"featured_media":92221,"comment_status":"closed","ping_status":"closed","sticky":false,"template":"","format":"standard","meta":{"_coblocks_attr":"","_coblocks_dimensions":"","_coblocks_responsive_height":"","_coblocks_accordion_ie_support":"","_crdt_document":"","advanced_seo_description":"","jetpack_seo_html_title":"","jetpack_seo_noindex":false,"_jetpack_memberships_contains_paid_content":false,"footnotes":""},"categories":[19,209,7],"tags":[],"class_list":["post-92217","post","type-post","status-publish","format-standard","has-post-thumbnail","hentry","category-colima","category-importantes","category-noticias"],"jetpack_featured_media_url":"https:\/\/diarioavanzada.com.mx\/wp-content\/uploads\/2025\/06\/Fortalecen-lazos-culturales-UdeC-y-la-fundacion-Almas-Mexicanas.jpg","jetpack-related-posts":[],"jetpack_sharing_enabled":true,"amp_enabled":true,"_links":{"self":[{"href":"https:\/\/diarioavanzada.com.mx\/index.php?rest_route=\/wp\/v2\/posts\/92217","targetHints":{"allow":["GET"]}}],"collection":[{"href":"https:\/\/diarioavanzada.com.mx\/index.php?rest_route=\/wp\/v2\/posts"}],"about":[{"href":"https:\/\/diarioavanzada.com.mx\/index.php?rest_route=\/wp\/v2\/types\/post"}],"author":[{"embeddable":true,"href":"https:\/\/diarioavanzada.com.mx\/index.php?rest_route=\/wp\/v2\/users\/7"}],"replies":[{"embeddable":true,"href":"https:\/\/diarioavanzada.com.mx\/index.php?rest_route=%2Fwp%2Fv2%2Fcomments&post=92217"}],"version-history":[{"count":3,"href":"https:\/\/diarioavanzada.com.mx\/index.php?rest_route=\/wp\/v2\/posts\/92217\/revisions"}],"predecessor-version":[{"id":92224,"href":"https:\/\/diarioavanzada.com.mx\/index.php?rest_route=\/wp\/v2\/posts\/92217\/revisions\/92224"}],"wp:featuredmedia":[{"embeddable":true,"href":"https:\/\/diarioavanzada.com.mx\/index.php?rest_route=\/wp\/v2\/media\/92221"}],"wp:attachment":[{"href":"https:\/\/diarioavanzada.com.mx\/index.php?rest_route=%2Fwp%2Fv2%2Fmedia&parent=92217"}],"wp:term":[{"taxonomy":"category","embeddable":true,"href":"https:\/\/diarioavanzada.com.mx\/index.php?rest_route=%2Fwp%2Fv2%2Fcategories&post=92217"},{"taxonomy":"post_tag","embeddable":true,"href":"https:\/\/diarioavanzada.com.mx\/index.php?rest_route=%2Fwp%2Fv2%2Ftags&post=92217"}],"curies":[{"name":"wp","href":"https:\/\/api.w.org\/{rel}","templated":true}]}}