{"id":92173,"date":"2025-06-30T10:44:01","date_gmt":"2025-06-30T16:44:01","guid":{"rendered":"https:\/\/diarioavanzada.com.mx\/?p=92173"},"modified":"2025-06-30T10:46:37","modified_gmt":"2025-06-30T16:46:37","slug":"ninez-robada-dos-ninas-de-11-y-12-anos-se-convirtieron-en-madres-en-tecoman","status":"publish","type":"post","link":"https:\/\/diarioavanzada.com.mx\/?p=92173","title":{"rendered":"Infancia robada: Ni\u00f1as de 11 y 12 a\u00f1os ya son madres"},"content":{"rendered":"\n<p class=\"p1 wp-block-paragraph\">Colima, M\u00e9xico, Avanzada (30\/06\/2025).- Dos ni\u00f1as originarias del municipio de Tecom\u00e1n, Colima, de apenas 11 y 12 a\u00f1os de edad, fueron registradas como madres durante 2024, de acuerdo con datos de la Secretar\u00eda de Salud federal difundidos por la asociaci\u00f3n civil 50m\u00e1s1 Colima.<\/p>\n\n\n\n<p class=\"p1 wp-block-paragraph\">El caso m\u00e1s grave es el de una ni\u00f1a de 12 a\u00f1os embarazada por un hombre de 39, lo que representa una diferencia de 27 a\u00f1os entre ambos. En el otro caso, la ni\u00f1a de 11 a\u00f1os aparece con un padre de 17 a\u00f1os, una brecha de seis a\u00f1os. Ambos embarazos ocurrieron en el mismo municipio, una de las zonas con mayores \u00edndices de embarazo infantil y adolescente en el estado.<\/p>\n\n\n\n<p class=\"p1 wp-block-paragraph\">\u201cLos embarazos infantiles con padres adultos mayores son una realidad que duele\u201d, advirti\u00f3 50m\u00e1s1 Colima en su posicionamiento, al se\u00f1alar que detr\u00e1s de estos embarazos hay historias de violencia, desigualdad y omisiones por parte del Estado mexicano que no se pueden ignorar.<\/p>\n\n\n\n<p class=\"p1 wp-block-paragraph\">La organizaci\u00f3n enfatiz\u00f3 que las cifras no deben verse como simples estad\u00edsticas: \u201cNo son cifras. Son ni\u00f1as. Y las ni\u00f1as no deben ser madres\u201d, puntualiz\u00f3.<\/p>\n\n\n\n<p class=\"p1 wp-block-paragraph\">Desde el \u00e1mbito institucional, en septiembre de 2024, Danira Catalina Torres Torres, titular del Sistema de Protecci\u00f3n Integral de Ni\u00f1as, Ni\u00f1os y Adolescentes (SIPINNA) en Tecom\u00e1n, alert\u00f3 sobre la situaci\u00f3n cr\u00edtica en el municipio, que ocupa el segundo lugar en embarazos infantiles y adolescentes en Colima. Las edades de las j\u00f3venes madres, seg\u00fan dijo, van desde los 10 hasta los 16 a\u00f1os.<\/p>\n\n\n\n<p class=\"p1 wp-block-paragraph\">Ante esta realidad, 50m\u00e1s1 Colima se\u00f1al\u00f3 que participa activamente en el Grupo Estatal para la Prevenci\u00f3n del Embarazo en Adolescentes (GEPEA), con acciones de sensibilizaci\u00f3n, acompa\u00f1amiento comunitario y exigencia de pol\u00edticas p\u00fablicas efectivas para prevenir estos embarazos.<\/p>\n<div class=\"fb-background-color\">\n\t\t\t  <div \n\t\t\t  \tclass = \"fb-comments\" \n\t\t\t  \tdata-href = \"https:\/\/diarioavanzada.com.mx\/?p=92173\"\n\t\t\t  \tdata-numposts = \"10\"\n\t\t\t  \tdata-lazy = \"true\"\n\t\t\t\tdata-colorscheme = \"light\"\n\t\t\t\tdata-order-by = \"social\"\n\t\t\t\tdata-mobile=true>\n\t\t\t  <\/div><\/div>\n\t\t  <style>\n\t\t    .fb-background-color {\n\t\t\t\tbackground:  !important;\n\t\t\t}\n\t\t\t.fb_iframe_widget_fluid_desktop iframe {\n\t\t\t    width: 100% !important;\n\t\t\t}\n\t\t  <\/style>\n\t\t  ","protected":false},"excerpt":{"rendered":"<p>Colima, M\u00e9xico, Avanzada (30\/06\/2025).- Dos ni\u00f1as originarias del municipio de Tecom\u00e1n, Colima, de apenas 11 y 12 a\u00f1os de edad, fueron registradas como madres durante 2024, de acuerdo con datos de la Secretar\u00eda de Salud federal difundidos por la asociaci\u00f3n civil 50m\u00e1s1 Colima. El caso m\u00e1s grave es el de una ni\u00f1a de 12 a\u00f1os [&hellip;]<\/p>\n","protected":false},"author":5,"featured_media":92174,"comment_status":"closed","ping_status":"closed","sticky":false,"template":"","format":"standard","meta":{"_coblocks_attr":"","_coblocks_dimensions":"","_coblocks_responsive_height":"","_coblocks_accordion_ie_support":"","_crdt_document":"","advanced_seo_description":"","jetpack_seo_html_title":"","jetpack_seo_noindex":false,"_jetpack_memberships_contains_paid_content":false,"footnotes":""},"categories":[19,209,7],"tags":[210],"class_list":["post-92173","post","type-post","status-publish","format-standard","has-post-thumbnail","hentry","category-colima","category-importantes","category-noticias","tag-portada"],"jetpack_featured_media_url":"https:\/\/diarioavanzada.com.mx\/wp-content\/uploads\/2025\/06\/bf630bf2-db3d-495c-8e37-5a5f3c2a60d2-1.jpg","jetpack-related-posts":[],"jetpack_sharing_enabled":true,"amp_enabled":true,"_links":{"self":[{"href":"https:\/\/diarioavanzada.com.mx\/index.php?rest_route=\/wp\/v2\/posts\/92173","targetHints":{"allow":["GET"]}}],"collection":[{"href":"https:\/\/diarioavanzada.com.mx\/index.php?rest_route=\/wp\/v2\/posts"}],"about":[{"href":"https:\/\/diarioavanzada.com.mx\/index.php?rest_route=\/wp\/v2\/types\/post"}],"author":[{"embeddable":true,"href":"https:\/\/diarioavanzada.com.mx\/index.php?rest_route=\/wp\/v2\/users\/5"}],"replies":[{"embeddable":true,"href":"https:\/\/diarioavanzada.com.mx\/index.php?rest_route=%2Fwp%2Fv2%2Fcomments&post=92173"}],"version-history":[{"count":3,"href":"https:\/\/diarioavanzada.com.mx\/index.php?rest_route=\/wp\/v2\/posts\/92173\/revisions"}],"predecessor-version":[{"id":92177,"href":"https:\/\/diarioavanzada.com.mx\/index.php?rest_route=\/wp\/v2\/posts\/92173\/revisions\/92177"}],"wp:featuredmedia":[{"embeddable":true,"href":"https:\/\/diarioavanzada.com.mx\/index.php?rest_route=\/wp\/v2\/media\/92174"}],"wp:attachment":[{"href":"https:\/\/diarioavanzada.com.mx\/index.php?rest_route=%2Fwp%2Fv2%2Fmedia&parent=92173"}],"wp:term":[{"taxonomy":"category","embeddable":true,"href":"https:\/\/diarioavanzada.com.mx\/index.php?rest_route=%2Fwp%2Fv2%2Fcategories&post=92173"},{"taxonomy":"post_tag","embeddable":true,"href":"https:\/\/diarioavanzada.com.mx\/index.php?rest_route=%2Fwp%2Fv2%2Ftags&post=92173"}],"curies":[{"name":"wp","href":"https:\/\/api.w.org\/{rel}","templated":true}]}}