{"id":92080,"date":"2025-06-29T19:35:44","date_gmt":"2025-06-30T01:35:44","guid":{"rendered":"https:\/\/diarioavanzada.com.mx\/?p=92080"},"modified":"2025-06-29T19:35:47","modified_gmt":"2025-06-30T01:35:47","slug":"concluyen-dos-generaciones-mas-de-maestria-y-doctorado-en-ciencias-medicas-en-la-udec","status":"publish","type":"post","link":"https:\/\/diarioavanzada.com.mx\/?p=92080","title":{"rendered":"Concluyen dos generaciones m\u00e1s de maestr\u00eda y doctorado en Ciencias M\u00e9dicas, en la UdeC"},"content":{"rendered":"\n<p class=\"wp-block-paragraph\"><em>\u201cNo ha sido un camino f\u00e1cil, lo sabemos, pero s\u00ed uno que nos ha transformado no solamente como investigadores, sino tambi\u00e9n como personas\u201d: Fabi\u00e1n Beal Guzm\u00e1n, egresado.<\/em><\/p>\n\n\n\n<p class=\"wp-block-paragraph\">Colima, M\u00e9xico, Comunicado (29\/06\/2025).- En un acto acad\u00e9mico realizado este fin de semana, egresados y egresadas de la generaci\u00f3n 2023-2025 de la Maestr\u00eda en Ciencias M\u00e9dicas y de la Generaci\u00f3n 2022-2025 del Doctorado en Ciencias M\u00e9dicas de la Facultad de Medicina de la Universidad de Colima (UdeC), recibieron sus certificados de culminaci\u00f3n del posgrado.<\/p>\n\n\n\n<p class=\"wp-block-paragraph\">La ceremonia se realiz\u00f3 en el auditorio de la Facultad de Medicina. En representaci\u00f3n del rector de la UdeC, Christian Torres Ortiz Zerme\u00f1o, dio un mensaje Arianna S\u00e1nchez Espinosa, directora general de Posgrado, quien destac\u00f3 el orgullo de ver otras generaciones m\u00e1s culminar su posgrado: \u201cMaterializan su esfuerzo, su pasi\u00f3n y su decisi\u00f3n de formarse en la investigaci\u00f3n en las ciencias m\u00e9dicas. Culminan sus estudios en la maestr\u00eda y el doctorado, dos programas con reconocimiento en el Sistema Nacional de Posgrados\u201d, dijo.<\/p>\n\n\n\n<p class=\"wp-block-paragraph\">Tambi\u00e9n les dijo que son ejemplo de excelencia y compromiso con la agenda cient\u00edfica nacional de la UdeC. \u201cEste logro tiene un valor m\u00e1s profundo porque se ha construido en una universidad p\u00fablica, un espacio que con gran esfuerzo colectivo abre sus puertas a todas y a todos, y representa una apuesta por el conocimiento, la justicia social y el bien com\u00fan\u201d, enfatiz\u00f3.<\/p>\n\n\n\n<p class=\"wp-block-paragraph\">Se\u00f1al\u00f3 que la investigaci\u00f3n es un camino que exige disciplina, curiosidad y humildad para reconocer lo que no se sabe y valent\u00eda para buscar respuestas. \u201cEs tambi\u00e9n la herramienta m\u00e1s poderosa para enfrentar los desaf\u00edos que amenazan nuestra salud, convivencia y futuro como humanidad\u201d, a\u00f1adi\u00f3.<\/p>\n\n\n\n<p class=\"wp-block-paragraph\">\u201cHoy, cuando vemos con preocupaci\u00f3n las desigualdades en salud, el acceso inequitativo a servicios m\u00e9dicos y los efectos de crisis ambientales o sociales que impactan directamente la calidad de vida de millones de personas, se hace evidente que necesitamos cient\u00edficas y cient\u00edficos con una s\u00f3lida formaci\u00f3n, pero tambi\u00e9n con un profundo sentido bio\u00e9tico y humano, personas como ustedes, dispuestas a contribuir con su conocimiento para servir\u201d, coment\u00f3.<\/p>\n\n\n\n<p class=\"wp-block-paragraph\">Por \u00faltimo, les dijo que con estos estudios han fortalecido no s\u00f3lo su capacidad t\u00e9cnica sino su compromiso con la sociedad. \u201cEn la Universidad nos sentimos profundamente orgullosas y orgullosos de que lleven consigo el sello de programas reconocidos nacional e internacionalmente, que son el resultado de d\u00e9cadas de trabajo colectivo de acad\u00e9micas y acad\u00e9micos que, con pasi\u00f3n y rigor, sostienen la calidad de nuestros posgrados\u201d.<\/p>\n\n\n\n<p class=\"wp-block-paragraph\">Por su parte Emilio Prieto D\u00edaz Ch\u00e1vez, director de la Facultad de Medicina, se\u00f1al\u00f3 que el posgrado en Ciencias M\u00e9dicas representa un pelda\u00f1o m\u00e1s para su formaci\u00f3n profesional y \u201cun compromiso profundo con la investigaci\u00f3n rigurosa, con la \u00e9tica cient\u00edfica, con la actualizaci\u00f3n permanente y con la responsabilidad social de aportar soluciones reales a los desaf\u00edos en salud\u201d.<\/p>\n\n\n\n<p class=\"wp-block-paragraph\">Resalt\u00f3 que el objetivo que gu\u00eda este programa es ambicioso y claro: \u201cformar posgraduados que impulsen la investigaci\u00f3n cl\u00ednica, epidemiol\u00f3gica y biom\u00e9dica con proyectos que no s\u00f3lo generen nuevos conocimientos, sino que enriquezcan la pr\u00e1ctica m\u00e9dica y eleven la calidad de la docencia\u201d.<\/p>\n\n\n\n<p class=\"wp-block-paragraph\">Hoy egresan, destac\u00f3, 18 estudiantes del posgrado. \u201cSon profesionales con amplios conocimientos te\u00f3ricos y metodol\u00f3gicos capaces de dise\u00f1ar, desarrollar y evaluar proyectos originales, de plantear alternativas a los enfoques tradicionales y de difundir conocimiento a trav\u00e9s de publicaciones cient\u00edficas\u201d.<\/p>\n\n\n\n<p class=\"wp-block-paragraph\">A\u00f1adi\u00f3 que ahora saben gestionar fondos de investigaci\u00f3n, formar nuevos recursos humanos y, sobre todo, respetar los principios de la bio\u00e9tica y la bioseguridad, actuando con responsabilidad y rigor en cada fase del proceso investigativo.<\/p>\n\n\n\n<p class=\"wp-block-paragraph\">\u201cEl impacto de este programa tambi\u00e9n se mide por la solidez de sus l\u00edneas de investigaci\u00f3n, enfocadas en problemas prioritarios de salud, enfermedades cr\u00f3nico-degenerativas, en gen\u00e9tica m\u00e9dica y medicina molecular, epidemiolog\u00eda cl\u00ednica y molecular, enfermedades cr\u00f3nicas y transmisibles y, por supuesto, las neurociencias, un campo donde se entrelazan la biolog\u00eda, la conducta y la tecnolog\u00eda\u201d, asegur\u00f3.<\/p>\n\n\n\n<p class=\"wp-block-paragraph\">Cada l\u00ednea de investigaci\u00f3n -coment\u00f3- refleja el compromiso de la facultad con la investigaci\u00f3n aplicada, con la generaci\u00f3n de evidencia s\u00f3lida y con una innovaci\u00f3n responsable: \u201cNo solo han adquirido un t\u00edtulo, han desarrollado una forma de pensar, de cuestionar y de investigar con profundo sentido cr\u00edtico y de responsabilidad. Han aprendido a trabajar en equipo, a construir conocimiento de manera colegiada y a hacerlo con integridad, respetando la vida, los principios \u00e9ticos y el bien com\u00fan\u201d, a\u00f1adi\u00f3.<\/p>\n\n\n\n<p class=\"wp-block-paragraph\">Al tomar la palabra, la Dra. X\u00f3chitl Trujillo, coordinadora general de Investigaci\u00f3n, hizo un recuento de la historia de la maestr\u00eda y del doctorado. Dijo que hace 32 a\u00f1os se inici\u00f3 con la maestr\u00eda y hace 30 con el doctorado, y record\u00f3 que las primeras generaciones de estos posgrados no tuvieron beca. \u201cAhora, las generaciones cuentan con becas de la Secretar\u00eda de Ciencia, Tecnolog\u00eda e Innovaci\u00f3n para cursar el posgrado\u201d.<\/p>\n\n\n\n<p class=\"wp-block-paragraph\">A quienes egresan, les pidi\u00f3 \u201ccontribuir al desarrollo de Colima, al desarrollo de nuestro pa\u00eds y por supuesto al desarrollo del mundo\u201d.<\/p>\n\n\n\n<p class=\"wp-block-paragraph\">Por \u00faltimo, en nombre de los graduados habl\u00f3 Fabi\u00e1n Beal Guzm\u00e1n, egresado del Doctorado en Ciencias M\u00e9dicas, quien manifest\u00f3 que fueron a\u00f1os intensos, llenos retos, metas, objetivos cumplidos, dudas, conocimientos y aprendizajes. \u201cNo ha sido un camino f\u00e1cil, lo sabemos, pero s\u00ed uno que nos ha transformado no solamente como investigadores, sino tambi\u00e9n como personas\u201d.<\/p>\n\n\n\n<figure class=\"wp-block-image size-large\"><img loading=\"lazy\" decoding=\"async\" width=\"1024\" height=\"683\" src=\"https:\/\/diarioavanzada.com.mx\/wp-content\/uploads\/2025\/06\/Graduacion-de-maestria-y-doctorado-en-ciencias-medicas-1024x683.jpg\" alt=\"\" class=\"wp-image-92082\" srcset=\"https:\/\/diarioavanzada.com.mx\/wp-content\/uploads\/2025\/06\/Graduacion-de-maestria-y-doctorado-en-ciencias-medicas-1024x683.jpg 1024w, https:\/\/diarioavanzada.com.mx\/wp-content\/uploads\/2025\/06\/Graduacion-de-maestria-y-doctorado-en-ciencias-medicas-300x200.jpg 300w, https:\/\/diarioavanzada.com.mx\/wp-content\/uploads\/2025\/06\/Graduacion-de-maestria-y-doctorado-en-ciencias-medicas-768x512.jpg 768w, https:\/\/diarioavanzada.com.mx\/wp-content\/uploads\/2025\/06\/Graduacion-de-maestria-y-doctorado-en-ciencias-medicas-1200x800.jpg 1200w, https:\/\/diarioavanzada.com.mx\/wp-content\/uploads\/2025\/06\/Graduacion-de-maestria-y-doctorado-en-ciencias-medicas.jpg 1224w\" sizes=\"auto, (max-width: 1024px) 100vw, 1024px\" \/><\/figure>\n\n\n\n<figure class=\"wp-block-image size-large\"><img loading=\"lazy\" decoding=\"async\" width=\"1024\" height=\"683\" src=\"https:\/\/diarioavanzada.com.mx\/wp-content\/uploads\/2025\/06\/Graduacion-de-maestria-y-doctorado-en-ciencias-medicas_c-1024x683.jpg\" alt=\"\" class=\"wp-image-92085\" srcset=\"https:\/\/diarioavanzada.com.mx\/wp-content\/uploads\/2025\/06\/Graduacion-de-maestria-y-doctorado-en-ciencias-medicas_c-1024x683.jpg 1024w, https:\/\/diarioavanzada.com.mx\/wp-content\/uploads\/2025\/06\/Graduacion-de-maestria-y-doctorado-en-ciencias-medicas_c-300x200.jpg 300w, https:\/\/diarioavanzada.com.mx\/wp-content\/uploads\/2025\/06\/Graduacion-de-maestria-y-doctorado-en-ciencias-medicas_c-768x512.jpg 768w, https:\/\/diarioavanzada.com.mx\/wp-content\/uploads\/2025\/06\/Graduacion-de-maestria-y-doctorado-en-ciencias-medicas_c-1200x800.jpg 1200w, https:\/\/diarioavanzada.com.mx\/wp-content\/uploads\/2025\/06\/Graduacion-de-maestria-y-doctorado-en-ciencias-medicas_c.jpg 1224w\" sizes=\"auto, (max-width: 1024px) 100vw, 1024px\" \/><\/figure>\n\n\n\n<figure class=\"wp-block-image size-large\"><img loading=\"lazy\" decoding=\"async\" width=\"1024\" height=\"683\" src=\"https:\/\/diarioavanzada.com.mx\/wp-content\/uploads\/2025\/06\/Graduacion-de-maestria-y-doctorado-en-ciencias-medicas_b-1024x683.jpg\" alt=\"\" class=\"wp-image-92086\" srcset=\"https:\/\/diarioavanzada.com.mx\/wp-content\/uploads\/2025\/06\/Graduacion-de-maestria-y-doctorado-en-ciencias-medicas_b-1024x683.jpg 1024w, https:\/\/diarioavanzada.com.mx\/wp-content\/uploads\/2025\/06\/Graduacion-de-maestria-y-doctorado-en-ciencias-medicas_b-300x200.jpg 300w, https:\/\/diarioavanzada.com.mx\/wp-content\/uploads\/2025\/06\/Graduacion-de-maestria-y-doctorado-en-ciencias-medicas_b-768x512.jpg 768w, https:\/\/diarioavanzada.com.mx\/wp-content\/uploads\/2025\/06\/Graduacion-de-maestria-y-doctorado-en-ciencias-medicas_b-1200x800.jpg 1200w, https:\/\/diarioavanzada.com.mx\/wp-content\/uploads\/2025\/06\/Graduacion-de-maestria-y-doctorado-en-ciencias-medicas_b.jpg 1224w\" sizes=\"auto, (max-width: 1024px) 100vw, 1024px\" \/><\/figure>\n\n\n\n<figure class=\"wp-block-image size-large\"><img loading=\"lazy\" decoding=\"async\" width=\"1024\" height=\"683\" src=\"https:\/\/diarioavanzada.com.mx\/wp-content\/uploads\/2025\/06\/Graduacion-de-maestria-y-doctorado-en-ciencias-medicas_Arianna-1024x683.jpg\" alt=\"\" class=\"wp-image-92087\" srcset=\"https:\/\/diarioavanzada.com.mx\/wp-content\/uploads\/2025\/06\/Graduacion-de-maestria-y-doctorado-en-ciencias-medicas_Arianna-1024x683.jpg 1024w, https:\/\/diarioavanzada.com.mx\/wp-content\/uploads\/2025\/06\/Graduacion-de-maestria-y-doctorado-en-ciencias-medicas_Arianna-300x200.jpg 300w, https:\/\/diarioavanzada.com.mx\/wp-content\/uploads\/2025\/06\/Graduacion-de-maestria-y-doctorado-en-ciencias-medicas_Arianna-768x512.jpg 768w, https:\/\/diarioavanzada.com.mx\/wp-content\/uploads\/2025\/06\/Graduacion-de-maestria-y-doctorado-en-ciencias-medicas_Arianna-1200x800.jpg 1200w, https:\/\/diarioavanzada.com.mx\/wp-content\/uploads\/2025\/06\/Graduacion-de-maestria-y-doctorado-en-ciencias-medicas_Arianna.jpg 1224w\" sizes=\"auto, (max-width: 1024px) 100vw, 1024px\" \/><\/figure>\n\n\n\n<figure class=\"wp-block-image size-large\"><img loading=\"lazy\" decoding=\"async\" width=\"1024\" height=\"683\" src=\"https:\/\/diarioavanzada.com.mx\/wp-content\/uploads\/2025\/06\/Graduacion-de-maestria-y-doctorado-en-ciencias-medicas_d-1024x683.jpg\" alt=\"\" class=\"wp-image-92089\" srcset=\"https:\/\/diarioavanzada.com.mx\/wp-content\/uploads\/2025\/06\/Graduacion-de-maestria-y-doctorado-en-ciencias-medicas_d-1024x683.jpg 1024w, https:\/\/diarioavanzada.com.mx\/wp-content\/uploads\/2025\/06\/Graduacion-de-maestria-y-doctorado-en-ciencias-medicas_d-300x200.jpg 300w, https:\/\/diarioavanzada.com.mx\/wp-content\/uploads\/2025\/06\/Graduacion-de-maestria-y-doctorado-en-ciencias-medicas_d-768x512.jpg 768w, https:\/\/diarioavanzada.com.mx\/wp-content\/uploads\/2025\/06\/Graduacion-de-maestria-y-doctorado-en-ciencias-medicas_d-1200x800.jpg 1200w, https:\/\/diarioavanzada.com.mx\/wp-content\/uploads\/2025\/06\/Graduacion-de-maestria-y-doctorado-en-ciencias-medicas_d.jpg 1224w\" sizes=\"auto, (max-width: 1024px) 100vw, 1024px\" \/><\/figure>\n\n\n\n<p class=\"wp-block-paragraph\"><\/p>\n<div class=\"fb-background-color\">\n\t\t\t  <div \n\t\t\t  \tclass = \"fb-comments\" \n\t\t\t  \tdata-href = \"https:\/\/diarioavanzada.com.mx\/?p=92080\"\n\t\t\t  \tdata-numposts = \"10\"\n\t\t\t  \tdata-lazy = \"true\"\n\t\t\t\tdata-colorscheme = \"light\"\n\t\t\t\tdata-order-by = \"social\"\n\t\t\t\tdata-mobile=true>\n\t\t\t  <\/div><\/div>\n\t\t  <style>\n\t\t    .fb-background-color {\n\t\t\t\tbackground:  !important;\n\t\t\t}\n\t\t\t.fb_iframe_widget_fluid_desktop iframe {\n\t\t\t    width: 100% !important;\n\t\t\t}\n\t\t  <\/style>\n\t\t  ","protected":false},"excerpt":{"rendered":"<p>\u201cNo ha sido un camino f\u00e1cil, lo sabemos, pero s\u00ed uno que nos ha transformado no solamente como investigadores, sino tambi\u00e9n como personas\u201d: Fabi\u00e1n Beal Guzm\u00e1n, egresado. Colima, M\u00e9xico, Comunicado (29\/06\/2025).- En un acto acad\u00e9mico realizado este fin de semana, egresados y egresadas de la generaci\u00f3n 2023-2025 de la Maestr\u00eda en Ciencias M\u00e9dicas y de [&hellip;]<\/p>\n","protected":false},"author":7,"featured_media":92083,"comment_status":"closed","ping_status":"closed","sticky":false,"template":"","format":"standard","meta":{"_coblocks_attr":"","_coblocks_dimensions":"","_coblocks_responsive_height":"","_coblocks_accordion_ie_support":"","_crdt_document":"","advanced_seo_description":"","jetpack_seo_html_title":"","jetpack_seo_noindex":false,"_jetpack_memberships_contains_paid_content":false,"footnotes":""},"categories":[19,209,7],"tags":[],"class_list":["post-92080","post","type-post","status-publish","format-standard","has-post-thumbnail","hentry","category-colima","category-importantes","category-noticias"],"jetpack_featured_media_url":"https:\/\/diarioavanzada.com.mx\/wp-content\/uploads\/2025\/06\/Graduacion-de-maestria-y-doctorado-en-ciencias-medicas_a.jpg","jetpack-related-posts":[],"jetpack_sharing_enabled":true,"amp_enabled":true,"_links":{"self":[{"href":"https:\/\/diarioavanzada.com.mx\/index.php?rest_route=\/wp\/v2\/posts\/92080","targetHints":{"allow":["GET"]}}],"collection":[{"href":"https:\/\/diarioavanzada.com.mx\/index.php?rest_route=\/wp\/v2\/posts"}],"about":[{"href":"https:\/\/diarioavanzada.com.mx\/index.php?rest_route=\/wp\/v2\/types\/post"}],"author":[{"embeddable":true,"href":"https:\/\/diarioavanzada.com.mx\/index.php?rest_route=\/wp\/v2\/users\/7"}],"replies":[{"embeddable":true,"href":"https:\/\/diarioavanzada.com.mx\/index.php?rest_route=%2Fwp%2Fv2%2Fcomments&post=92080"}],"version-history":[{"count":6,"href":"https:\/\/diarioavanzada.com.mx\/index.php?rest_route=\/wp\/v2\/posts\/92080\/revisions"}],"predecessor-version":[{"id":92092,"href":"https:\/\/diarioavanzada.com.mx\/index.php?rest_route=\/wp\/v2\/posts\/92080\/revisions\/92092"}],"wp:featuredmedia":[{"embeddable":true,"href":"https:\/\/diarioavanzada.com.mx\/index.php?rest_route=\/wp\/v2\/media\/92083"}],"wp:attachment":[{"href":"https:\/\/diarioavanzada.com.mx\/index.php?rest_route=%2Fwp%2Fv2%2Fmedia&parent=92080"}],"wp:term":[{"taxonomy":"category","embeddable":true,"href":"https:\/\/diarioavanzada.com.mx\/index.php?rest_route=%2Fwp%2Fv2%2Fcategories&post=92080"},{"taxonomy":"post_tag","embeddable":true,"href":"https:\/\/diarioavanzada.com.mx\/index.php?rest_route=%2Fwp%2Fv2%2Ftags&post=92080"}],"curies":[{"name":"wp","href":"https:\/\/api.w.org\/{rel}","templated":true}]}}