{"id":91964,"date":"2025-06-28T14:16:02","date_gmt":"2025-06-28T20:16:02","guid":{"rendered":"https:\/\/diarioavanzada.com.mx\/?p=91964"},"modified":"2025-06-28T14:16:02","modified_gmt":"2025-06-28T20:16:02","slug":"marina-asegura-3-5-toneladas-de-cocaina-en-costas-de-guerrero","status":"publish","type":"post","link":"https:\/\/diarioavanzada.com.mx\/?p=91964","title":{"rendered":"Marina asegura 3.5 toneladas de coca\u00edna en costas de Guerrero"},"content":{"rendered":"\n<p class=\"p1 wp-block-paragraph\">Guerrero, M\u00e9xico, Avanzada (28\/06\/2025).- En una operaci\u00f3n conjunta encabezada por la Secretar\u00eda de Marina (Semar) a trav\u00e9s de la Armada de M\u00e9xico en funciones de Guardia Costera, y con el apoyo de la Fiscal\u00eda General de la Rep\u00fablica (FGR), la Secretar\u00eda de la Defensa Nacional (Defensa), la Guardia Nacional (GN) y la Secretar\u00eda de Seguridad y Protecci\u00f3n Ciudadana (SSPC), fueron asegurados 180 bultos de polvo blanco con caracter\u00edsticas similares a la coca\u00edna, con un peso aproximado de 3.5 toneladas, en costas del estado de Guerrero.<\/p>\n\n\n\n<p class=\"p1 wp-block-paragraph\">El aseguramiento se realiz\u00f3 durante patrullajes de vigilancia mar\u00edtima que buscan impedir el traslado de sustancias il\u00edcitas y evitar que lleguen a manos de j\u00f3venes. Unidades de superficie de la Armada de M\u00e9xico localizaron y aseguraron una embarcaci\u00f3n tipo semisumergible o de bajo perfil, con tres tripulantes a bordo y los 180 bultos de la presunta droga.<\/p>\n\n\n\n<p class=\"p1 wp-block-paragraph\">La embarcaci\u00f3n, la carga il\u00edcita y los tripulantes detenidos fueron puestos a disposici\u00f3n del Ministerio P\u00fablico de la FGR, quien determinar\u00e1 su situaci\u00f3n jur\u00eddica e integrar\u00e1 las carpetas de investigaci\u00f3n correspondientes.<\/p>\n\n\n\n<p class=\"p1 wp-block-paragraph\">De acuerdo con la Semar, con este decomiso se alcanzan m\u00e1s de 44.8 toneladas de aparente coca\u00edna asegurada en altamar durante la presente administraci\u00f3n federal, lo que representa una afectaci\u00f3n econ\u00f3mica estimada en 846.5 millones de pesos al crimen organizado.<\/p>\n\n\n\n<p class=\"p1 wp-block-paragraph\">Estas acciones forman parte de los operativos permanentes de vigilancia mar\u00edtima, a\u00e9rea y terrestre de la Armada de M\u00e9xico para inhibir las actividades delictivas y mantener el Estado de Derecho en las Zonas Marinas Mexicanas.<\/p>\n\n\n\n<figure class=\"wp-block-image\"><img loading=\"lazy\" decoding=\"async\" width=\"300\" height=\"181\" src=\"https:\/\/diarioavanzada.com.mx\/wp-content\/uploads\/2025\/06\/0a205f40-8eed-4c37-bebc-6ac094e07cf5-16293-00000ac95cb1292c_file-300x181.jpg\" alt=\"\" class=\"wp-image-91962\" srcset=\"https:\/\/diarioavanzada.com.mx\/wp-content\/uploads\/2025\/06\/0a205f40-8eed-4c37-bebc-6ac094e07cf5-16293-00000ac95cb1292c_file-300x181.jpg 300w, https:\/\/diarioavanzada.com.mx\/wp-content\/uploads\/2025\/06\/0a205f40-8eed-4c37-bebc-6ac094e07cf5-16293-00000ac95cb1292c_file-768x463.jpg 768w, https:\/\/diarioavanzada.com.mx\/wp-content\/uploads\/2025\/06\/0a205f40-8eed-4c37-bebc-6ac094e07cf5-16293-00000ac95cb1292c_file-590x354.jpg?crop=1 590w, https:\/\/diarioavanzada.com.mx\/wp-content\/uploads\/2025\/06\/0a205f40-8eed-4c37-bebc-6ac094e07cf5-16293-00000ac95cb1292c_file-400x240.jpg?crop=1 400w, https:\/\/diarioavanzada.com.mx\/wp-content\/uploads\/2025\/06\/0a205f40-8eed-4c37-bebc-6ac094e07cf5-16293-00000ac95cb1292c_file.jpg 900w\" sizes=\"auto, (max-width: 300px) 100vw, 300px\" \/><\/figure>\n\n\n\n<figure class=\"wp-block-image\"><img loading=\"lazy\" decoding=\"async\" width=\"300\" height=\"205\" src=\"https:\/\/diarioavanzada.com.mx\/wp-content\/uploads\/2025\/06\/9d5ca2da-5461-46c2-a66e-1d6a8f0018a0-16293-00000ac95cb9dc1b_file-300x205.jpg\" alt=\"\" class=\"wp-image-91961\" srcset=\"https:\/\/diarioavanzada.com.mx\/wp-content\/uploads\/2025\/06\/9d5ca2da-5461-46c2-a66e-1d6a8f0018a0-16293-00000ac95cb9dc1b_file-300x205.jpg 300w, https:\/\/diarioavanzada.com.mx\/wp-content\/uploads\/2025\/06\/9d5ca2da-5461-46c2-a66e-1d6a8f0018a0-16293-00000ac95cb9dc1b_file.jpg 680w\" sizes=\"auto, (max-width: 300px) 100vw, 300px\" \/><\/figure>\n\n\n\n<p class=\"p1 wp-block-paragraph\"><\/p>\n<div class=\"fb-background-color\">\n\t\t\t  <div \n\t\t\t  \tclass = \"fb-comments\" \n\t\t\t  \tdata-href = \"https:\/\/diarioavanzada.com.mx\/?p=91964\"\n\t\t\t  \tdata-numposts = \"10\"\n\t\t\t  \tdata-lazy = \"true\"\n\t\t\t\tdata-colorscheme = \"light\"\n\t\t\t\tdata-order-by = \"social\"\n\t\t\t\tdata-mobile=true>\n\t\t\t  <\/div><\/div>\n\t\t  <style>\n\t\t    .fb-background-color {\n\t\t\t\tbackground:  !important;\n\t\t\t}\n\t\t\t.fb_iframe_widget_fluid_desktop iframe {\n\t\t\t    width: 100% !important;\n\t\t\t}\n\t\t  <\/style>\n\t\t  ","protected":false},"excerpt":{"rendered":"<p>Guerrero, M\u00e9xico, Avanzada (28\/06\/2025).- En una operaci\u00f3n conjunta encabezada por la Secretar\u00eda de Marina (Semar) a trav\u00e9s de la Armada de M\u00e9xico en funciones de Guardia Costera, y con el apoyo de la Fiscal\u00eda General de la Rep\u00fablica (FGR), la Secretar\u00eda de la Defensa Nacional (Defensa), la Guardia Nacional (GN) y la Secretar\u00eda de Seguridad [&hellip;]<\/p>\n","protected":false},"author":7,"featured_media":91963,"comment_status":"closed","ping_status":"closed","sticky":false,"template":"","format":"standard","meta":{"_coblocks_attr":"","_coblocks_dimensions":"","_coblocks_responsive_height":"","_coblocks_accordion_ie_support":"","_crdt_document":"","advanced_seo_description":"","jetpack_seo_html_title":"","jetpack_seo_noindex":false,"_jetpack_memberships_contains_paid_content":false,"footnotes":""},"categories":[209,22,231],"tags":[210],"class_list":["post-91964","post","type-post","status-publish","format-standard","has-post-thumbnail","hentry","category-importantes","category-nacion","category-seguridad","tag-portada"],"jetpack_featured_media_url":"https:\/\/diarioavanzada.com.mx\/wp-content\/uploads\/2025\/06\/img_5610-1.jpg","jetpack-related-posts":[],"jetpack_sharing_enabled":true,"amp_enabled":true,"_links":{"self":[{"href":"https:\/\/diarioavanzada.com.mx\/index.php?rest_route=\/wp\/v2\/posts\/91964","targetHints":{"allow":["GET"]}}],"collection":[{"href":"https:\/\/diarioavanzada.com.mx\/index.php?rest_route=\/wp\/v2\/posts"}],"about":[{"href":"https:\/\/diarioavanzada.com.mx\/index.php?rest_route=\/wp\/v2\/types\/post"}],"author":[{"embeddable":true,"href":"https:\/\/diarioavanzada.com.mx\/index.php?rest_route=\/wp\/v2\/users\/7"}],"replies":[{"embeddable":true,"href":"https:\/\/diarioavanzada.com.mx\/index.php?rest_route=%2Fwp%2Fv2%2Fcomments&post=91964"}],"version-history":[{"count":0,"href":"https:\/\/diarioavanzada.com.mx\/index.php?rest_route=\/wp\/v2\/posts\/91964\/revisions"}],"wp:featuredmedia":[{"embeddable":true,"href":"https:\/\/diarioavanzada.com.mx\/index.php?rest_route=\/wp\/v2\/media\/91963"}],"wp:attachment":[{"href":"https:\/\/diarioavanzada.com.mx\/index.php?rest_route=%2Fwp%2Fv2%2Fmedia&parent=91964"}],"wp:term":[{"taxonomy":"category","embeddable":true,"href":"https:\/\/diarioavanzada.com.mx\/index.php?rest_route=%2Fwp%2Fv2%2Fcategories&post=91964"},{"taxonomy":"post_tag","embeddable":true,"href":"https:\/\/diarioavanzada.com.mx\/index.php?rest_route=%2Fwp%2Fv2%2Ftags&post=91964"}],"curies":[{"name":"wp","href":"https:\/\/api.w.org\/{rel}","templated":true}]}}