{"id":91960,"date":"2025-06-28T13:05:26","date_gmt":"2025-06-28T19:05:26","guid":{"rendered":"https:\/\/diarioavanzada.com.mx\/?p=91960"},"modified":"2025-06-28T13:05:26","modified_gmt":"2025-06-28T19:05:26","slug":"continuara-crecimiento-y-desarrollo-sostenible-de-vdea-tey-gutierrez","status":"publish","type":"post","link":"https:\/\/diarioavanzada.com.mx\/?p=91960","title":{"rendered":"Continuar\u00e1 crecimiento y desarrollo sostenible de VdeA: Tey Guti\u00e9rrez"},"content":{"rendered":"\n<p class=\"wp-block-paragraph\"><em>Con magno evento conmemoran el 34 aniversario de ser elevada a la categor\u00eda de Ciudad, la cabecera municipal de Villa de \u00c1lvarez<\/em><\/p>\n\n\n\n<p class=\"wp-block-paragraph\">Villa de \u00c1lvarez, Colima, Comunicado (28\/06\/2025).- En la magna conmemoraci\u00f3n del 34 aniversario de la elevaci\u00f3n de la cabecera municipal de Villa de \u00c1lvarez a la categor\u00eda de Ciudad, la Presidenta Tey Guti\u00e9rrez Andrade reiter\u00f3 el compromiso de su administraci\u00f3n: trabajar para que Villa de \u00c1lvarez siga creciendo y lo haga con un desarrollo sostenible.<\/p>\n\n\n\n<p class=\"wp-block-paragraph\">&#8220;Trabajamos hoy para afrontar los nuevos desaf\u00edos y generar oportunidades en un contexto complejo y en un momento hist\u00f3rico que requiere de espacios donde las y los ciudadanos puedan convivir y sentirse parte de una sociedad digna&#8221;, dijo la Alcaldesa en Sesi\u00f3n Solemne del Cabildo celebrada en el Sal\u00f3n Presidentes de la Casa de la Cultura.<\/p>\n\n\n\n<p class=\"wp-block-paragraph\">Ante expresidentes y expresidentas municipales, l\u00edderes religiosos, de c\u00e1maras empresariales, artistas, artesanos, diputadas, diputados y poblaci\u00f3n en general, Tey Guti\u00e9rrez reconoci\u00f3 que son muchos los retos que tiene la hoy Ciudad de Villa de \u00c1lvarez, que por fortuna cuenta con una extraordinaria generaci\u00f3n de j\u00f3venes dispuestos a engrandecer, con sus propias ideas, al municipio.<\/p>\n\n\n\n<p class=\"wp-block-paragraph\">Acompa\u00f1ada por el General Andr\u00e9s Valencia Valencia, Comandante de la 20\u00aa Zona Militar, y por el General Jose de Jes\u00fas de Lara Ceballos, Coordinador Estatal de la Guardia Nacional, la Presidenta Municipal dijo que Villa de \u00c1lvarez tiene decisiones importantes por delante y advirti\u00f3 que no se abandonar\u00e1 el rumbo, &#8220;seguiremos apostando por una Ciudad de grandes realizaciones y reconociendo el valor de su diversidad en el gran proyecto democr\u00e1tico que nos une a todos&#8221;.<\/p>\n\n\n\n<p class=\"wp-block-paragraph\">El historiador y cronista municipal, Petronilo V\u00e1zquez, record\u00f3 que al inicio de la d\u00e9cada de los 90, el entonces Presidente Municipal, Jer\u00f3nimo Polanco, le pidi\u00f3 al Gobernador El\u00edas Zamora Verduzco gestionar para que la cabecera municipal de Villa de \u00c1lvarez fuera elevada a la categor\u00eda de Ciudad, pues se cumpl\u00edan con todos los requisitos para lograrlo.<\/p>\n\n\n\n<p class=\"wp-block-paragraph\">Finalmente, Ramona Carvajal C\u00e1rdenas, diputada local en la Legislatura 1998-1991, ley\u00f3 el Decreto 146 del Congreso del Estado, que elev\u00f3 a la categor\u00eda de Ciudad a la cabecera municipal de Villa de \u00c1lvarez, la cual desde entonces se llama oficialmente Ciudad de Villa de \u00c1lvarez.<\/p>\n\n\n\n<figure class=\"wp-block-image\"><img loading=\"lazy\" decoding=\"async\" width=\"1024\" height=\"674\" src=\"https:\/\/diarioavanzada.com.mx\/wp-content\/uploads\/2025\/06\/b848d20c-9c14-4143-a7ad-12d739a9953f-15398-00000ab57cb4d914_file-1024x674.jpg\" alt=\"\" class=\"wp-image-91953\" srcset=\"https:\/\/diarioavanzada.com.mx\/wp-content\/uploads\/2025\/06\/b848d20c-9c14-4143-a7ad-12d739a9953f-15398-00000ab57cb4d914_file-1024x674.jpg 1024w, https:\/\/diarioavanzada.com.mx\/wp-content\/uploads\/2025\/06\/b848d20c-9c14-4143-a7ad-12d739a9953f-15398-00000ab57cb4d914_file-300x198.jpg 300w, https:\/\/diarioavanzada.com.mx\/wp-content\/uploads\/2025\/06\/b848d20c-9c14-4143-a7ad-12d739a9953f-15398-00000ab57cb4d914_file-768x506.jpg 768w, https:\/\/diarioavanzada.com.mx\/wp-content\/uploads\/2025\/06\/b848d20c-9c14-4143-a7ad-12d739a9953f-15398-00000ab57cb4d914_file.jpg 1481w\" sizes=\"auto, (max-width: 1024px) 100vw, 1024px\" \/><\/figure>\n\n\n\n<figure class=\"wp-block-image\"><img loading=\"lazy\" decoding=\"async\" width=\"1024\" height=\"684\" src=\"https:\/\/diarioavanzada.com.mx\/wp-content\/uploads\/2025\/06\/67ef3e5e-9962-4531-a5f7-4149012cc720-15398-00000ab57cc1a471_file-1024x684.jpg\" alt=\"\" class=\"wp-image-91958\" srcset=\"https:\/\/diarioavanzada.com.mx\/wp-content\/uploads\/2025\/06\/67ef3e5e-9962-4531-a5f7-4149012cc720-15398-00000ab57cc1a471_file-1024x684.jpg 1024w, https:\/\/diarioavanzada.com.mx\/wp-content\/uploads\/2025\/06\/67ef3e5e-9962-4531-a5f7-4149012cc720-15398-00000ab57cc1a471_file-300x200.jpg 300w, https:\/\/diarioavanzada.com.mx\/wp-content\/uploads\/2025\/06\/67ef3e5e-9962-4531-a5f7-4149012cc720-15398-00000ab57cc1a471_file-768x513.jpg 768w, https:\/\/diarioavanzada.com.mx\/wp-content\/uploads\/2025\/06\/67ef3e5e-9962-4531-a5f7-4149012cc720-15398-00000ab57cc1a471_file-1536x1026.jpg 1536w, https:\/\/diarioavanzada.com.mx\/wp-content\/uploads\/2025\/06\/67ef3e5e-9962-4531-a5f7-4149012cc720-15398-00000ab57cc1a471_file.jpg 1600w\" sizes=\"auto, (max-width: 1024px) 100vw, 1024px\" \/><\/figure>\n\n\n\n<figure class=\"wp-block-image\"><img loading=\"lazy\" decoding=\"async\" width=\"1024\" height=\"684\" src=\"https:\/\/diarioavanzada.com.mx\/wp-content\/uploads\/2025\/06\/5ff6bfc3-47b6-466f-bfbd-60ebff8e07c3-15398-00000ab57cce9151_file-1024x684.jpg\" alt=\"\" class=\"wp-image-91956\" srcset=\"https:\/\/diarioavanzada.com.mx\/wp-content\/uploads\/2025\/06\/5ff6bfc3-47b6-466f-bfbd-60ebff8e07c3-15398-00000ab57cce9151_file-1024x684.jpg 1024w, https:\/\/diarioavanzada.com.mx\/wp-content\/uploads\/2025\/06\/5ff6bfc3-47b6-466f-bfbd-60ebff8e07c3-15398-00000ab57cce9151_file-300x200.jpg 300w, https:\/\/diarioavanzada.com.mx\/wp-content\/uploads\/2025\/06\/5ff6bfc3-47b6-466f-bfbd-60ebff8e07c3-15398-00000ab57cce9151_file-768x513.jpg 768w, https:\/\/diarioavanzada.com.mx\/wp-content\/uploads\/2025\/06\/5ff6bfc3-47b6-466f-bfbd-60ebff8e07c3-15398-00000ab57cce9151_file-1536x1026.jpg 1536w, https:\/\/diarioavanzada.com.mx\/wp-content\/uploads\/2025\/06\/5ff6bfc3-47b6-466f-bfbd-60ebff8e07c3-15398-00000ab57cce9151_file.jpg 1600w\" sizes=\"auto, (max-width: 1024px) 100vw, 1024px\" \/><\/figure>\n\n\n\n<figure class=\"wp-block-image\"><img loading=\"lazy\" decoding=\"async\" width=\"1024\" height=\"684\" src=\"https:\/\/diarioavanzada.com.mx\/wp-content\/uploads\/2025\/06\/a4fd1a28-a5b8-4b3b-a6fa-e42b50e91654-15398-00000ab57cda2595_file-1024x684.jpg\" alt=\"\" class=\"wp-image-91955\" srcset=\"https:\/\/diarioavanzada.com.mx\/wp-content\/uploads\/2025\/06\/a4fd1a28-a5b8-4b3b-a6fa-e42b50e91654-15398-00000ab57cda2595_file-1024x684.jpg 1024w, https:\/\/diarioavanzada.com.mx\/wp-content\/uploads\/2025\/06\/a4fd1a28-a5b8-4b3b-a6fa-e42b50e91654-15398-00000ab57cda2595_file-300x200.jpg 300w, https:\/\/diarioavanzada.com.mx\/wp-content\/uploads\/2025\/06\/a4fd1a28-a5b8-4b3b-a6fa-e42b50e91654-15398-00000ab57cda2595_file-768x513.jpg 768w, https:\/\/diarioavanzada.com.mx\/wp-content\/uploads\/2025\/06\/a4fd1a28-a5b8-4b3b-a6fa-e42b50e91654-15398-00000ab57cda2595_file-1536x1026.jpg 1536w, https:\/\/diarioavanzada.com.mx\/wp-content\/uploads\/2025\/06\/a4fd1a28-a5b8-4b3b-a6fa-e42b50e91654-15398-00000ab57cda2595_file.jpg 1600w\" sizes=\"auto, (max-width: 1024px) 100vw, 1024px\" \/><\/figure>\n\n\n\n<figure class=\"wp-block-image\"><img loading=\"lazy\" decoding=\"async\" width=\"1024\" height=\"684\" src=\"https:\/\/diarioavanzada.com.mx\/wp-content\/uploads\/2025\/06\/545b2448-0f95-45cd-9e84-70d4dec1e6e6-15398-00000ab57ce7488a_file-1024x684.jpg\" alt=\"\" class=\"wp-image-91954\" srcset=\"https:\/\/diarioavanzada.com.mx\/wp-content\/uploads\/2025\/06\/545b2448-0f95-45cd-9e84-70d4dec1e6e6-15398-00000ab57ce7488a_file-1024x684.jpg 1024w, https:\/\/diarioavanzada.com.mx\/wp-content\/uploads\/2025\/06\/545b2448-0f95-45cd-9e84-70d4dec1e6e6-15398-00000ab57ce7488a_file-300x200.jpg 300w, https:\/\/diarioavanzada.com.mx\/wp-content\/uploads\/2025\/06\/545b2448-0f95-45cd-9e84-70d4dec1e6e6-15398-00000ab57ce7488a_file-768x513.jpg 768w, https:\/\/diarioavanzada.com.mx\/wp-content\/uploads\/2025\/06\/545b2448-0f95-45cd-9e84-70d4dec1e6e6-15398-00000ab57ce7488a_file-1536x1026.jpg 1536w, https:\/\/diarioavanzada.com.mx\/wp-content\/uploads\/2025\/06\/545b2448-0f95-45cd-9e84-70d4dec1e6e6-15398-00000ab57ce7488a_file.jpg 1600w\" sizes=\"auto, (max-width: 1024px) 100vw, 1024px\" \/><\/figure>\n\n\n\n<figure class=\"wp-block-image\"><img loading=\"lazy\" decoding=\"async\" width=\"1024\" height=\"620\" src=\"https:\/\/diarioavanzada.com.mx\/wp-content\/uploads\/2025\/06\/c23ed75a-40a7-4c9b-8186-d69dba86501c-15398-00000ab57cf2954f_file-1024x620.jpg\" alt=\"\" class=\"wp-image-91957\" srcset=\"https:\/\/diarioavanzada.com.mx\/wp-content\/uploads\/2025\/06\/c23ed75a-40a7-4c9b-8186-d69dba86501c-15398-00000ab57cf2954f_file-1024x620.jpg 1024w, https:\/\/diarioavanzada.com.mx\/wp-content\/uploads\/2025\/06\/c23ed75a-40a7-4c9b-8186-d69dba86501c-15398-00000ab57cf2954f_file-300x182.jpg 300w, https:\/\/diarioavanzada.com.mx\/wp-content\/uploads\/2025\/06\/c23ed75a-40a7-4c9b-8186-d69dba86501c-15398-00000ab57cf2954f_file-768x465.jpg 768w, https:\/\/diarioavanzada.com.mx\/wp-content\/uploads\/2025\/06\/c23ed75a-40a7-4c9b-8186-d69dba86501c-15398-00000ab57cf2954f_file.jpg 1533w\" sizes=\"auto, (max-width: 1024px) 100vw, 1024px\" \/><\/figure>\n<div class=\"fb-background-color\">\n\t\t\t  <div \n\t\t\t  \tclass = \"fb-comments\" \n\t\t\t  \tdata-href = \"https:\/\/diarioavanzada.com.mx\/?p=91960\"\n\t\t\t  \tdata-numposts = \"10\"\n\t\t\t  \tdata-lazy = \"true\"\n\t\t\t\tdata-colorscheme = \"light\"\n\t\t\t\tdata-order-by = \"social\"\n\t\t\t\tdata-mobile=true>\n\t\t\t  <\/div><\/div>\n\t\t  <style>\n\t\t    .fb-background-color {\n\t\t\t\tbackground:  !important;\n\t\t\t}\n\t\t\t.fb_iframe_widget_fluid_desktop iframe {\n\t\t\t    width: 100% !important;\n\t\t\t}\n\t\t  <\/style>\n\t\t  ","protected":false},"excerpt":{"rendered":"<p>Con magno evento conmemoran el 34 aniversario de ser elevada a la categor\u00eda de Ciudad, la cabecera municipal de Villa de \u00c1lvarez Villa de \u00c1lvarez, Colima, Comunicado (28\/06\/2025).- En la magna conmemoraci\u00f3n del 34 aniversario de la elevaci\u00f3n de la cabecera municipal de Villa de \u00c1lvarez a la categor\u00eda de Ciudad, la Presidenta Tey Guti\u00e9rrez [&hellip;]<\/p>\n","protected":false},"author":7,"featured_media":91959,"comment_status":"closed","ping_status":"closed","sticky":false,"template":"","format":"standard","meta":{"_coblocks_attr":"","_coblocks_dimensions":"","_coblocks_responsive_height":"","_coblocks_accordion_ie_support":"","_crdt_document":"","advanced_seo_description":"","jetpack_seo_html_title":"","jetpack_seo_noindex":false,"_jetpack_memberships_contains_paid_content":false,"footnotes":""},"categories":[209,21,7],"tags":[],"class_list":["post-91960","post","type-post","status-publish","format-standard","has-post-thumbnail","hentry","category-importantes","category-municipios","category-noticias"],"jetpack_featured_media_url":"https:\/\/diarioavanzada.com.mx\/wp-content\/uploads\/2025\/06\/bbe7cc83-ca4e-4ee8-a889-5749b97e6763-1.jpg","jetpack-related-posts":[],"jetpack_sharing_enabled":true,"amp_enabled":true,"_links":{"self":[{"href":"https:\/\/diarioavanzada.com.mx\/index.php?rest_route=\/wp\/v2\/posts\/91960","targetHints":{"allow":["GET"]}}],"collection":[{"href":"https:\/\/diarioavanzada.com.mx\/index.php?rest_route=\/wp\/v2\/posts"}],"about":[{"href":"https:\/\/diarioavanzada.com.mx\/index.php?rest_route=\/wp\/v2\/types\/post"}],"author":[{"embeddable":true,"href":"https:\/\/diarioavanzada.com.mx\/index.php?rest_route=\/wp\/v2\/users\/7"}],"replies":[{"embeddable":true,"href":"https:\/\/diarioavanzada.com.mx\/index.php?rest_route=%2Fwp%2Fv2%2Fcomments&post=91960"}],"version-history":[{"count":0,"href":"https:\/\/diarioavanzada.com.mx\/index.php?rest_route=\/wp\/v2\/posts\/91960\/revisions"}],"wp:featuredmedia":[{"embeddable":true,"href":"https:\/\/diarioavanzada.com.mx\/index.php?rest_route=\/wp\/v2\/media\/91959"}],"wp:attachment":[{"href":"https:\/\/diarioavanzada.com.mx\/index.php?rest_route=%2Fwp%2Fv2%2Fmedia&parent=91960"}],"wp:term":[{"taxonomy":"category","embeddable":true,"href":"https:\/\/diarioavanzada.com.mx\/index.php?rest_route=%2Fwp%2Fv2%2Fcategories&post=91960"},{"taxonomy":"post_tag","embeddable":true,"href":"https:\/\/diarioavanzada.com.mx\/index.php?rest_route=%2Fwp%2Fv2%2Ftags&post=91960"}],"curies":[{"name":"wp","href":"https:\/\/api.w.org\/{rel}","templated":true}]}}