{"id":91937,"date":"2025-06-28T08:53:29","date_gmt":"2025-06-28T14:53:29","guid":{"rendered":"https:\/\/diarioavanzada.com.mx\/?p=91937"},"modified":"2025-06-28T09:17:15","modified_gmt":"2025-06-28T15:17:15","slug":"pronostican-intensas-lluvias-en-colima-alertan-por-posibles-deslaves","status":"publish","type":"post","link":"https:\/\/diarioavanzada.com.mx\/?p=91937","title":{"rendered":"Pronostican intensas lluvias en Colima, alertan por posibles deslaves"},"content":{"rendered":"\n<p class=\"p1 wp-block-paragraph\">Colima, M\u00e9xico, Avanzada (28\/06\/2025).- El estado de Colima enfrentar\u00e1 condiciones meteorol\u00f3gicas adversas debido al ingreso de humedad desde el oc\u00e9ano Pac\u00edfico, lo que provocar\u00e1 lluvias puntuales muy fuertes en gran parte de la entidad. Se espera que estas precipitaciones est\u00e9n acompa\u00f1adas de tormentas el\u00e9ctricas, r\u00e1fagas de viento y posible ca\u00edda de granizo.<\/p>\n\n\n\n<p class=\"p1 wp-block-paragraph\">El pron\u00f3stico del Servicio Meteorol\u00f3gico Nacional advierte sobre posibles afectaciones como encharcamientos, deslaves, incremento en niveles de r\u00edos y arroyos, as\u00ed como reducci\u00f3n en la visibilidad durante los eventos de lluvia. Las autoridades de Protecci\u00f3n Civil llaman a la poblaci\u00f3n a mantenerse alerta y seguir las recomendaciones oficiales para prevenir riesgos.<\/p>\n\n\n\n<p class=\"p1 wp-block-paragraph\">Durante la ma\u00f1ana, se prev\u00e9 cielo medio nublado con ambiente templado, mientras que por la tarde se espera un ambiente c\u00e1lido, con cielo nublado y condiciones propicias para el desarrollo de tormentas. Se pronostican vientos con rachas de hasta 60 km\/h en zonas de tormenta.<\/p>\n\n\n\n<p class=\"p1 wp-block-paragraph\">En la regi\u00f3n Pac\u00edfico Centro \u2014que incluye a Colima, Jalisco, Michoac\u00e1n y Nayarit\u2014, se esperan lluvias de moderadas a intensas, lo que podr\u00eda generar condiciones de riesgo en zonas urbanas y rurales.<\/p>\n\n\n\n<p class=\"p1 wp-block-paragraph\">Las autoridades recomiendan evitar cruzar r\u00edos crecidos, no transitar por zonas de riesgo durante la lluvia y asegurar objetos que puedan ser arrastrados por el viento. Tambi\u00e9n se sugiere mantenerse atentos a los comunicados oficiales y reportes del clima a lo largo del d\u00eda.<\/p>\n<div class=\"fb-background-color\">\n\t\t\t  <div \n\t\t\t  \tclass = \"fb-comments\" \n\t\t\t  \tdata-href = \"https:\/\/diarioavanzada.com.mx\/?p=91937\"\n\t\t\t  \tdata-numposts = \"10\"\n\t\t\t  \tdata-lazy = \"true\"\n\t\t\t\tdata-colorscheme = \"light\"\n\t\t\t\tdata-order-by = \"social\"\n\t\t\t\tdata-mobile=true>\n\t\t\t  <\/div><\/div>\n\t\t  <style>\n\t\t    .fb-background-color {\n\t\t\t\tbackground:  !important;\n\t\t\t}\n\t\t\t.fb_iframe_widget_fluid_desktop iframe {\n\t\t\t    width: 100% !important;\n\t\t\t}\n\t\t  <\/style>\n\t\t  ","protected":false},"excerpt":{"rendered":"<p>Colima, M\u00e9xico, Avanzada (28\/06\/2025).- El estado de Colima enfrentar\u00e1 condiciones meteorol\u00f3gicas adversas debido al ingreso de humedad desde el oc\u00e9ano Pac\u00edfico, lo que provocar\u00e1 lluvias puntuales muy fuertes en gran parte de la entidad. Se espera que estas precipitaciones est\u00e9n acompa\u00f1adas de tormentas el\u00e9ctricas, r\u00e1fagas de viento y posible ca\u00edda de granizo. El pron\u00f3stico del [&hellip;]<\/p>\n","protected":false},"author":7,"featured_media":91936,"comment_status":"closed","ping_status":"closed","sticky":false,"template":"","format":"standard","meta":{"_coblocks_attr":"","_coblocks_dimensions":"","_coblocks_responsive_height":"","_coblocks_accordion_ie_support":"","_crdt_document":"","advanced_seo_description":"","jetpack_seo_html_title":"","jetpack_seo_noindex":false,"_jetpack_memberships_contains_paid_content":false,"footnotes":""},"categories":[19,7,29],"tags":[],"class_list":["post-91937","post","type-post","status-publish","format-standard","has-post-thumbnail","hentry","category-colima","category-noticias","category-sociedad"],"jetpack_featured_media_url":"https:\/\/diarioavanzada.com.mx\/wp-content\/uploads\/2025\/06\/img_4327-1.jpg","jetpack-related-posts":[],"jetpack_sharing_enabled":true,"amp_enabled":true,"_links":{"self":[{"href":"https:\/\/diarioavanzada.com.mx\/index.php?rest_route=\/wp\/v2\/posts\/91937","targetHints":{"allow":["GET"]}}],"collection":[{"href":"https:\/\/diarioavanzada.com.mx\/index.php?rest_route=\/wp\/v2\/posts"}],"about":[{"href":"https:\/\/diarioavanzada.com.mx\/index.php?rest_route=\/wp\/v2\/types\/post"}],"author":[{"embeddable":true,"href":"https:\/\/diarioavanzada.com.mx\/index.php?rest_route=\/wp\/v2\/users\/7"}],"replies":[{"embeddable":true,"href":"https:\/\/diarioavanzada.com.mx\/index.php?rest_route=%2Fwp%2Fv2%2Fcomments&post=91937"}],"version-history":[{"count":1,"href":"https:\/\/diarioavanzada.com.mx\/index.php?rest_route=\/wp\/v2\/posts\/91937\/revisions"}],"predecessor-version":[{"id":91940,"href":"https:\/\/diarioavanzada.com.mx\/index.php?rest_route=\/wp\/v2\/posts\/91937\/revisions\/91940"}],"wp:featuredmedia":[{"embeddable":true,"href":"https:\/\/diarioavanzada.com.mx\/index.php?rest_route=\/wp\/v2\/media\/91936"}],"wp:attachment":[{"href":"https:\/\/diarioavanzada.com.mx\/index.php?rest_route=%2Fwp%2Fv2%2Fmedia&parent=91937"}],"wp:term":[{"taxonomy":"category","embeddable":true,"href":"https:\/\/diarioavanzada.com.mx\/index.php?rest_route=%2Fwp%2Fv2%2Fcategories&post=91937"},{"taxonomy":"post_tag","embeddable":true,"href":"https:\/\/diarioavanzada.com.mx\/index.php?rest_route=%2Fwp%2Fv2%2Ftags&post=91937"}],"curies":[{"name":"wp","href":"https:\/\/api.w.org\/{rel}","templated":true}]}}