{"id":91825,"date":"2025-06-27T18:12:28","date_gmt":"2025-06-28T00:12:28","guid":{"rendered":"https:\/\/diarioavanzada.com.mx\/?p=91825"},"modified":"2025-06-27T18:13:46","modified_gmt":"2025-06-28T00:13:46","slug":"participan-udec-y-el-vancouver-communitycollege-en-reunion-de-buenas-practicas","status":"publish","type":"post","link":"https:\/\/diarioavanzada.com.mx\/?p=91825","title":{"rendered":"Participan UdeC y el Vancouver Community College en reuni\u00f3n de buenas pr\u00e1cticas"},"content":{"rendered":"\n<p class=\"wp-block-paragraph\"><em>El prop\u00f3sito de la reuni\u00f3n fue compartir buenas pr\u00e1cticas en materia de cooperaci\u00f3n educativa internacional, innovaci\u00f3n pedag\u00f3gica y experiencias de movilidad con impacto social.<\/em><\/p>\n\n\n\n<p class=\"wp-block-paragraph\">Colima, M\u00e9xico, Comunicado (27\/06\/2025).- Como parte de su agenda de trabajo en Vancouver, Canad\u00e1, el Dr. Christian Jorge Torres Ortiz Zerme\u00f1o, rector de la Universidad de Colima (UdeC), asisti\u00f3 a la Reuni\u00f3n de Buenas Pr\u00e1cticas entre esta casa de estudios y el Vancouver Community College (VCC). A la reuni\u00f3n acudieron autoridades acad\u00e9micas, gubernamentales y representantes de instituciones de educaci\u00f3n superior de Columbia Brit\u00e1nica en Canad\u00e1.<\/p>\n\n\n\n<p class=\"wp-block-paragraph\">El encuentro se desarroll\u00f3 en el campus del Vancouver Community College (VCC) y reuni\u00f3 a invitados como Anne Kang, ministra de Educaci\u00f3n Postsecundaria y Habilidades Futuras de la Columbia Brit\u00e1nica; representantes del Consejo Directivo de la University Mobility in Asia and the Pacific (UMAP), al C\u00f3nsul General de M\u00e9xico en Vancouver, Luis Gerardo Hern\u00e1ndez Madrigal, directivos del VCC y de Instituciones de Educaci\u00f3n Superior locales.<\/p>\n\n\n\n<p class=\"wp-block-paragraph\">El prop\u00f3sito de la reuni\u00f3n fue compartir buenas pr\u00e1cticas en materia de cooperaci\u00f3n educativa internacional, innovaci\u00f3n pedag\u00f3gica y experiencias de movilidad con impacto social a trav\u00e9s del proyecto: \u201cEspacios de Realidad Virtual y Demostraciones Inmersivas en Artes Culinarias\u201d, desarrollado por estudiantes y docentes de ambas instituciones.<\/p>\n\n\n\n<p class=\"wp-block-paragraph\">El equipo del Vancouver Community College present\u00f3 los avances del proyecto desde su enfoque local, mientras que la Universidad de Colima comparti\u00f3 un video realizado por sus estudiantes. El video se enriqueci\u00f3 con la intervenci\u00f3n de la Mtra. Ana Cecilia Garc\u00eda Valencia, quien brind\u00f3 comentarios sobre la experiencia desde la perspectiva institucional mexicana. Ella es directora de la Oficina de Internacionalizaci\u00f3n y Cooperaci\u00f3n Acad\u00e9mica de la UdeC.<\/p>\n\n\n\n<p class=\"wp-block-paragraph\">La reuni\u00f3n concluy\u00f3 con una sesi\u00f3n de networking entre los y las asistentes, donde se compartieron ideas y se fortalecieron v\u00ednculos interinstitucionales.<\/p>\n\n\n\n<p class=\"wp-block-paragraph\">Esta actividad es arte de la alianza estrat\u00e9gica que la UdeC y el VCC han construido a lo largo de los a\u00f1os, especialmente a trav\u00e9s de su participaci\u00f3n en la red UMAP (University Mobility in Asia and the Pacific), y que recientemente se ha consolidado con la firma de un convenio bilateral de colaboraci\u00f3n acad\u00e9mica.<\/p>\n\n\n\n<figure class=\"wp-block-image size-large\"><img loading=\"lazy\" decoding=\"async\" width=\"1024\" height=\"768\" src=\"https:\/\/diarioavanzada.com.mx\/wp-content\/uploads\/2025\/06\/Participa-UdeC-en-reunion-de-buenas-practicas-en-la-VCC-de-Canada-1024x768.jpeg\" alt=\"\" class=\"wp-image-91828\" srcset=\"https:\/\/diarioavanzada.com.mx\/wp-content\/uploads\/2025\/06\/Participa-UdeC-en-reunion-de-buenas-practicas-en-la-VCC-de-Canada-1024x768.jpeg 1024w, https:\/\/diarioavanzada.com.mx\/wp-content\/uploads\/2025\/06\/Participa-UdeC-en-reunion-de-buenas-practicas-en-la-VCC-de-Canada-300x225.jpeg 300w, https:\/\/diarioavanzada.com.mx\/wp-content\/uploads\/2025\/06\/Participa-UdeC-en-reunion-de-buenas-practicas-en-la-VCC-de-Canada-768x576.jpeg 768w, https:\/\/diarioavanzada.com.mx\/wp-content\/uploads\/2025\/06\/Participa-UdeC-en-reunion-de-buenas-practicas-en-la-VCC-de-Canada-1536x1152.jpeg 1536w, https:\/\/diarioavanzada.com.mx\/wp-content\/uploads\/2025\/06\/Participa-UdeC-en-reunion-de-buenas-practicas-en-la-VCC-de-Canada-1200x900.jpeg?crop=1 1200w, https:\/\/diarioavanzada.com.mx\/wp-content\/uploads\/2025\/06\/Participa-UdeC-en-reunion-de-buenas-practicas-en-la-VCC-de-Canada-800x600.jpeg?crop=1 800w, https:\/\/diarioavanzada.com.mx\/wp-content\/uploads\/2025\/06\/Participa-UdeC-en-reunion-de-buenas-practicas-en-la-VCC-de-Canada-600x450.jpeg?crop=1 600w, https:\/\/diarioavanzada.com.mx\/wp-content\/uploads\/2025\/06\/Participa-UdeC-en-reunion-de-buenas-practicas-en-la-VCC-de-Canada-400x300.jpeg?crop=1 400w, https:\/\/diarioavanzada.com.mx\/wp-content\/uploads\/2025\/06\/Participa-UdeC-en-reunion-de-buenas-practicas-en-la-VCC-de-Canada-200x150.jpeg?crop=1 200w, https:\/\/diarioavanzada.com.mx\/wp-content\/uploads\/2025\/06\/Participa-UdeC-en-reunion-de-buenas-practicas-en-la-VCC-de-Canada.jpeg 1600w\" sizes=\"auto, (max-width: 1024px) 100vw, 1024px\" \/><\/figure>\n\n\n\n<figure class=\"wp-block-image size-large\"><img loading=\"lazy\" decoding=\"async\" width=\"1024\" height=\"768\" src=\"https:\/\/diarioavanzada.com.mx\/wp-content\/uploads\/2025\/06\/Participa-UdeC-en-reunion-de-buenas-practicas-en-la-VCC-de-Canada_b-1024x768.jpeg\" alt=\"\" class=\"wp-image-91831\" srcset=\"https:\/\/diarioavanzada.com.mx\/wp-content\/uploads\/2025\/06\/Participa-UdeC-en-reunion-de-buenas-practicas-en-la-VCC-de-Canada_b-1024x768.jpeg 1024w, https:\/\/diarioavanzada.com.mx\/wp-content\/uploads\/2025\/06\/Participa-UdeC-en-reunion-de-buenas-practicas-en-la-VCC-de-Canada_b-300x225.jpeg 300w, https:\/\/diarioavanzada.com.mx\/wp-content\/uploads\/2025\/06\/Participa-UdeC-en-reunion-de-buenas-practicas-en-la-VCC-de-Canada_b-768x576.jpeg 768w, https:\/\/diarioavanzada.com.mx\/wp-content\/uploads\/2025\/06\/Participa-UdeC-en-reunion-de-buenas-practicas-en-la-VCC-de-Canada_b-1536x1152.jpeg 1536w, https:\/\/diarioavanzada.com.mx\/wp-content\/uploads\/2025\/06\/Participa-UdeC-en-reunion-de-buenas-practicas-en-la-VCC-de-Canada_b-1200x900.jpeg?crop=1 1200w, https:\/\/diarioavanzada.com.mx\/wp-content\/uploads\/2025\/06\/Participa-UdeC-en-reunion-de-buenas-practicas-en-la-VCC-de-Canada_b-800x600.jpeg?crop=1 800w, https:\/\/diarioavanzada.com.mx\/wp-content\/uploads\/2025\/06\/Participa-UdeC-en-reunion-de-buenas-practicas-en-la-VCC-de-Canada_b-600x450.jpeg?crop=1 600w, https:\/\/diarioavanzada.com.mx\/wp-content\/uploads\/2025\/06\/Participa-UdeC-en-reunion-de-buenas-practicas-en-la-VCC-de-Canada_b-400x300.jpeg?crop=1 400w, https:\/\/diarioavanzada.com.mx\/wp-content\/uploads\/2025\/06\/Participa-UdeC-en-reunion-de-buenas-practicas-en-la-VCC-de-Canada_b-200x150.jpeg?crop=1 200w, https:\/\/diarioavanzada.com.mx\/wp-content\/uploads\/2025\/06\/Participa-UdeC-en-reunion-de-buenas-practicas-en-la-VCC-de-Canada_b.jpeg 1600w\" sizes=\"auto, (max-width: 1024px) 100vw, 1024px\" \/><\/figure>\n\n\n\n<figure class=\"wp-block-image size-large\"><img loading=\"lazy\" decoding=\"async\" width=\"1024\" height=\"768\" src=\"https:\/\/diarioavanzada.com.mx\/wp-content\/uploads\/2025\/06\/Participa-UdeC-en-reunion-de-buenas-practicas-en-la-VCC-de-Canada_c-1024x768.jpeg\" alt=\"\" class=\"wp-image-91834\" srcset=\"https:\/\/diarioavanzada.com.mx\/wp-content\/uploads\/2025\/06\/Participa-UdeC-en-reunion-de-buenas-practicas-en-la-VCC-de-Canada_c-1024x768.jpeg 1024w, https:\/\/diarioavanzada.com.mx\/wp-content\/uploads\/2025\/06\/Participa-UdeC-en-reunion-de-buenas-practicas-en-la-VCC-de-Canada_c-300x225.jpeg 300w, https:\/\/diarioavanzada.com.mx\/wp-content\/uploads\/2025\/06\/Participa-UdeC-en-reunion-de-buenas-practicas-en-la-VCC-de-Canada_c-768x576.jpeg 768w, https:\/\/diarioavanzada.com.mx\/wp-content\/uploads\/2025\/06\/Participa-UdeC-en-reunion-de-buenas-practicas-en-la-VCC-de-Canada_c-1536x1152.jpeg 1536w, https:\/\/diarioavanzada.com.mx\/wp-content\/uploads\/2025\/06\/Participa-UdeC-en-reunion-de-buenas-practicas-en-la-VCC-de-Canada_c-1200x900.jpeg?crop=1 1200w, https:\/\/diarioavanzada.com.mx\/wp-content\/uploads\/2025\/06\/Participa-UdeC-en-reunion-de-buenas-practicas-en-la-VCC-de-Canada_c-800x600.jpeg?crop=1 800w, https:\/\/diarioavanzada.com.mx\/wp-content\/uploads\/2025\/06\/Participa-UdeC-en-reunion-de-buenas-practicas-en-la-VCC-de-Canada_c-600x450.jpeg?crop=1 600w, https:\/\/diarioavanzada.com.mx\/wp-content\/uploads\/2025\/06\/Participa-UdeC-en-reunion-de-buenas-practicas-en-la-VCC-de-Canada_c-400x300.jpeg?crop=1 400w, https:\/\/diarioavanzada.com.mx\/wp-content\/uploads\/2025\/06\/Participa-UdeC-en-reunion-de-buenas-practicas-en-la-VCC-de-Canada_c-200x150.jpeg?crop=1 200w, https:\/\/diarioavanzada.com.mx\/wp-content\/uploads\/2025\/06\/Participa-UdeC-en-reunion-de-buenas-practicas-en-la-VCC-de-Canada_c.jpeg 1600w\" sizes=\"auto, (max-width: 1024px) 100vw, 1024px\" \/><\/figure>\n\n\n\n<figure class=\"wp-block-image size-large\"><img loading=\"lazy\" decoding=\"async\" width=\"1024\" height=\"768\" src=\"https:\/\/diarioavanzada.com.mx\/wp-content\/uploads\/2025\/06\/Participa-UdeC-en-reunion-de-buenas-practicas-en-la-VCC-de-Canada_d-1024x768.jpeg\" alt=\"\" class=\"wp-image-91835\" srcset=\"https:\/\/diarioavanzada.com.mx\/wp-content\/uploads\/2025\/06\/Participa-UdeC-en-reunion-de-buenas-practicas-en-la-VCC-de-Canada_d-1024x768.jpeg 1024w, https:\/\/diarioavanzada.com.mx\/wp-content\/uploads\/2025\/06\/Participa-UdeC-en-reunion-de-buenas-practicas-en-la-VCC-de-Canada_d-300x225.jpeg 300w, https:\/\/diarioavanzada.com.mx\/wp-content\/uploads\/2025\/06\/Participa-UdeC-en-reunion-de-buenas-practicas-en-la-VCC-de-Canada_d-768x576.jpeg 768w, https:\/\/diarioavanzada.com.mx\/wp-content\/uploads\/2025\/06\/Participa-UdeC-en-reunion-de-buenas-practicas-en-la-VCC-de-Canada_d-1536x1152.jpeg 1536w, https:\/\/diarioavanzada.com.mx\/wp-content\/uploads\/2025\/06\/Participa-UdeC-en-reunion-de-buenas-practicas-en-la-VCC-de-Canada_d-1200x900.jpeg?crop=1 1200w, https:\/\/diarioavanzada.com.mx\/wp-content\/uploads\/2025\/06\/Participa-UdeC-en-reunion-de-buenas-practicas-en-la-VCC-de-Canada_d-800x600.jpeg?crop=1 800w, https:\/\/diarioavanzada.com.mx\/wp-content\/uploads\/2025\/06\/Participa-UdeC-en-reunion-de-buenas-practicas-en-la-VCC-de-Canada_d-600x450.jpeg?crop=1 600w, https:\/\/diarioavanzada.com.mx\/wp-content\/uploads\/2025\/06\/Participa-UdeC-en-reunion-de-buenas-practicas-en-la-VCC-de-Canada_d-400x300.jpeg?crop=1 400w, https:\/\/diarioavanzada.com.mx\/wp-content\/uploads\/2025\/06\/Participa-UdeC-en-reunion-de-buenas-practicas-en-la-VCC-de-Canada_d-200x150.jpeg?crop=1 200w, https:\/\/diarioavanzada.com.mx\/wp-content\/uploads\/2025\/06\/Participa-UdeC-en-reunion-de-buenas-practicas-en-la-VCC-de-Canada_d.jpeg 1600w\" sizes=\"auto, (max-width: 1024px) 100vw, 1024px\" \/><\/figure>\n<div class=\"fb-background-color\">\n\t\t\t  <div \n\t\t\t  \tclass = \"fb-comments\" \n\t\t\t  \tdata-href = \"https:\/\/diarioavanzada.com.mx\/?p=91825\"\n\t\t\t  \tdata-numposts = \"10\"\n\t\t\t  \tdata-lazy = \"true\"\n\t\t\t\tdata-colorscheme = \"light\"\n\t\t\t\tdata-order-by = \"social\"\n\t\t\t\tdata-mobile=true>\n\t\t\t  <\/div><\/div>\n\t\t  <style>\n\t\t    .fb-background-color {\n\t\t\t\tbackground:  !important;\n\t\t\t}\n\t\t\t.fb_iframe_widget_fluid_desktop iframe {\n\t\t\t    width: 100% !important;\n\t\t\t}\n\t\t  <\/style>\n\t\t  ","protected":false},"excerpt":{"rendered":"<p>El prop\u00f3sito de la reuni\u00f3n fue compartir buenas pr\u00e1cticas en materia de cooperaci\u00f3n educativa internacional, innovaci\u00f3n pedag\u00f3gica y experiencias de movilidad con impacto social. Colima, M\u00e9xico, Comunicado (27\/06\/2025).- Como parte de su agenda de trabajo en Vancouver, Canad\u00e1, el Dr. Christian Jorge Torres Ortiz Zerme\u00f1o, rector de la Universidad de Colima (UdeC), asisti\u00f3 a la [&hellip;]<\/p>\n","protected":false},"author":7,"featured_media":91832,"comment_status":"closed","ping_status":"closed","sticky":false,"template":"","format":"standard","meta":{"_coblocks_attr":"","_coblocks_dimensions":"","_coblocks_responsive_height":"","_coblocks_accordion_ie_support":"","_crdt_document":"","advanced_seo_description":"","jetpack_seo_html_title":"","jetpack_seo_noindex":false,"_jetpack_memberships_contains_paid_content":false,"footnotes":""},"categories":[19,209,7],"tags":[210],"class_list":["post-91825","post","type-post","status-publish","format-standard","has-post-thumbnail","hentry","category-colima","category-importantes","category-noticias","tag-portada"],"jetpack_featured_media_url":"https:\/\/diarioavanzada.com.mx\/wp-content\/uploads\/2025\/06\/Participa-UdeC-en-reunion-de-buenas-practicas-en-la-VCC-de-Canada_a.jpeg","jetpack-related-posts":[],"jetpack_sharing_enabled":true,"amp_enabled":true,"_links":{"self":[{"href":"https:\/\/diarioavanzada.com.mx\/index.php?rest_route=\/wp\/v2\/posts\/91825","targetHints":{"allow":["GET"]}}],"collection":[{"href":"https:\/\/diarioavanzada.com.mx\/index.php?rest_route=\/wp\/v2\/posts"}],"about":[{"href":"https:\/\/diarioavanzada.com.mx\/index.php?rest_route=\/wp\/v2\/types\/post"}],"author":[{"embeddable":true,"href":"https:\/\/diarioavanzada.com.mx\/index.php?rest_route=\/wp\/v2\/users\/7"}],"replies":[{"embeddable":true,"href":"https:\/\/diarioavanzada.com.mx\/index.php?rest_route=%2Fwp%2Fv2%2Fcomments&post=91825"}],"version-history":[{"count":5,"href":"https:\/\/diarioavanzada.com.mx\/index.php?rest_route=\/wp\/v2\/posts\/91825\/revisions"}],"predecessor-version":[{"id":91844,"href":"https:\/\/diarioavanzada.com.mx\/index.php?rest_route=\/wp\/v2\/posts\/91825\/revisions\/91844"}],"wp:featuredmedia":[{"embeddable":true,"href":"https:\/\/diarioavanzada.com.mx\/index.php?rest_route=\/wp\/v2\/media\/91832"}],"wp:attachment":[{"href":"https:\/\/diarioavanzada.com.mx\/index.php?rest_route=%2Fwp%2Fv2%2Fmedia&parent=91825"}],"wp:term":[{"taxonomy":"category","embeddable":true,"href":"https:\/\/diarioavanzada.com.mx\/index.php?rest_route=%2Fwp%2Fv2%2Fcategories&post=91825"},{"taxonomy":"post_tag","embeddable":true,"href":"https:\/\/diarioavanzada.com.mx\/index.php?rest_route=%2Fwp%2Fv2%2Ftags&post=91825"}],"curies":[{"name":"wp","href":"https:\/\/api.w.org\/{rel}","templated":true}]}}