{"id":91742,"date":"2025-06-26T20:23:19","date_gmt":"2025-06-27T02:23:19","guid":{"rendered":"https:\/\/diarioavanzada.com.mx\/?p=91742"},"modified":"2025-06-26T20:27:10","modified_gmt":"2025-06-27T02:27:10","slug":"gobierno-federal-anuncio-los-primeros-polos-de-desarrollo-y-excluye-a-colima","status":"publish","type":"post","link":"https:\/\/diarioavanzada.com.mx\/?p=91742","title":{"rendered":"Gobierno Federal \ufffcexcluye a Colima de\ufffc\ufffc los primeros polos de desarrollo"},"content":{"rendered":"\n<p class=\"p1 wp-block-paragraph\">Colima, M\u00e9xico, Avanzada (26\/06\/2025).- Las esperanzas del gobierno de Colima de formar parte de los primeros Polos de Desarrollo Econ\u00f3mico para el Bienestar se desvanecieron este jueves, luego de que el secretario de Econom\u00eda federal, Marcelo Ebrard Casaub\u00f3n, anunciara los 15 estados seleccionados para la instalaci\u00f3n de estos proyectos prioritarios del gobierno de la presidenta Claudia Sheinbaum, entre los que no figura Colima.<\/p>\n\n\n\n<p class=\"p1 wp-block-paragraph\">Durante la ceremonia oficial en Palacio Nacional, Ebrard detall\u00f3 que los Polos se ubicar\u00e1n en Campeche, Chihuahua, Durango, Estado de M\u00e9xico, Guanajuato, Hidalgo, Michoac\u00e1n, Puebla, Quintana Roo, Sinaloa, Tamaulipas, Tlaxcala, Veracruz y Sonora. Seg\u00fan explic\u00f3, estos sitios fueron elegidos por contar con infraestructura suficiente, acceso a energ\u00eda y terrenos de propiedad p\u00fablica, requisitos indispensables para albergar las inversiones planeadas en sectores como agroindustria, automotriz, farmac\u00e9utica, semiconductores y econom\u00eda circular.<\/p>\n\n\n\n<p class=\"p1 wp-block-paragraph\">La noticia contrasta con la expectativa que el propio gobierno de Colima gener\u00f3 hace poco m\u00e1s de un mes. El pasado 22 de mayo, la administraci\u00f3n estatal inform\u00f3 que, tras gestiones de la gobernadora Indira Vizca\u00edno Silva, el Gobierno de M\u00e9xico evaluar\u00eda la propuesta para establecer un polo de desarrollo en la entidad, lo que permitir\u00eda atraer inversiones nacionales y extranjeras.<\/p>\n\n\n\n<p class=\"p1 wp-block-paragraph\">Entonces, el secretario Ebrard hab\u00eda declarado que Colima figuraba entre las 12 entidades cuyas propuestas ser\u00edan analizadas en \u201clas pr\u00f3ximas semanas y meses\u201d, alimentando la posibilidad de que el estado ingresara al programa en una fase inicial. Sin embargo, con la definici\u00f3n anunciada este jueves, Colima qued\u00f3 excluido de la primera etapa, que comenzar\u00e1 en agosto con las licitaciones para operadores de parques industriales y la instalaci\u00f3n de las primeras empresas.<\/p>\n\n\n\n<p class=\"p1 wp-block-paragraph\">En su mensaje, Ebrard subray\u00f3 que los polos seleccionados fueron los m\u00e1s avanzados en requisitos de infraestructura y propiedad de la tierra, aunque reiter\u00f3 que el objetivo de la presidenta Sheinbaum es extender el programa a otras entidades en el futuro, dejando abierta la puerta para que Colima pueda aspirar a incorporarse en etapas posteriores.<\/p>\n\n\n\n<p class=\"p1 wp-block-paragraph\">Mientras tanto, el estado deber\u00e1 continuar fortaleciendo su infraestructura y capacidades t\u00e9cnicas si desea ser considerado en la expansi\u00f3n del programa que busca detonar la inversi\u00f3n y el empleo a trav\u00e9s de incentivos fiscales, programas de capacitaci\u00f3n y respaldo gubernamental para los tr\u00e1mites que faciliten la llegada de empresas.<\/p>\n\n\n\n<p class=\"p1 wp-block-paragraph\"><\/p>\n\n\n\n<p class=\"p1 wp-block-paragraph\"><\/p>\n<div class=\"fb-background-color\">\n\t\t\t  <div \n\t\t\t  \tclass = \"fb-comments\" \n\t\t\t  \tdata-href = \"https:\/\/diarioavanzada.com.mx\/?p=91742\"\n\t\t\t  \tdata-numposts = \"10\"\n\t\t\t  \tdata-lazy = \"true\"\n\t\t\t\tdata-colorscheme = \"light\"\n\t\t\t\tdata-order-by = \"social\"\n\t\t\t\tdata-mobile=true>\n\t\t\t  <\/div><\/div>\n\t\t  <style>\n\t\t    .fb-background-color {\n\t\t\t\tbackground:  !important;\n\t\t\t}\n\t\t\t.fb_iframe_widget_fluid_desktop iframe {\n\t\t\t    width: 100% !important;\n\t\t\t}\n\t\t  <\/style>\n\t\t  ","protected":false},"excerpt":{"rendered":"<p>Colima, M\u00e9xico, Avanzada (26\/06\/2025).- Las esperanzas del gobierno de Colima de formar parte de los primeros Polos de Desarrollo Econ\u00f3mico para el Bienestar se desvanecieron este jueves, luego de que el secretario de Econom\u00eda federal, Marcelo Ebrard Casaub\u00f3n, anunciara los 15 estados seleccionados para la instalaci\u00f3n de estos proyectos prioritarios del gobierno de la presidenta [&hellip;]<\/p>\n","protected":false},"author":7,"featured_media":91741,"comment_status":"closed","ping_status":"closed","sticky":false,"template":"","format":"standard","meta":{"_coblocks_attr":"","_coblocks_dimensions":"","_coblocks_responsive_height":"","_coblocks_accordion_ie_support":"","_crdt_document":"","advanced_seo_description":"","jetpack_seo_html_title":"","jetpack_seo_noindex":false,"_jetpack_memberships_contains_paid_content":false,"footnotes":""},"categories":[19,209,7],"tags":[210],"class_list":["post-91742","post","type-post","status-publish","format-standard","has-post-thumbnail","hentry","category-colima","category-importantes","category-noticias","tag-portada"],"jetpack_featured_media_url":"https:\/\/diarioavanzada.com.mx\/wp-content\/uploads\/2025\/06\/img_5487-1.jpg","jetpack-related-posts":[],"jetpack_sharing_enabled":true,"amp_enabled":true,"_links":{"self":[{"href":"https:\/\/diarioavanzada.com.mx\/index.php?rest_route=\/wp\/v2\/posts\/91742","targetHints":{"allow":["GET"]}}],"collection":[{"href":"https:\/\/diarioavanzada.com.mx\/index.php?rest_route=\/wp\/v2\/posts"}],"about":[{"href":"https:\/\/diarioavanzada.com.mx\/index.php?rest_route=\/wp\/v2\/types\/post"}],"author":[{"embeddable":true,"href":"https:\/\/diarioavanzada.com.mx\/index.php?rest_route=\/wp\/v2\/users\/7"}],"replies":[{"embeddable":true,"href":"https:\/\/diarioavanzada.com.mx\/index.php?rest_route=%2Fwp%2Fv2%2Fcomments&post=91742"}],"version-history":[{"count":1,"href":"https:\/\/diarioavanzada.com.mx\/index.php?rest_route=\/wp\/v2\/posts\/91742\/revisions"}],"predecessor-version":[{"id":91743,"href":"https:\/\/diarioavanzada.com.mx\/index.php?rest_route=\/wp\/v2\/posts\/91742\/revisions\/91743"}],"wp:featuredmedia":[{"embeddable":true,"href":"https:\/\/diarioavanzada.com.mx\/index.php?rest_route=\/wp\/v2\/media\/91741"}],"wp:attachment":[{"href":"https:\/\/diarioavanzada.com.mx\/index.php?rest_route=%2Fwp%2Fv2%2Fmedia&parent=91742"}],"wp:term":[{"taxonomy":"category","embeddable":true,"href":"https:\/\/diarioavanzada.com.mx\/index.php?rest_route=%2Fwp%2Fv2%2Fcategories&post=91742"},{"taxonomy":"post_tag","embeddable":true,"href":"https:\/\/diarioavanzada.com.mx\/index.php?rest_route=%2Fwp%2Fv2%2Ftags&post=91742"}],"curies":[{"name":"wp","href":"https:\/\/api.w.org\/{rel}","templated":true}]}}