{"id":91724,"date":"2025-06-26T18:54:19","date_gmt":"2025-06-27T00:54:19","guid":{"rendered":"https:\/\/diarioavanzada.com.mx\/?p=91724"},"modified":"2025-06-26T18:54:22","modified_gmt":"2025-06-27T00:54:22","slug":"violencia-no-es-exclusiva-de-los-masculinos-es-una-posibilidad-humana-antar-martinez","status":"publish","type":"post","link":"https:\/\/diarioavanzada.com.mx\/?p=91724","title":{"rendered":"Violencia no es exclusiva de los masculinos, es una posibilidad humana: Antar Mart\u00ednez"},"content":{"rendered":"\n<p class=\"wp-block-paragraph\"><em>El acad\u00e9mico de la UdeC reflexion\u00f3 sobre masculinidades y cultura de paz en las Jornadas Acad\u00e9micas 2025 que organiza esta casa de estudios.<\/em><\/p>\n\n\n\n<p class=\"wp-block-paragraph\">Colima, M\u00e9xico, Comunicado (26\/06\/2025).- Como parte de las Jornadas Acad\u00e9micas 2025, este mi\u00e9rcoles se imparti\u00f3 de manera virtual la conferencia \u201cMasculinidades para una cultura de paz y no violencia\u201d, a cargo de Francisco Antar Mart\u00ednez Guzm\u00e1n, acad\u00e9mico de la Facultad de Psicolog\u00eda. La charla ofreci\u00f3 un panorama reflexivo sobre el papel de las masculinidades en la promoci\u00f3n de una cultura de paz y relaciones libres de violencia en el \u00e1mbito universitario.<\/p>\n\n\n\n<p class=\"wp-block-paragraph\">Durante su exposici\u00f3n, hablo de la conceptualizaci\u00f3n de la masculinidad como campo de estudio, de los obst\u00e1culos y desaf\u00edos actuales que enfrenta este tema y las propuestas para transformar las masculinidades en modelos no violentos y promotores de paz.<\/p>\n\n\n\n<p class=\"wp-block-paragraph\">Coment\u00f3 que el tema genera controversia y resistencia \u201cdebido a la desinformaci\u00f3n o tergiversaci\u00f3n, lo cual ha provocado en las academias poner un foco de atenci\u00f3n en las masculinidades como un elemento central que contribuir\u00e1 a generar condiciones sociales m\u00e1s justas, igualitarias y pac\u00edficas\u201d.<\/p>\n\n\n\n<p class=\"wp-block-paragraph\">Lo anterior, continu\u00f3, \u201cimplica un doble desaf\u00edo; por un lado, analizar y cuestionar el tema de manera rigurosa y por otro poner bajo cuestionamiento las propias creencias, la forma en que hemos sido educadas y educados, y esto siempre es un desaf\u00edo importante\u201d.<\/p>\n\n\n\n<p class=\"wp-block-paragraph\">Expuso, asimismo, que al conceptualizar la masculinidad es inevitable hablar de relaciones de g\u00e9nero. \u201cNo es un objeto aislado que se pueda estudiar aparte y tampoco una realidad independiente al complejo ordenamiento de g\u00e9nero que tenemos en nuestras sociedades\u201d.<\/p>\n\n\n\n<p class=\"wp-block-paragraph\">\u201cLa masculinidad es una posici\u00f3n en esa estructura, en ese sistema de g\u00e9nero en el cual vivimos; es un conjunto de normas, atributos, cualidades, caracter\u00edsticas e imaginarios culturales y sociales que se asocian al ser hombre\u201d, precis\u00f3.<\/p>\n\n\n\n<p class=\"wp-block-paragraph\">\u201cEn nuestras sociedades, la masculinidad tiende a organizarse de manera jer\u00e1rquica; por ende, la mayor parte del trabajo en torno a masculinidades tiene que ver con buscar transformar esas configuraciones que ocupan lugares hegem\u00f3nicos, y esto es porque presentan algunas caracter\u00edsticas que se considera necesario transformar para acceder a sociedades y entornos m\u00e1s igualitarios, pac\u00edficos y justos\u201d, sostuvo.<\/p>\n\n\n\n<p class=\"wp-block-paragraph\">Ejemplo lo anterior, explic\u00f3, es la relaci\u00f3n entre violencia y masculinidad. \u201cLa violencia no es necesariamente exclusiva de los masculinos, la violencia es una posibilidad humana, est\u00e1 en el repertorio de posibilidades comportamentales de cualquier persona de la especie humana, por lo que no es propia de los hombres. Bajo esta premisa, la idea es pensar en c\u00f3mo el trabajo con las comunidades nos puede ayudar en la construcci\u00f3n de la cultura de paz, la cual actualmente enfrenta varios desaf\u00edos que tienen que ver con el fortalecimiento de una masculinidad hegem\u00f3nica\u201d, dijo.<\/p>\n\n\n\n<p class=\"wp-block-paragraph\">Algunos obst\u00e1culos que se presentan en la transformaci\u00f3n de dichas estructuras, dijo, \u201cson la normalizaci\u00f3n y la naturalizaci\u00f3n de la violencia, as\u00ed como los esquemas sociales basados en la competencia y la rivalidad\u201d. Otro aspecto importante \u201ces la polarizaci\u00f3n afectiva y de <em>binarizaci\u00f3n<\/em> moral, las brechas intergeneracionales amplificadas y una serie de discursos reaccionarios y neoconservadores.<\/p>\n\n\n\n<p class=\"wp-block-paragraph\">En este contexto, las instituciones de Educaci\u00f3n Superior se enfrentan a varios desaf\u00edos: \u201cLas universidades tambi\u00e9n est\u00e1n permeadas por la cultura a la que pertenecen y esa cultura tiene elementos patriarcales y machistas. Debemos partir de ah\u00ed, de que necesitamos tambi\u00e9n repensar la instituci\u00f3n en t\u00e9rminos m\u00e1s igualitarios y democr\u00e1ticos a nivel de comunidad\u201d, propuso.<\/p>\n\n\n\n<p class=\"wp-block-paragraph\">En este sentido, para el ponente algunas de las pr\u00e1cticas que deben transformarse son: el abuso de poder y autoridad, la ausencia de patrones igualitarios, los se\u00f1alamientos a la vida personal, la invisibilizaci\u00f3n, as\u00ed como pr\u00e1cticas estereotipadas y ausencia de perspectiva de g\u00e9nero. Para lograrlo, comparti\u00f3 claves como: la gesti\u00f3n y transformaci\u00f3n del conflicto, la colaboraci\u00f3n y cooperaci\u00f3n frente a l\u00f3gicas competitivas y de rivalidad, pol\u00edticas del cuidado, liderazgos democr\u00e1ticos y de autoridades horizontales, as\u00ed como la formaci\u00f3n de criterio y reflexibilidad cr\u00edtica.<\/p>\n\n\n\n<p class=\"wp-block-paragraph\">\u201cUna de las claves para entender estas transformaciones es el desplazamiento de aquello que se considera poder\u201d, consider\u00f3. Sostuvo que la idea es que el tema de identidad de g\u00e9nero alg\u00fan d\u00eda sea irrelevante. \u201cPor ahora, parece que sigue jugando un papel muy importante. Un camino para llegar hacia all\u00e1 es reconocer precisamente que est\u00e1 jugando un papel importante y buscar estrategias de transformaci\u00f3n\u201d, a\u00f1adi\u00f3.<\/p>\n\n\n\n<p class=\"wp-block-paragraph\">Reflexion\u00f3 sobre el papel de las universidades. \u201cDir\u00eda, sin temor a equivocarme, que la UdeC tiene un desarrollo y avance vanguardista en estos temas. Cuenta con muchas iniciativas articuladas en torno a esta l\u00ednea de trabajo. La presencia de estos temas muestra el compromiso de la UdeC con esta l\u00ednea de trabajo; son cosas que forma ya estamos haciendo, que ya se vienen haciendo desde hace tiempo\u201d, dijo.<\/p>\n\n\n\n<p class=\"wp-block-paragraph\">Para finalizar, dijo que en la universidad, al tener como eje de sus funciones la docencia, la formaci\u00f3n de personas y ciudadanos, \u201cpor definici\u00f3n necesitamos integrar estos aspectos a nuestras competencias; hay que modificar esquemas, estudiar, escuchar, hacer un trabajo y, m\u00e1s que obedecer una normativa porque nos castigar\u00e1n o nos van a <em>funar<\/em> (quemar, balconear), necesitamos construir un criterio distinto -m\u00e1s amplio y complejo- que nos permita abordar de manera responsable y consciente las m\u00faltiples relaciones que configuran hoy el \u00e1mbito educativo\u201d, afirm\u00f3.<\/p>\n\n\n\n<figure class=\"wp-block-image size-large\"><img loading=\"lazy\" decoding=\"async\" width=\"1024\" height=\"583\" src=\"https:\/\/diarioavanzada.com.mx\/wp-content\/uploads\/2025\/06\/Conferencia-Masculinidades-y-cultura-de-paz_b-1024x583.jpg\" alt=\"\" class=\"wp-image-91727\" srcset=\"https:\/\/diarioavanzada.com.mx\/wp-content\/uploads\/2025\/06\/Conferencia-Masculinidades-y-cultura-de-paz_b-1024x583.jpg 1024w, https:\/\/diarioavanzada.com.mx\/wp-content\/uploads\/2025\/06\/Conferencia-Masculinidades-y-cultura-de-paz_b-300x171.jpg 300w, https:\/\/diarioavanzada.com.mx\/wp-content\/uploads\/2025\/06\/Conferencia-Masculinidades-y-cultura-de-paz_b-768x438.jpg 768w, https:\/\/diarioavanzada.com.mx\/wp-content\/uploads\/2025\/06\/Conferencia-Masculinidades-y-cultura-de-paz_b-1536x875.jpg 1536w, https:\/\/diarioavanzada.com.mx\/wp-content\/uploads\/2025\/06\/Conferencia-Masculinidades-y-cultura-de-paz_b-2048x1167.jpg 2048w, https:\/\/diarioavanzada.com.mx\/wp-content\/uploads\/2025\/06\/Conferencia-Masculinidades-y-cultura-de-paz_b-1200x684.jpg 1200w\" sizes=\"auto, (max-width: 1024px) 100vw, 1024px\" \/><\/figure>\n\n\n\n<figure class=\"wp-block-image size-large\"><img loading=\"lazy\" decoding=\"async\" width=\"1024\" height=\"551\" src=\"https:\/\/diarioavanzada.com.mx\/wp-content\/uploads\/2025\/06\/Conferencia-Masculinidades-y-cultura-de-paz_Antar-1024x551.jpg\" alt=\"\" class=\"wp-image-91728\" srcset=\"https:\/\/diarioavanzada.com.mx\/wp-content\/uploads\/2025\/06\/Conferencia-Masculinidades-y-cultura-de-paz_Antar-1024x551.jpg 1024w, https:\/\/diarioavanzada.com.mx\/wp-content\/uploads\/2025\/06\/Conferencia-Masculinidades-y-cultura-de-paz_Antar-300x161.jpg 300w, https:\/\/diarioavanzada.com.mx\/wp-content\/uploads\/2025\/06\/Conferencia-Masculinidades-y-cultura-de-paz_Antar-768x413.jpg 768w, https:\/\/diarioavanzada.com.mx\/wp-content\/uploads\/2025\/06\/Conferencia-Masculinidades-y-cultura-de-paz_Antar-1536x827.jpg 1536w, https:\/\/diarioavanzada.com.mx\/wp-content\/uploads\/2025\/06\/Conferencia-Masculinidades-y-cultura-de-paz_Antar-1200x646.jpg 1200w, https:\/\/diarioavanzada.com.mx\/wp-content\/uploads\/2025\/06\/Conferencia-Masculinidades-y-cultura-de-paz_Antar.jpg 2040w\" sizes=\"auto, (max-width: 1024px) 100vw, 1024px\" \/><\/figure>\n\n\n\n<figure class=\"wp-block-image size-large\"><img loading=\"lazy\" decoding=\"async\" width=\"1024\" height=\"603\" src=\"https:\/\/diarioavanzada.com.mx\/wp-content\/uploads\/2025\/06\/Conferencia-Masculinidades-y-cultura-de-paz_c-1024x603.jpg\" alt=\"\" class=\"wp-image-91730\" srcset=\"https:\/\/diarioavanzada.com.mx\/wp-content\/uploads\/2025\/06\/Conferencia-Masculinidades-y-cultura-de-paz_c-1024x603.jpg 1024w, https:\/\/diarioavanzada.com.mx\/wp-content\/uploads\/2025\/06\/Conferencia-Masculinidades-y-cultura-de-paz_c-300x177.jpg 300w, https:\/\/diarioavanzada.com.mx\/wp-content\/uploads\/2025\/06\/Conferencia-Masculinidades-y-cultura-de-paz_c-768x452.jpg 768w, https:\/\/diarioavanzada.com.mx\/wp-content\/uploads\/2025\/06\/Conferencia-Masculinidades-y-cultura-de-paz_c-1536x904.jpg 1536w, https:\/\/diarioavanzada.com.mx\/wp-content\/uploads\/2025\/06\/Conferencia-Masculinidades-y-cultura-de-paz_c-2048x1205.jpg 2048w, https:\/\/diarioavanzada.com.mx\/wp-content\/uploads\/2025\/06\/Conferencia-Masculinidades-y-cultura-de-paz_c-1200x706.jpg 1200w\" sizes=\"auto, (max-width: 1024px) 100vw, 1024px\" \/><\/figure>\n\n\n\n<figure class=\"wp-block-image size-large\"><img loading=\"lazy\" decoding=\"async\" width=\"1024\" height=\"602\" src=\"https:\/\/diarioavanzada.com.mx\/wp-content\/uploads\/2025\/06\/Conferencia-Masculinidades-y-cultura-de-paz_a-1024x602.jpg\" alt=\"\" class=\"wp-image-91731\" srcset=\"https:\/\/diarioavanzada.com.mx\/wp-content\/uploads\/2025\/06\/Conferencia-Masculinidades-y-cultura-de-paz_a-1024x602.jpg 1024w, https:\/\/diarioavanzada.com.mx\/wp-content\/uploads\/2025\/06\/Conferencia-Masculinidades-y-cultura-de-paz_a-300x176.jpg 300w, https:\/\/diarioavanzada.com.mx\/wp-content\/uploads\/2025\/06\/Conferencia-Masculinidades-y-cultura-de-paz_a-768x452.jpg 768w, https:\/\/diarioavanzada.com.mx\/wp-content\/uploads\/2025\/06\/Conferencia-Masculinidades-y-cultura-de-paz_a-1536x903.jpg 1536w, https:\/\/diarioavanzada.com.mx\/wp-content\/uploads\/2025\/06\/Conferencia-Masculinidades-y-cultura-de-paz_a-2048x1204.jpg 2048w, https:\/\/diarioavanzada.com.mx\/wp-content\/uploads\/2025\/06\/Conferencia-Masculinidades-y-cultura-de-paz_a-1200x706.jpg 1200w\" sizes=\"auto, (max-width: 1024px) 100vw, 1024px\" \/><\/figure>\n<div class=\"fb-background-color\">\n\t\t\t  <div \n\t\t\t  \tclass = \"fb-comments\" \n\t\t\t  \tdata-href = \"https:\/\/diarioavanzada.com.mx\/?p=91724\"\n\t\t\t  \tdata-numposts = \"10\"\n\t\t\t  \tdata-lazy = \"true\"\n\t\t\t\tdata-colorscheme = \"light\"\n\t\t\t\tdata-order-by = \"social\"\n\t\t\t\tdata-mobile=true>\n\t\t\t  <\/div><\/div>\n\t\t  <style>\n\t\t    .fb-background-color {\n\t\t\t\tbackground:  !important;\n\t\t\t}\n\t\t\t.fb_iframe_widget_fluid_desktop iframe {\n\t\t\t    width: 100% !important;\n\t\t\t}\n\t\t  <\/style>\n\t\t  ","protected":false},"excerpt":{"rendered":"<p>El acad\u00e9mico de la UdeC reflexion\u00f3 sobre masculinidades y cultura de paz en las Jornadas Acad\u00e9micas 2025 que organiza esta casa de estudios. Colima, M\u00e9xico, Comunicado (26\/06\/2025).- Como parte de las Jornadas Acad\u00e9micas 2025, este mi\u00e9rcoles se imparti\u00f3 de manera virtual la conferencia \u201cMasculinidades para una cultura de paz y no violencia\u201d, a cargo de [&hellip;]<\/p>\n","protected":false},"author":7,"featured_media":91726,"comment_status":"closed","ping_status":"closed","sticky":false,"template":"","format":"standard","meta":{"_coblocks_attr":"","_coblocks_dimensions":"","_coblocks_responsive_height":"","_coblocks_accordion_ie_support":"","_crdt_document":"","advanced_seo_description":"","jetpack_seo_html_title":"","jetpack_seo_noindex":false,"_jetpack_memberships_contains_paid_content":false,"footnotes":""},"categories":[19,209,7],"tags":[],"class_list":["post-91724","post","type-post","status-publish","format-standard","has-post-thumbnail","hentry","category-colima","category-importantes","category-noticias"],"jetpack_featured_media_url":"https:\/\/diarioavanzada.com.mx\/wp-content\/uploads\/2025\/06\/Conferencia-Masculinidades-y-cultura-de-paz-1.jpg","jetpack-related-posts":[],"jetpack_sharing_enabled":true,"amp_enabled":true,"_links":{"self":[{"href":"https:\/\/diarioavanzada.com.mx\/index.php?rest_route=\/wp\/v2\/posts\/91724","targetHints":{"allow":["GET"]}}],"collection":[{"href":"https:\/\/diarioavanzada.com.mx\/index.php?rest_route=\/wp\/v2\/posts"}],"about":[{"href":"https:\/\/diarioavanzada.com.mx\/index.php?rest_route=\/wp\/v2\/types\/post"}],"author":[{"embeddable":true,"href":"https:\/\/diarioavanzada.com.mx\/index.php?rest_route=\/wp\/v2\/users\/7"}],"replies":[{"embeddable":true,"href":"https:\/\/diarioavanzada.com.mx\/index.php?rest_route=%2Fwp%2Fv2%2Fcomments&post=91724"}],"version-history":[{"count":4,"href":"https:\/\/diarioavanzada.com.mx\/index.php?rest_route=\/wp\/v2\/posts\/91724\/revisions"}],"predecessor-version":[{"id":91733,"href":"https:\/\/diarioavanzada.com.mx\/index.php?rest_route=\/wp\/v2\/posts\/91724\/revisions\/91733"}],"wp:featuredmedia":[{"embeddable":true,"href":"https:\/\/diarioavanzada.com.mx\/index.php?rest_route=\/wp\/v2\/media\/91726"}],"wp:attachment":[{"href":"https:\/\/diarioavanzada.com.mx\/index.php?rest_route=%2Fwp%2Fv2%2Fmedia&parent=91724"}],"wp:term":[{"taxonomy":"category","embeddable":true,"href":"https:\/\/diarioavanzada.com.mx\/index.php?rest_route=%2Fwp%2Fv2%2Fcategories&post=91724"},{"taxonomy":"post_tag","embeddable":true,"href":"https:\/\/diarioavanzada.com.mx\/index.php?rest_route=%2Fwp%2Fv2%2Ftags&post=91724"}],"curies":[{"name":"wp","href":"https:\/\/api.w.org\/{rel}","templated":true}]}}