{"id":91723,"date":"2025-06-26T18:48:18","date_gmt":"2025-06-27T00:48:18","guid":{"rendered":"https:\/\/diarioavanzada.com.mx\/?p=91723"},"modified":"2025-06-26T18:48:18","modified_gmt":"2025-06-27T00:48:18","slug":"motociclistas-mueren-por-imprudentes-titular-de-movilidad","status":"publish","type":"post","link":"https:\/\/diarioavanzada.com.mx\/?p=91723","title":{"rendered":"Motociclistas mueren por imprudentes: Titular de Movilidad \ufffc"},"content":{"rendered":"\n<p class=\"p1 wp-block-paragraph\">Colima, M\u00e9xico, Avanzada (26\/06\/2025).- Al ser cuestionado sobre los recientes accidentes en los que varias personas han perdido la vida en Colima, el titular de la Subsecretar\u00eda de Movilidad, ingeniero Armando Gonz\u00e1lez Manzo, responsabiliz\u00f3 directamente a los conductores por conducir con imprudencia, en lugar de implementar pol\u00edticas p\u00fablicas preventivas desde su dependencia.<\/p>\n\n\n\n<p class=\"p1 wp-block-paragraph\">\u201cSiempre he dicho que hay que conducir con prudencia atendiendo los se\u00f1alamientos\u201d, expres\u00f3 Gonz\u00e1lez Manzo, quien destac\u00f3 que los motociclistas de plataformas como DiDi Food y Uber Food \u201cpor llegar pronto a la entrega cometen muchas irregularidades y violaciones al reglamento municipal\u201d. El funcionario llam\u00f3 a los conductores de motos a ser m\u00e1s cuidadosos, especialmente en temporada de lluvias, pero evit\u00f3 referirse a medidas institucionales para reducir la siniestralidad.<\/p>\n\n\n\n<p class=\"p1 wp-block-paragraph\">Las declaraciones contrastan con la misi\u00f3n, visi\u00f3n y valores que la Subsecretar\u00eda de Movilidad expone en su portal oficial, donde afirma ser una \u201cinstituci\u00f3n que planifica, regula, ejecuta, controla, eval\u00faa y gestiona la movilidad sustentable de forma segura y eficiente\u201d, con el objetivo de garantizar la protecci\u00f3n de peatones, ciclistas, usuarios de transporte p\u00fablico y automovilistas, priorizando la seguridad vial bajo criterios de equidad y sustentabilidad.<\/p>\n\n\n\n<p class=\"p1 wp-block-paragraph\">La subsecretar\u00eda sostiene que su misi\u00f3n es dise\u00f1ar y ejecutar pol\u00edticas p\u00fablicas para una movilidad segura, mientras que sus valores destacan la responsabilidad, el respeto, la transparencia y la vocaci\u00f3n de servicio. Sin embargo, los recientes siniestros y las declaraciones del titular exhiben una incongruencia entre los compromisos institucionales y la falta de estrategias efectivas para prevenir accidentes.<\/p>\n\n\n\n<p class=\"p1 wp-block-paragraph\">En lugar de presentar un plan de acci\u00f3n concreto para reducir los riesgos, Gonz\u00e1lez Manzo se limit\u00f3 a exhortar a los motociclistas a \u201ccuidar sus vidas\u201d manejando con prudencia, dejando de lado la obligaci\u00f3n institucional de crear condiciones viales seguras y supervisar el cumplimiento de las normas por parte de todos los actores de la movilidad.<\/p>\n\n\n\n<p class=\"p1 wp-block-paragraph\"><\/p>\n<div class=\"fb-background-color\">\n\t\t\t  <div \n\t\t\t  \tclass = \"fb-comments\" \n\t\t\t  \tdata-href = \"https:\/\/diarioavanzada.com.mx\/?p=91723\"\n\t\t\t  \tdata-numposts = \"10\"\n\t\t\t  \tdata-lazy = \"true\"\n\t\t\t\tdata-colorscheme = \"light\"\n\t\t\t\tdata-order-by = \"social\"\n\t\t\t\tdata-mobile=true>\n\t\t\t  <\/div><\/div>\n\t\t  <style>\n\t\t    .fb-background-color {\n\t\t\t\tbackground:  !important;\n\t\t\t}\n\t\t\t.fb_iframe_widget_fluid_desktop iframe {\n\t\t\t    width: 100% !important;\n\t\t\t}\n\t\t  <\/style>\n\t\t  ","protected":false},"excerpt":{"rendered":"<p>Colima, M\u00e9xico, Avanzada (26\/06\/2025).- Al ser cuestionado sobre los recientes accidentes en los que varias personas han perdido la vida en Colima, el titular de la Subsecretar\u00eda de Movilidad, ingeniero Armando Gonz\u00e1lez Manzo, responsabiliz\u00f3 directamente a los conductores por conducir con imprudencia, en lugar de implementar pol\u00edticas p\u00fablicas preventivas desde su dependencia. \u201cSiempre he dicho [&hellip;]<\/p>\n","protected":false},"author":7,"featured_media":91720,"comment_status":"closed","ping_status":"closed","sticky":false,"template":"","format":"standard","meta":{"_coblocks_attr":"","_coblocks_dimensions":"","_coblocks_responsive_height":"","_coblocks_accordion_ie_support":"","_crdt_document":"","advanced_seo_description":"","jetpack_seo_html_title":"","jetpack_seo_noindex":false,"_jetpack_memberships_contains_paid_content":false,"footnotes":""},"categories":[19,209,7,231],"tags":[210],"class_list":["post-91723","post","type-post","status-publish","format-standard","has-post-thumbnail","hentry","category-colima","category-importantes","category-noticias","category-seguridad","tag-portada"],"jetpack_featured_media_url":"https:\/\/diarioavanzada.com.mx\/wp-content\/uploads\/2025\/06\/img_5476-1.jpg","jetpack-related-posts":[],"jetpack_sharing_enabled":true,"amp_enabled":true,"_links":{"self":[{"href":"https:\/\/diarioavanzada.com.mx\/index.php?rest_route=\/wp\/v2\/posts\/91723","targetHints":{"allow":["GET"]}}],"collection":[{"href":"https:\/\/diarioavanzada.com.mx\/index.php?rest_route=\/wp\/v2\/posts"}],"about":[{"href":"https:\/\/diarioavanzada.com.mx\/index.php?rest_route=\/wp\/v2\/types\/post"}],"author":[{"embeddable":true,"href":"https:\/\/diarioavanzada.com.mx\/index.php?rest_route=\/wp\/v2\/users\/7"}],"replies":[{"embeddable":true,"href":"https:\/\/diarioavanzada.com.mx\/index.php?rest_route=%2Fwp%2Fv2%2Fcomments&post=91723"}],"version-history":[{"count":0,"href":"https:\/\/diarioavanzada.com.mx\/index.php?rest_route=\/wp\/v2\/posts\/91723\/revisions"}],"wp:featuredmedia":[{"embeddable":true,"href":"https:\/\/diarioavanzada.com.mx\/index.php?rest_route=\/wp\/v2\/media\/91720"}],"wp:attachment":[{"href":"https:\/\/diarioavanzada.com.mx\/index.php?rest_route=%2Fwp%2Fv2%2Fmedia&parent=91723"}],"wp:term":[{"taxonomy":"category","embeddable":true,"href":"https:\/\/diarioavanzada.com.mx\/index.php?rest_route=%2Fwp%2Fv2%2Fcategories&post=91723"},{"taxonomy":"post_tag","embeddable":true,"href":"https:\/\/diarioavanzada.com.mx\/index.php?rest_route=%2Fwp%2Fv2%2Ftags&post=91723"}],"curies":[{"name":"wp","href":"https:\/\/api.w.org\/{rel}","templated":true}]}}