{"id":91710,"date":"2025-06-26T18:48:03","date_gmt":"2025-06-27T00:48:03","guid":{"rendered":"https:\/\/diarioavanzada.com.mx\/?p=91710"},"modified":"2025-06-26T18:48:06","modified_gmt":"2025-06-27T00:48:06","slug":"docentes-participan-en-bootcamp-innova-emprende-para-fortalecer-espiritu-emprendedor","status":"publish","type":"post","link":"https:\/\/diarioavanzada.com.mx\/?p=91710","title":{"rendered":"Docentes participan en \u201cBootCamp Innova Emprende\u201d, para fortalecer esp\u00edritu emprendedor"},"content":{"rendered":"\n<p class=\"wp-block-paragraph\" id=\"block-886e9cbb-aea2-4129-b5e8-e1b2ec958c8b\"><em>\u201cQuienes atienden a nuestras y nuestros estudiantes deben contar con herramientas actualizadas que les permitan innovar, resolver problemas y mejorar la calidad del acompa\u00f1amiento que brindamos\u201d: Gerardo C\u00e1rdenas.<\/em><\/p>\n\n\n\n<p class=\"wp-block-paragraph\">Colima, M\u00e9xico, Comunicado (26\/06\/2025).- La ma\u00f1ana de este jueves inici\u00f3 el taller \u201cBootCamp Innova Emprende\u201d, organizado por la Direcci\u00f3n General de Tecnolog\u00edas Informacionales en colaboraci\u00f3n con la Direcci\u00f3n General de Innovaci\u00f3n y Cultura Emprendedora de la Universidad de Colima, como parte de las actividades de las Jornadas Acad\u00e9micas 2025: Enfoques actuales de la Educaci\u00f3n Superior en M\u00e9xico.<\/p>\n\n\n\n<p class=\"wp-block-paragraph\">Durante la ceremonia de apertura, Gerardo Emmanuel C\u00e1rdenas Villa, coordinador general de Tecnolog\u00edas de Informaci\u00f3n de la UdeC, destac\u00f3 que este taller representa una valiosa oportunidad para fortalecer las capacidades y habilidades del personal acad\u00e9mico y administrativo universitario, con una orientaci\u00f3n clara hacia la mejora continua.<\/p>\n\n\n\n<p class=\"wp-block-paragraph\">\u201cVivimos en un contexto donde la innovaci\u00f3n, el emprendimiento y la gesti\u00f3n eficiente de proyectos son pilares indispensables para el crecimiento organizacional. El objetivo central de este <em>bootcamp<\/em> es que ustedes, como participantes, adquieran una metodolog\u00eda \u00e1gil basada en los principios de <em>Lean Startup<\/em>, una filosof\u00eda que promueve la creaci\u00f3n y validaci\u00f3n r\u00e1pida de ideas, centrada en el aprendizaje constante, la eficiencia y el impacto\u201d, se\u00f1al\u00f3.<\/p>\n\n\n\n<p class=\"wp-block-paragraph\">Un <em>bootcamp<\/em> es un modelo de formaci\u00f3n intensiva, breve y altamente pr\u00e1ctico, dise\u00f1ado para que los participantes adquieran habilidades espec\u00edficas en un corto periodo de tiempo. Este formato se caracteriza por su enfoque din\u00e1mico y colaborativo, ideal para fomentar el aprendizaje activo, el trabajo en equipo y la resoluci\u00f3n de problemas reales.<\/p>\n\n\n\n<p class=\"wp-block-paragraph\">En este caso, el <em>bootcamp<\/em> se basa en la metodolog\u00eda <em>Lean Startup<\/em>, un enfoque de innovaci\u00f3n desarrollado por Eric Ries que propone lanzar productos o ideas r\u00e1pidamente, validarlas con usuarios reales y ajustar el rumbo seg\u00fan los resultados, priorizando el aprendizaje continuo y la eficiencia sobre los procesos tradicionales.<\/p>\n\n\n\n<p class=\"wp-block-paragraph\">C\u00e1rdenas Villa dijo que uno de los ejes fundamentales del taller es el fortalecimiento de competencias personales y sociales, tales como el trabajo colaborativo, el compromiso individual y colectivo, el respeto mutuo y una comunicaci\u00f3n transparente y asertiva. \u201cEstos elementos -afirm\u00f3- son clave no solo para el \u00e9xito de cualquier proyecto, sino tambi\u00e9n para el desarrollo de una cultura organizacional saludable, emp\u00e1tica y eficaz\u201d.<\/p>\n\n\n\n<p class=\"wp-block-paragraph\">Asimismo, remarc\u00f3 que este esfuerzo responde a una visi\u00f3n institucional que apuesta por la capacitaci\u00f3n continua del personal universitario, considerado parte esencial del engranaje que da vida a la Universidad. \u201cQuienes atienden a nuestras y nuestros estudiantes deben contar con herramientas actualizadas que les permitan innovar, resolver problemas y mejorar la calidad del acompa\u00f1amiento que brindamos\u201d.<\/p>\n\n\n\n<p class=\"wp-block-paragraph\">Por su parte, Krishna Neith Guzm\u00e1n Benavides, directora general de Innovaci\u00f3n y Cultura Emprendedora, explic\u00f3 que el taller busca mostrar el camino del emprendimiento como un proceso creativo y transformador:<\/p>\n\n\n\n<p class=\"wp-block-paragraph\">\u201cSer emprendedor no es otra cosa que atreverse a hacer las cosas de forma diferente. En este <em>bootcamp<\/em> queremos despertar ese impulso, brindar herramientas concretas y generar un entorno donde cada participante se sienta con la libertad y capacidad de innovar desde su rol dentro de la universidad\u201d, concluy\u00f3.<\/p>\n\n\n\n<p class=\"wp-block-paragraph\">El \u201cBootCamp Innova Emprende\u201d forma parte de una estrategia institucional m\u00e1s amplia que busca fomentar una cultura de innovaci\u00f3n, adaptabilidad y liderazgo dentro de la Universidad de Colima, en sinton\u00eda con los desaf\u00edos de la educaci\u00f3n superior en la actualidad.<\/p>\n\n\n\n<figure class=\"wp-block-image size-large\"><img loading=\"lazy\" decoding=\"async\" width=\"1024\" height=\"683\" src=\"https:\/\/diarioavanzada.com.mx\/wp-content\/uploads\/2025\/06\/Arranque-del-taller-taller-BootCamp-Innova-Emprende_Gerardo-1-1024x683.jpg\" alt=\"\" class=\"wp-image-91714\" srcset=\"https:\/\/diarioavanzada.com.mx\/wp-content\/uploads\/2025\/06\/Arranque-del-taller-taller-BootCamp-Innova-Emprende_Gerardo-1-1024x683.jpg 1024w, https:\/\/diarioavanzada.com.mx\/wp-content\/uploads\/2025\/06\/Arranque-del-taller-taller-BootCamp-Innova-Emprende_Gerardo-1-300x200.jpg 300w, https:\/\/diarioavanzada.com.mx\/wp-content\/uploads\/2025\/06\/Arranque-del-taller-taller-BootCamp-Innova-Emprende_Gerardo-1-768x512.jpg 768w, https:\/\/diarioavanzada.com.mx\/wp-content\/uploads\/2025\/06\/Arranque-del-taller-taller-BootCamp-Innova-Emprende_Gerardo-1-1200x800.jpg 1200w, https:\/\/diarioavanzada.com.mx\/wp-content\/uploads\/2025\/06\/Arranque-del-taller-taller-BootCamp-Innova-Emprende_Gerardo-1.jpg 1224w\" sizes=\"auto, (max-width: 1024px) 100vw, 1024px\" \/><\/figure>\n\n\n\n<figure class=\"wp-block-image size-large\"><img loading=\"lazy\" decoding=\"async\" width=\"1024\" height=\"683\" src=\"https:\/\/diarioavanzada.com.mx\/wp-content\/uploads\/2025\/06\/Arranque-del-taller-taller-BootCamp-Innova-Emprende_Krishna-1024x683.jpg\" alt=\"\" class=\"wp-image-91715\" srcset=\"https:\/\/diarioavanzada.com.mx\/wp-content\/uploads\/2025\/06\/Arranque-del-taller-taller-BootCamp-Innova-Emprende_Krishna-1024x683.jpg 1024w, https:\/\/diarioavanzada.com.mx\/wp-content\/uploads\/2025\/06\/Arranque-del-taller-taller-BootCamp-Innova-Emprende_Krishna-300x200.jpg 300w, https:\/\/diarioavanzada.com.mx\/wp-content\/uploads\/2025\/06\/Arranque-del-taller-taller-BootCamp-Innova-Emprende_Krishna-768x512.jpg 768w, https:\/\/diarioavanzada.com.mx\/wp-content\/uploads\/2025\/06\/Arranque-del-taller-taller-BootCamp-Innova-Emprende_Krishna-1200x800.jpg 1200w, https:\/\/diarioavanzada.com.mx\/wp-content\/uploads\/2025\/06\/Arranque-del-taller-taller-BootCamp-Innova-Emprende_Krishna.jpg 1224w\" sizes=\"auto, (max-width: 1024px) 100vw, 1024px\" \/><\/figure>\n\n\n\n<figure class=\"wp-block-image size-large\"><img loading=\"lazy\" decoding=\"async\" width=\"1024\" height=\"683\" src=\"https:\/\/diarioavanzada.com.mx\/wp-content\/uploads\/2025\/06\/Arranque-del-taller-taller-BootCamp-Innova-Emprende_a-1024x683.jpg\" alt=\"\" class=\"wp-image-91717\" srcset=\"https:\/\/diarioavanzada.com.mx\/wp-content\/uploads\/2025\/06\/Arranque-del-taller-taller-BootCamp-Innova-Emprende_a-1024x683.jpg 1024w, https:\/\/diarioavanzada.com.mx\/wp-content\/uploads\/2025\/06\/Arranque-del-taller-taller-BootCamp-Innova-Emprende_a-300x200.jpg 300w, https:\/\/diarioavanzada.com.mx\/wp-content\/uploads\/2025\/06\/Arranque-del-taller-taller-BootCamp-Innova-Emprende_a-768x512.jpg 768w, https:\/\/diarioavanzada.com.mx\/wp-content\/uploads\/2025\/06\/Arranque-del-taller-taller-BootCamp-Innova-Emprende_a-1200x800.jpg 1200w, https:\/\/diarioavanzada.com.mx\/wp-content\/uploads\/2025\/06\/Arranque-del-taller-taller-BootCamp-Innova-Emprende_a.jpg 1224w\" sizes=\"auto, (max-width: 1024px) 100vw, 1024px\" \/><\/figure>\n\n\n\n<figure class=\"wp-block-image size-large\"><img loading=\"lazy\" decoding=\"async\" width=\"1024\" height=\"683\" src=\"https:\/\/diarioavanzada.com.mx\/wp-content\/uploads\/2025\/06\/Arranque-del-taller-taller-BootCamp-Innova-Emprende-1024x683.jpg\" alt=\"\" class=\"wp-image-91718\" srcset=\"https:\/\/diarioavanzada.com.mx\/wp-content\/uploads\/2025\/06\/Arranque-del-taller-taller-BootCamp-Innova-Emprende-1024x683.jpg 1024w, https:\/\/diarioavanzada.com.mx\/wp-content\/uploads\/2025\/06\/Arranque-del-taller-taller-BootCamp-Innova-Emprende-300x200.jpg 300w, https:\/\/diarioavanzada.com.mx\/wp-content\/uploads\/2025\/06\/Arranque-del-taller-taller-BootCamp-Innova-Emprende-768x512.jpg 768w, https:\/\/diarioavanzada.com.mx\/wp-content\/uploads\/2025\/06\/Arranque-del-taller-taller-BootCamp-Innova-Emprende-1200x800.jpg 1200w, https:\/\/diarioavanzada.com.mx\/wp-content\/uploads\/2025\/06\/Arranque-del-taller-taller-BootCamp-Innova-Emprende.jpg 1224w\" sizes=\"auto, (max-width: 1024px) 100vw, 1024px\" \/><\/figure>\n\n\n\n<p class=\"wp-block-paragraph\"><\/p>\n<div class=\"fb-background-color\">\n\t\t\t  <div \n\t\t\t  \tclass = \"fb-comments\" \n\t\t\t  \tdata-href = \"https:\/\/diarioavanzada.com.mx\/?p=91710\"\n\t\t\t  \tdata-numposts = \"10\"\n\t\t\t  \tdata-lazy = \"true\"\n\t\t\t\tdata-colorscheme = \"light\"\n\t\t\t\tdata-order-by = \"social\"\n\t\t\t\tdata-mobile=true>\n\t\t\t  <\/div><\/div>\n\t\t  <style>\n\t\t    .fb-background-color {\n\t\t\t\tbackground:  !important;\n\t\t\t}\n\t\t\t.fb_iframe_widget_fluid_desktop iframe {\n\t\t\t    width: 100% !important;\n\t\t\t}\n\t\t  <\/style>\n\t\t  ","protected":false},"excerpt":{"rendered":"<p>\u201cQuienes atienden a nuestras y nuestros estudiantes deben contar con herramientas actualizadas que les permitan innovar, resolver problemas y mejorar la calidad del acompa\u00f1amiento que brindamos\u201d: Gerardo C\u00e1rdenas. Colima, M\u00e9xico, Comunicado (26\/06\/2025).- La ma\u00f1ana de este jueves inici\u00f3 el taller \u201cBootCamp Innova Emprende\u201d, organizado por la Direcci\u00f3n General de Tecnolog\u00edas Informacionales en colaboraci\u00f3n con la [&hellip;]<\/p>\n","protected":false},"author":7,"featured_media":91719,"comment_status":"closed","ping_status":"closed","sticky":false,"template":"","format":"standard","meta":{"_coblocks_attr":"","_coblocks_dimensions":"","_coblocks_responsive_height":"","_coblocks_accordion_ie_support":"","_crdt_document":"","advanced_seo_description":"","jetpack_seo_html_title":"","jetpack_seo_noindex":false,"_jetpack_memberships_contains_paid_content":false,"footnotes":""},"categories":[19,209,7],"tags":[],"class_list":["post-91710","post","type-post","status-publish","format-standard","has-post-thumbnail","hentry","category-colima","category-importantes","category-noticias"],"jetpack_featured_media_url":"https:\/\/diarioavanzada.com.mx\/wp-content\/uploads\/2025\/06\/Arranque-del-taller-taller-BootCamp-Innova-Emprende_b.jpg","jetpack-related-posts":[],"jetpack_sharing_enabled":true,"amp_enabled":true,"_links":{"self":[{"href":"https:\/\/diarioavanzada.com.mx\/index.php?rest_route=\/wp\/v2\/posts\/91710","targetHints":{"allow":["GET"]}}],"collection":[{"href":"https:\/\/diarioavanzada.com.mx\/index.php?rest_route=\/wp\/v2\/posts"}],"about":[{"href":"https:\/\/diarioavanzada.com.mx\/index.php?rest_route=\/wp\/v2\/types\/post"}],"author":[{"embeddable":true,"href":"https:\/\/diarioavanzada.com.mx\/index.php?rest_route=\/wp\/v2\/users\/7"}],"replies":[{"embeddable":true,"href":"https:\/\/diarioavanzada.com.mx\/index.php?rest_route=%2Fwp%2Fv2%2Fcomments&post=91710"}],"version-history":[{"count":6,"href":"https:\/\/diarioavanzada.com.mx\/index.php?rest_route=\/wp\/v2\/posts\/91710\/revisions"}],"predecessor-version":[{"id":91722,"href":"https:\/\/diarioavanzada.com.mx\/index.php?rest_route=\/wp\/v2\/posts\/91710\/revisions\/91722"}],"wp:featuredmedia":[{"embeddable":true,"href":"https:\/\/diarioavanzada.com.mx\/index.php?rest_route=\/wp\/v2\/media\/91719"}],"wp:attachment":[{"href":"https:\/\/diarioavanzada.com.mx\/index.php?rest_route=%2Fwp%2Fv2%2Fmedia&parent=91710"}],"wp:term":[{"taxonomy":"category","embeddable":true,"href":"https:\/\/diarioavanzada.com.mx\/index.php?rest_route=%2Fwp%2Fv2%2Fcategories&post=91710"},{"taxonomy":"post_tag","embeddable":true,"href":"https:\/\/diarioavanzada.com.mx\/index.php?rest_route=%2Fwp%2Fv2%2Ftags&post=91710"}],"curies":[{"name":"wp","href":"https:\/\/api.w.org\/{rel}","templated":true}]}}