{"id":91693,"date":"2025-06-26T18:36:41","date_gmt":"2025-06-27T00:36:41","guid":{"rendered":"https:\/\/diarioavanzada.com.mx\/?p=91693"},"modified":"2025-06-26T18:36:43","modified_gmt":"2025-06-27T00:36:43","slug":"participa-udec-en-foros-internacionales-sobre-sostenibilidad-y-vinculacion-universitaria","status":"publish","type":"post","link":"https:\/\/diarioavanzada.com.mx\/?p=91693","title":{"rendered":"Participa UdeC en foros internacionales sobre sostenibilidad y vinculaci\u00f3n universitaria"},"content":{"rendered":"\n<p class=\"wp-block-paragraph\"><em>La Universidad de Colima forma parte activa de EPIC-LAC, la red regional para Am\u00e9rica Latina y el Caribe, y ha sido reconocida por su capacidad de impulsar iniciativas transformadoras alineadas con los Objetivos de Desarrollo Sostenible (ODS) de la ONU.<\/em><\/p>\n\n\n\n<p class=\"wp-block-paragraph\">Colima, M\u00e9xico, Comunicado (26\/06\/2025).- Con una s\u00f3lida visi\u00f3n internacionalista y un firme compromiso con la sostenibilidad, la Universidad de Colima (UdeC) particip\u00f3 en el <strong>Congreso de Investigaci\u00f3n e Innovaci\u00f3n en Sostenibilidad<\/strong> (SRI 2025) y en la Conferencia de la Red EPIC 2025, eventos globales que reunieron, del 16 al 19 de junio, a m\u00e1s de mil participantes de 60 pa\u00edses en la ciudad de Chicago, Illinois, Estados Unidos.<\/p>\n\n\n\n<p class=\"wp-block-paragraph\">Este a\u00f1o, por primera vez, ambos foros se llevaron a cabo de manera conjunta gracias a la alianza estrat\u00e9gica entre EPIC-N (University\u2013Community Exchange Partnership &amp; Innovation Network) y SRI 2025, lo que permiti\u00f3 una sinergia sin precedentes entre ciencia, pol\u00edtica p\u00fablica y acci\u00f3n comunitaria.<\/p>\n\n\n\n<p class=\"wp-block-paragraph\">El Congreso que fue inaugurado por el presidente del Sistema de la Universidad de Illinois, Timothy Killeen, y el gobernador del estado, J. B. Pritzker, con la participaci\u00f3n de m\u00e1s de mil cient\u00edficos. Su objetivo fue reflexionar sobre los principales desaf\u00edos en pol\u00edticas p\u00fablicas, financiamiento y educaci\u00f3n.<\/p>\n\n\n\n<p class=\"wp-block-paragraph\"><strong>Participaci\u00f3n en el SRI 2025<\/strong><\/p>\n\n\n\n<p class=\"wp-block-paragraph\">El <em>Sustainability Research and Innovation Congress<\/em> 2025 (SRI 2025) se celebr\u00f3 del 16 al 19 de junio en el Sheraton Grand Chicago Riverwalk, como un evento h\u00edbrido que abord\u00f3 problem\u00e1ticas cr\u00edticas en sostenibilidad desde m\u00faltiples enfoques.<\/p>\n\n\n\n<p class=\"wp-block-paragraph\">Los temas centrales incluyeron la conexi\u00f3n entre salud humana, animal y planetaria, el involucramiento comunitario en soluciones sostenibles, tecnolog\u00edas emergentes aplicadas a la sostenibilidad y la integraci\u00f3n de energ\u00eda, alimentos, agua e infraestructura.<\/p>\n\n\n\n<p class=\"wp-block-paragraph\">Adem\u00e1s de compartir estrategias exitosas a nivel local y global, el congreso facilit\u00f3 la discusi\u00f3n sobre c\u00f3mo superar barreras pol\u00edticas, estructurales y de financiamiento que limitan la acci\u00f3n sostenible.<\/p>\n\n\n\n<p class=\"wp-block-paragraph\">En este contexto, la Universidad de Colima tuvo una presencia relevante y estrat\u00e9gica, no solo como asistente sino como promotora de redes de colaboraci\u00f3n e intercambio de conocimientos.<\/p>\n\n\n\n<p class=\"wp-block-paragraph\">La delegaci\u00f3n universitaria estuvo integrada por Oscar Javier Solorio P\u00e9rez, coordinador general de Vinculaci\u00f3n y por Yadira Sigler Ch\u00e1vez, responsable del \u00c1rea de Desarrollo Sostenible y Carolina Gallegos Maga\u00f1a, responsable de Proyectos Espec\u00edficos de Desarrollo Sostenible, ambas adscritas a esta misma coordinaci\u00f3n<\/p>\n\n\n\n<p class=\"wp-block-paragraph\">Durante su estancia en Chicago, sostuvieron encuentros con l\u00edderes acad\u00e9micos como Jay Walsh, vicepresidente interino de Desarrollo Econ\u00f3mico e Innovaci\u00f3n del Sistema de la Universidad de Illinois, y Elvira de Mej\u00eda, directora de Relaciones Institucionales-M\u00e9xico. Estas reuniones consolidaron los lazos de colaboraci\u00f3n entre la UdeC y una de las redes universitarias m\u00e1s importantes del medio oeste estadounidense.<\/p>\n\n\n\n<p class=\"wp-block-paragraph\"><strong>EPIC 2025: Universidad y comunidad para un desarrollo sostenible<\/strong><\/p>\n\n\n\n<p class=\"wp-block-paragraph\">Simult\u00e1neamente al SRI, se desarroll\u00f3 la Conferencia EPIC 2025, foro centrado en el modelo EPIC (<em>Experiential Philanthropy, Innovation and Community<\/em>), que promueve el trabajo conjunto entre universidades y comunidades para generar proyectos sostenibles con impacto real.<\/p>\n\n\n\n<p class=\"wp-block-paragraph\"><a>La Universidad de Colima forma parte activa de EPIC-LAC, la red regional para Am\u00e9rica Latina y el Caribe, y ha sido reconocida por su capacidad de impulsar iniciativas transformadoras alineadas con los Objetivos de Desarrollo Sostenible (ODS) de la ONU.<\/a><\/p>\n\n\n\n<p class=\"wp-block-paragraph\">Durante esta conferencia se abordaron temas como: Sostenibilidad ambiental y econom\u00eda circular, innovaci\u00f3n tecnol\u00f3gica en energ\u00eda, agricultura y manejo de residuos, colaboraci\u00f3n multisectorial, con participaci\u00f3n de empresas, gobiernos y sociedad civil y pol\u00edticas p\u00fablicas sostenibles como marco regulador del cambio.<\/p>\n\n\n\n<p class=\"wp-block-paragraph\"><strong>M\u00e9xico en el escenario global<\/strong><\/p>\n\n\n\n<p class=\"wp-block-paragraph\">La participaci\u00f3n de universidades mexicanas en estos encuentros fue significativa. Junto a la Universidad de Colima, destac\u00f3 la Universidad Nacional Aut\u00f3noma de M\u00e9xico (UNAM), que intervino en debates sobre ciencia y sostenibilidad. Soledad Funes, coordinadora de Investigaci\u00f3n Cient\u00edfica de la UNAM, subray\u00f3 la necesidad de vincular ciencia, pol\u00edtica p\u00fablica y comunidad como clave para una transformaci\u00f3n real.<\/p>\n\n\n\n<p class=\"wp-block-paragraph\">Ambas instituciones mexicanas mostraron el potencial del pa\u00eds para contribuir con soluciones innovadoras a desaf\u00edos globales como el cambio clim\u00e1tico, la inequidad social y la transici\u00f3n energ\u00e9tica.<\/p>\n\n\n\n<p class=\"wp-block-paragraph\">La participaci\u00f3n de la Universidad de Colima en el SRI 2025 y la Conferencia EPIC 2025 consolida su posici\u00f3n como instituci\u00f3n l\u00edder en la integraci\u00f3n de la sostenibilidad y la internacionalizaci\u00f3n.<\/p>\n\n\n\n<figure class=\"wp-block-image size-large\"><img loading=\"lazy\" decoding=\"async\" width=\"1024\" height=\"768\" src=\"https:\/\/diarioavanzada.com.mx\/wp-content\/uploads\/2025\/06\/Participa-UdeC-en-foros-internacionales-sobre-sostenibilidad-y-vinculacion_a-1024x768.jpeg\" alt=\"\" class=\"wp-image-91695\" srcset=\"https:\/\/diarioavanzada.com.mx\/wp-content\/uploads\/2025\/06\/Participa-UdeC-en-foros-internacionales-sobre-sostenibilidad-y-vinculacion_a-1024x768.jpeg 1024w, https:\/\/diarioavanzada.com.mx\/wp-content\/uploads\/2025\/06\/Participa-UdeC-en-foros-internacionales-sobre-sostenibilidad-y-vinculacion_a-300x225.jpeg 300w, https:\/\/diarioavanzada.com.mx\/wp-content\/uploads\/2025\/06\/Participa-UdeC-en-foros-internacionales-sobre-sostenibilidad-y-vinculacion_a-768x576.jpeg 768w, https:\/\/diarioavanzada.com.mx\/wp-content\/uploads\/2025\/06\/Participa-UdeC-en-foros-internacionales-sobre-sostenibilidad-y-vinculacion_a-1536x1152.jpeg 1536w, https:\/\/diarioavanzada.com.mx\/wp-content\/uploads\/2025\/06\/Participa-UdeC-en-foros-internacionales-sobre-sostenibilidad-y-vinculacion_a-1200x900.jpeg?crop=1 1200w, https:\/\/diarioavanzada.com.mx\/wp-content\/uploads\/2025\/06\/Participa-UdeC-en-foros-internacionales-sobre-sostenibilidad-y-vinculacion_a-800x600.jpeg?crop=1 800w, https:\/\/diarioavanzada.com.mx\/wp-content\/uploads\/2025\/06\/Participa-UdeC-en-foros-internacionales-sobre-sostenibilidad-y-vinculacion_a-600x450.jpeg?crop=1 600w, https:\/\/diarioavanzada.com.mx\/wp-content\/uploads\/2025\/06\/Participa-UdeC-en-foros-internacionales-sobre-sostenibilidad-y-vinculacion_a-400x300.jpeg?crop=1 400w, https:\/\/diarioavanzada.com.mx\/wp-content\/uploads\/2025\/06\/Participa-UdeC-en-foros-internacionales-sobre-sostenibilidad-y-vinculacion_a-200x150.jpeg?crop=1 200w, https:\/\/diarioavanzada.com.mx\/wp-content\/uploads\/2025\/06\/Participa-UdeC-en-foros-internacionales-sobre-sostenibilidad-y-vinculacion_a.jpeg 1600w\" sizes=\"auto, (max-width: 1024px) 100vw, 1024px\" \/><\/figure>\n\n\n\n<figure class=\"wp-block-image size-large\"><img loading=\"lazy\" decoding=\"async\" width=\"1024\" height=\"576\" src=\"https:\/\/diarioavanzada.com.mx\/wp-content\/uploads\/2025\/06\/Participa-UdeC-en-foros-internacionales-sobre-sostenibilidad-y-vinculacion-1024x576.jpeg\" alt=\"\" class=\"wp-image-91698\" srcset=\"https:\/\/diarioavanzada.com.mx\/wp-content\/uploads\/2025\/06\/Participa-UdeC-en-foros-internacionales-sobre-sostenibilidad-y-vinculacion-1024x576.jpeg 1024w, https:\/\/diarioavanzada.com.mx\/wp-content\/uploads\/2025\/06\/Participa-UdeC-en-foros-internacionales-sobre-sostenibilidad-y-vinculacion-300x169.jpeg 300w, https:\/\/diarioavanzada.com.mx\/wp-content\/uploads\/2025\/06\/Participa-UdeC-en-foros-internacionales-sobre-sostenibilidad-y-vinculacion-768x432.jpeg 768w, https:\/\/diarioavanzada.com.mx\/wp-content\/uploads\/2025\/06\/Participa-UdeC-en-foros-internacionales-sobre-sostenibilidad-y-vinculacion-1536x864.jpeg 1536w, https:\/\/diarioavanzada.com.mx\/wp-content\/uploads\/2025\/06\/Participa-UdeC-en-foros-internacionales-sobre-sostenibilidad-y-vinculacion-1200x675.jpeg 1200w, https:\/\/diarioavanzada.com.mx\/wp-content\/uploads\/2025\/06\/Participa-UdeC-en-foros-internacionales-sobre-sostenibilidad-y-vinculacion.jpeg 1600w\" sizes=\"auto, (max-width: 1024px) 100vw, 1024px\" \/><\/figure>\n\n\n\n<p class=\"wp-block-paragraph\"><\/p>\n<div class=\"fb-background-color\">\n\t\t\t  <div \n\t\t\t  \tclass = \"fb-comments\" \n\t\t\t  \tdata-href = \"https:\/\/diarioavanzada.com.mx\/?p=91693\"\n\t\t\t  \tdata-numposts = \"10\"\n\t\t\t  \tdata-lazy = \"true\"\n\t\t\t\tdata-colorscheme = \"light\"\n\t\t\t\tdata-order-by = \"social\"\n\t\t\t\tdata-mobile=true>\n\t\t\t  <\/div><\/div>\n\t\t  <style>\n\t\t    .fb-background-color {\n\t\t\t\tbackground:  !important;\n\t\t\t}\n\t\t\t.fb_iframe_widget_fluid_desktop iframe {\n\t\t\t    width: 100% !important;\n\t\t\t}\n\t\t  <\/style>\n\t\t  ","protected":false},"excerpt":{"rendered":"<p>La Universidad de Colima forma parte activa de EPIC-LAC, la red regional para Am\u00e9rica Latina y el Caribe, y ha sido reconocida por su capacidad de impulsar iniciativas transformadoras alineadas con los Objetivos de Desarrollo Sostenible (ODS) de la ONU. Colima, M\u00e9xico, Comunicado (26\/06\/2025).- Con una s\u00f3lida visi\u00f3n internacionalista y un firme compromiso con la [&hellip;]<\/p>\n","protected":false},"author":7,"featured_media":91696,"comment_status":"closed","ping_status":"closed","sticky":false,"template":"","format":"standard","meta":{"_coblocks_attr":"","_coblocks_dimensions":"","_coblocks_responsive_height":"","_coblocks_accordion_ie_support":"","_crdt_document":"","advanced_seo_description":"","jetpack_seo_html_title":"","jetpack_seo_noindex":false,"_jetpack_memberships_contains_paid_content":false,"footnotes":""},"categories":[19,209,7],"tags":[],"class_list":["post-91693","post","type-post","status-publish","format-standard","has-post-thumbnail","hentry","category-colima","category-importantes","category-noticias"],"jetpack_featured_media_url":"https:\/\/diarioavanzada.com.mx\/wp-content\/uploads\/2025\/06\/Participa-UdeC-en-foros-internacionales-sobre-sostenibilidad-y-vinculacion_b.jpeg","jetpack-related-posts":[],"jetpack_sharing_enabled":true,"amp_enabled":true,"_links":{"self":[{"href":"https:\/\/diarioavanzada.com.mx\/index.php?rest_route=\/wp\/v2\/posts\/91693","targetHints":{"allow":["GET"]}}],"collection":[{"href":"https:\/\/diarioavanzada.com.mx\/index.php?rest_route=\/wp\/v2\/posts"}],"about":[{"href":"https:\/\/diarioavanzada.com.mx\/index.php?rest_route=\/wp\/v2\/types\/post"}],"author":[{"embeddable":true,"href":"https:\/\/diarioavanzada.com.mx\/index.php?rest_route=\/wp\/v2\/users\/7"}],"replies":[{"embeddable":true,"href":"https:\/\/diarioavanzada.com.mx\/index.php?rest_route=%2Fwp%2Fv2%2Fcomments&post=91693"}],"version-history":[{"count":3,"href":"https:\/\/diarioavanzada.com.mx\/index.php?rest_route=\/wp\/v2\/posts\/91693\/revisions"}],"predecessor-version":[{"id":91699,"href":"https:\/\/diarioavanzada.com.mx\/index.php?rest_route=\/wp\/v2\/posts\/91693\/revisions\/91699"}],"wp:featuredmedia":[{"embeddable":true,"href":"https:\/\/diarioavanzada.com.mx\/index.php?rest_route=\/wp\/v2\/media\/91696"}],"wp:attachment":[{"href":"https:\/\/diarioavanzada.com.mx\/index.php?rest_route=%2Fwp%2Fv2%2Fmedia&parent=91693"}],"wp:term":[{"taxonomy":"category","embeddable":true,"href":"https:\/\/diarioavanzada.com.mx\/index.php?rest_route=%2Fwp%2Fv2%2Fcategories&post=91693"},{"taxonomy":"post_tag","embeddable":true,"href":"https:\/\/diarioavanzada.com.mx\/index.php?rest_route=%2Fwp%2Fv2%2Ftags&post=91693"}],"curies":[{"name":"wp","href":"https:\/\/api.w.org\/{rel}","templated":true}]}}