{"id":91659,"date":"2025-06-26T12:48:38","date_gmt":"2025-06-26T18:48:38","guid":{"rendered":"https:\/\/diarioavanzada.com.mx\/?p=91659"},"modified":"2025-06-26T12:48:38","modified_gmt":"2025-06-26T18:48:38","slug":"nacho-peralta-bromea-saliendo-del-juzgado-penal-aqui-casual-visitando-a-las-estrellas","status":"publish","type":"post","link":"https:\/\/diarioavanzada.com.mx\/?p=91659","title":{"rendered":"Nacho Peralta bromea saliendo del Juzgado Penal: aqu\u00ed, casual, \u201cvisitando a las estrellas\u201d"},"content":{"rendered":"\n<p class=\"p1 wp-block-paragraph\">Colima, M\u00e9xico, Avanzada (26\/06\/2025).- Enfundado en una actitud relajada, sonriente y sin asomo de preocupaci\u00f3n, el exgobernador de Colima, Jos\u00e9 Ignacio Peralta S\u00e1nchez, reapareci\u00f3 este martes ante la prensa tras acudir al juzgado penal donde enfrenta un proceso judicial del cual evit\u00f3 dar detalles. Su respuesta inicial, cargada de sarcasmo y ligereza, marc\u00f3 el tono del breve pero revelador encuentro con los medios: <em>\u201c\u00bfQu\u00e9 andas haciendo aqu\u00ed, Nacho?\u201d<\/em> \u2014le preguntaron\u2014 <em>\u201cPues visitando a las estrellas\u201d<\/em>, respondi\u00f3, para luego a\u00f1adir: <em>\u201cPero las estrellas son ustedes\u201d<\/em>.<\/p>\n\n\n\n<p class=\"p1 wp-block-paragraph\">Con visible deterioro f\u00edsico, cabello encanecido y sin la cl\u00e1sica cabellera negra que lo distingui\u00f3 durante su mandato, Peralta no perdi\u00f3 la oportunidad de presumir la construcci\u00f3n del propio edificio judicial al que fue llamado:<em> \u201cEste lo hice yo\u201d<\/em>, dijo, haciendo referencia al inmueble, sin mostrar incomodidad por su situaci\u00f3n legal ni culpa alguna por los se\u00f1alamientos que persisten en su contra.<\/p>\n\n\n\n<p class=\"p1 wp-block-paragraph\">Al ser cuestionado sobre el proceso que enfrenta y las demandas ciudadanas por justicia, se limit\u00f3 a contestar que se respetar\u00e1 el debido proceso: <em>\u201cCuando exista la posibilidad jur\u00eddica de hacer comentarios, los haremos. Por lo pronto, estamos atendiendo los llamados que nos hagan de acuerdo a la ley y aqu\u00ed estamos, con mucho gusto\u201d.<\/em><\/p>\n\n\n\n<p class=\"p1 wp-block-paragraph\">Durante la improvisada entrevista, Peralta habl\u00f3 m\u00e1s de su vida personal que de su situaci\u00f3n jur\u00eddica. Dijo haber \u201cpuesto distancia de la pol\u00edtica\u201d y actualmente reside en la Ciudad de M\u00e9xico, donde trabaja en el sector privado, da clases y realiza consultor\u00edas. <em>\u201cEstoy reinvent\u00e1ndome despu\u00e9s de tantos a\u00f1os en la pol\u00edtica\u2026 Estoy viendo los toros desde la barrera\u201d<\/em>, expres\u00f3, al tiempo que reconoc\u00eda que cuando se trae el tema pol\u00edtico \u201cen el ADN\u201d, es dif\u00edcil desconectarse del todo.<\/p>\n\n\n\n<p class=\"p1 wp-block-paragraph\">Sobre su relaci\u00f3n con la actual gobernadora, Indira Vizca\u00edno Silva, Peralta fue diplom\u00e1tico:<em> \u201cCada quien en su camino\u201d.<\/em> A\u00f1adi\u00f3 que sigue atento a lo que ocurre en Colima, \u201cuna entidad a la que le tengo tanto cari\u00f1o y de la cual fui durante seis a\u00f1os responsable\u201d.<\/p>\n\n\n\n<p class=\"p1 wp-block-paragraph\">Tambi\u00e9n evit\u00f3 profundizar sobre la presidenta de la Rep\u00fablica, Claudia Sheinbaum, y sobre el proceso de reforma al Poder Judicial. Sin embargo, expres\u00f3 estar a favor del fortalecimiento del Estado de Derecho y de las instituciones, aunque reconoci\u00f3 que <em>\u201cla pol\u00edtica no siempre es como deber\u00eda ser, sino como es\u201d.<\/em><\/p>\n\n\n\n<p class=\"p1 wp-block-paragraph\">A pregunta expresa sobre si volver\u00e1 a Colima, su respuesta fue tan ambigua como simb\u00f3lica: <em>\u201cA Colima y a la patria siempre vamos a volver\u201d.<\/em><\/p>\n\n\n\n<p class=\"p1 wp-block-paragraph\">Aunque su rostro evidencia el paso del tiempo, Nacho Peralta se mostr\u00f3 confiado, seguro, e incluso bromista. En esta reaparici\u00f3n p\u00fablica, m\u00e1s que rendir cuentas, pareci\u00f3 disfrutar de la atenci\u00f3n medi\u00e1tica, reafirmando que, a pesar de su distancia con la pol\u00edtica activa, sigue siendo un actor que no se ha retirado del todo del escenario.<\/p>\n\n\n\n<p class=\"p1 wp-block-paragraph\"><\/p>\n\n\n\n<p class=\"p1 wp-block-paragraph\"><\/p>\n<div class=\"fb-background-color\">\n\t\t\t  <div \n\t\t\t  \tclass = \"fb-comments\" \n\t\t\t  \tdata-href = \"https:\/\/diarioavanzada.com.mx\/?p=91659\"\n\t\t\t  \tdata-numposts = \"10\"\n\t\t\t  \tdata-lazy = \"true\"\n\t\t\t\tdata-colorscheme = \"light\"\n\t\t\t\tdata-order-by = \"social\"\n\t\t\t\tdata-mobile=true>\n\t\t\t  <\/div><\/div>\n\t\t  <style>\n\t\t    .fb-background-color {\n\t\t\t\tbackground:  !important;\n\t\t\t}\n\t\t\t.fb_iframe_widget_fluid_desktop iframe {\n\t\t\t    width: 100% !important;\n\t\t\t}\n\t\t  <\/style>\n\t\t  ","protected":false},"excerpt":{"rendered":"<p>Colima, M\u00e9xico, Avanzada (26\/06\/2025).- Enfundado en una actitud relajada, sonriente y sin asomo de preocupaci\u00f3n, el exgobernador de Colima, Jos\u00e9 Ignacio Peralta S\u00e1nchez, reapareci\u00f3 este martes ante la prensa tras acudir al juzgado penal donde enfrenta un proceso judicial del cual evit\u00f3 dar detalles. Su respuesta inicial, cargada de sarcasmo y ligereza, marc\u00f3 el tono [&hellip;]<\/p>\n","protected":false},"author":7,"featured_media":91658,"comment_status":"closed","ping_status":"closed","sticky":false,"template":"","format":"standard","meta":{"_coblocks_attr":"","_coblocks_dimensions":"","_coblocks_responsive_height":"","_coblocks_accordion_ie_support":"","_crdt_document":"","advanced_seo_description":"","jetpack_seo_html_title":"","jetpack_seo_noindex":false,"_jetpack_memberships_contains_paid_content":false,"footnotes":""},"categories":[19,209,7],"tags":[210],"class_list":["post-91659","post","type-post","status-publish","format-standard","has-post-thumbnail","hentry","category-colima","category-importantes","category-noticias","tag-portada"],"jetpack_featured_media_url":"https:\/\/diarioavanzada.com.mx\/wp-content\/uploads\/2025\/06\/img_3285-1.jpg","jetpack-related-posts":[],"jetpack_sharing_enabled":true,"amp_enabled":true,"_links":{"self":[{"href":"https:\/\/diarioavanzada.com.mx\/index.php?rest_route=\/wp\/v2\/posts\/91659","targetHints":{"allow":["GET"]}}],"collection":[{"href":"https:\/\/diarioavanzada.com.mx\/index.php?rest_route=\/wp\/v2\/posts"}],"about":[{"href":"https:\/\/diarioavanzada.com.mx\/index.php?rest_route=\/wp\/v2\/types\/post"}],"author":[{"embeddable":true,"href":"https:\/\/diarioavanzada.com.mx\/index.php?rest_route=\/wp\/v2\/users\/7"}],"replies":[{"embeddable":true,"href":"https:\/\/diarioavanzada.com.mx\/index.php?rest_route=%2Fwp%2Fv2%2Fcomments&post=91659"}],"version-history":[{"count":1,"href":"https:\/\/diarioavanzada.com.mx\/index.php?rest_route=\/wp\/v2\/posts\/91659\/revisions"}],"predecessor-version":[{"id":91660,"href":"https:\/\/diarioavanzada.com.mx\/index.php?rest_route=\/wp\/v2\/posts\/91659\/revisions\/91660"}],"wp:featuredmedia":[{"embeddable":true,"href":"https:\/\/diarioavanzada.com.mx\/index.php?rest_route=\/wp\/v2\/media\/91658"}],"wp:attachment":[{"href":"https:\/\/diarioavanzada.com.mx\/index.php?rest_route=%2Fwp%2Fv2%2Fmedia&parent=91659"}],"wp:term":[{"taxonomy":"category","embeddable":true,"href":"https:\/\/diarioavanzada.com.mx\/index.php?rest_route=%2Fwp%2Fv2%2Fcategories&post=91659"},{"taxonomy":"post_tag","embeddable":true,"href":"https:\/\/diarioavanzada.com.mx\/index.php?rest_route=%2Fwp%2Fv2%2Ftags&post=91659"}],"curies":[{"name":"wp","href":"https:\/\/api.w.org\/{rel}","templated":true}]}}