{"id":91543,"date":"2025-06-25T13:46:45","date_gmt":"2025-06-25T19:46:45","guid":{"rendered":"https:\/\/diarioavanzada.com.mx\/?p=91543"},"modified":"2025-06-25T13:46:45","modified_gmt":"2025-06-25T19:46:45","slug":"la-beneficencia-como-estrategia-electoral","status":"publish","type":"post","link":"https:\/\/diarioavanzada.com.mx\/?p=91543","title":{"rendered":"La beneficencia como estrategia electoral"},"content":{"rendered":"\n<p class=\"wp-block-paragraph\"><strong>Malas Compa\u00f1\u00edas<\/strong><\/p>\n\n\n\n<p class=\"wp-block-paragraph\">Autor: Mario Alberto Sol\u00eds Espinosa.<\/p>\n\n\n\n<p class=\"p1 wp-block-paragraph\">El Telet\u00f3n, evento de beneficencia a gran escala organizado por Televisa, sin duda ha dejado beneficios a un sector de la poblaci\u00f3n que no recibe la atenci\u00f3n a la que tiene derecho por parte de las instituciones del Estado, pero tambi\u00e9n se ha convertido en una oportunidad para lavar la cara, purificar fortunas y congraciar a gobernantes corruptos e ineficaces con una sociedad proclive al chantaje sentimental.<\/p>\n\n\n\n<p class=\"p1 wp-block-paragraph\">A engordar el cochinito que reparten los herederos de la familia Azc\u00e1rraga han contribuido toda suerte de personajes de la c\u00fapula gubernamental, desde el desprestigiado Enrique Pe\u00f1a Nieto hasta Andr\u00e9s Manuel L\u00f3pez Obrador, quien perdon\u00f3 todas las ofensas del consorcio televisivo una vez que accedi\u00f3 al poder.<\/p>\n\n\n\n<p class=\"p1 wp-block-paragraph\">Por supuesto, no faltan los gobernadores que, con el pretexto de apoyar causas altruistas, convierten en acci\u00f3n estelar de sus administraciones el respaldo al Telet\u00f3n, como si sus entidades no carecieran hasta de lo m\u00e1s indispensable en materia de servicios p\u00fablicos.<\/p>\n\n\n\n<p class=\"p1 wp-block-paragraph\">Toc\u00f3 el turno a Colima. Recientemente, la gobernadora Indira Vizca\u00edno Silva anunci\u00f3 la posibilidad de que se construya un Centro de Rehabilitaci\u00f3n e Inclusi\u00f3n Telet\u00f3n (CRIT) en la entidad. Para que eso ocurra, es necesario recolectar 40 millones de pesos y contar con la donaci\u00f3n de un terreno en el Parque Regional Griselda \u00c1lvarez.<\/p>\n\n\n\n<p class=\"p1 wp-block-paragraph\">Con ese objetivo, la mandataria estatal y absolutamente todos los funcionarios de primer nivel convirtieron en prioridad la recaudaci\u00f3n de esos fondos, pues asumieron como propios los objetivos y tareas que deber\u00eda realizar la marca Telet\u00f3n con sus propios recursos.<\/p>\n\n\n\n<p class=\"p1 wp-block-paragraph\">La edificaci\u00f3n de un CRIT en la entidad tendr\u00eda que ser una buena noticia, pues atiende a personas con discapacidad que han padecido un servicio deficiente o, de plano, no fueron recibidas en las instituciones p\u00fablicas de salud; sin embargo, es cuestionable que sea el gobierno estatal quien aporte recursos, terreno y, eventualmente, hasta personal para la operaci\u00f3n de un centro de esas caracter\u00edsticas.<\/p>\n\n\n\n<p class=\"p1 wp-block-paragraph\">El sistema de salud de Colima se encuentra en ruinas desde los gobiernos priistas; la Cuarta Transformaci\u00f3n ha sido incapaz de revertir la precariedad en los servicios sanitarios. Por eso, resulta un desprop\u00f3sito que se pretendan destinar 40 millones de pesos a un proyecto privado, por m\u00e1s altruista que pueda resultar.<\/p>\n\n\n\n<p class=\"p1 wp-block-paragraph\">La evidente incongruencia resta legitimidad a un proyecto que, para mayor transparencia, deber\u00eda ser operado e instrumentado directamente por la Fundaci\u00f3n Telet\u00f3n o, en su caso, por organizaciones civiles de la entidad, no desde un gobierno que tiene un c\u00famulo enorme de rezagos que no ha querido atender, incluyendo precisamente la atenci\u00f3n m\u00e9dica a sectores vulnerables.<\/p>\n\n\n\n<p class=\"p1 wp-block-paragraph\">La participaci\u00f3n de gobernantes, funcionarios p\u00fablicos y pol\u00edticos contamina el loable esfuerzo que realiza la Fundaci\u00f3n Telet\u00f3n y pervierte los genuinos objetivos de la colecta anual, pues es obvio que los miembros de la \u00e9lite en el poder siempre tendr\u00e1n un doble prop\u00f3sito que enmascara su altruismo y bondad hacia las clases vulnerables, misma que, por cierto, no se nota en otros rubros de la administraci\u00f3n p\u00fablica.<\/p>\n\n\n\n<p class=\"p1 wp-block-paragraph\">En Colima, por ejemplo, el gobierno del estado pretende realizar una donaci\u00f3n de 40 millones de pesos y un terreno de importante plusval\u00eda a un organismo privado, cuando existe un Centro de Rehabilitaci\u00f3n y Educaci\u00f3n Especial (CREE) al que, desde hace a\u00f1os, no se le ha invertido un peso, a pesar de su trascendental labor de brindar atenci\u00f3n a personas con discapacidad.<\/p>\n\n\n\n<p class=\"p1 wp-block-paragraph\">En dicho lugar, ubicado en la capital del estado, las instalaciones son deplorables y el personal sobrevive en la precariedad laboral. Con todas esas necesidades, pareciera que tal centro no existe para las autoridades del gobierno de Colima.<\/p>\n\n\n\n<p class=\"p1 wp-block-paragraph\">Por el contrario, la gobernadora Indira Vizca\u00edno Silva y su c\u00edrculo m\u00e1s compacto dedican todos sus esfuerzos y capacidades a la colecta del Telet\u00f3n, al que muy probablemente acabar\u00e1n entregando recursos del presupuesto estatal, pues es poco factible que la sociedad colimense, con todas sus estrecheces econ\u00f3micas, aporte 40 millones de pesos.<\/p>\n\n\n\n<p class=\"p1 wp-block-paragraph\">\u00bfQu\u00e9 motiva a la mandataria estatal y a los principales personajes de la c\u00fapula gobernante? Est\u00e1 claro que no es la atenci\u00f3n a personas con discapacidad, pues, de ser as\u00ed, desde hace mucho habr\u00eda invertido recursos importantes al CREE, como se ha hecho en otros estados.<\/p>\n\n\n\n<p class=\"p1 wp-block-paragraph\">Las motivaciones del actual r\u00e9gimen siempre tienen que ver con la frivolidad y el lucro pol\u00edtico; en este caso no es diferente. Se buscan r\u00e9ditos y popularidad explotando la solidaridad y empat\u00eda colectiva hacia sectores vulnerables. Nada m\u00e1s cuestionable que lucrar con la generosidad de otros.<\/p>\n\n\n\n<p class=\"p1 wp-block-paragraph\"><\/p>\n<div class=\"fb-background-color\">\n\t\t\t  <div \n\t\t\t  \tclass = \"fb-comments\" \n\t\t\t  \tdata-href = \"https:\/\/diarioavanzada.com.mx\/?p=91543\"\n\t\t\t  \tdata-numposts = \"10\"\n\t\t\t  \tdata-lazy = \"true\"\n\t\t\t\tdata-colorscheme = \"light\"\n\t\t\t\tdata-order-by = \"social\"\n\t\t\t\tdata-mobile=true>\n\t\t\t  <\/div><\/div>\n\t\t  <style>\n\t\t    .fb-background-color {\n\t\t\t\tbackground:  !important;\n\t\t\t}\n\t\t\t.fb_iframe_widget_fluid_desktop iframe {\n\t\t\t    width: 100% !important;\n\t\t\t}\n\t\t  <\/style>\n\t\t  ","protected":false},"excerpt":{"rendered":"<p>Malas Compa\u00f1\u00edas Autor: Mario Alberto Sol\u00eds Espinosa. El Telet\u00f3n, evento de beneficencia a gran escala organizado por Televisa, sin duda ha dejado beneficios a un sector de la poblaci\u00f3n que no recibe la atenci\u00f3n a la que tiene derecho por parte de las instituciones del Estado, pero tambi\u00e9n se ha convertido en una oportunidad para [&hellip;]<\/p>\n","protected":false},"author":7,"featured_media":86390,"comment_status":"closed","ping_status":"closed","sticky":false,"template":"","format":"standard","meta":{"_coblocks_attr":"","_coblocks_dimensions":"","_coblocks_responsive_height":"","_coblocks_accordion_ie_support":"","_crdt_document":"","advanced_seo_description":"","jetpack_seo_html_title":"","jetpack_seo_noindex":false,"_jetpack_memberships_contains_paid_content":false,"footnotes":""},"categories":[19,209,24],"tags":[210],"class_list":["post-91543","post","type-post","status-publish","format-standard","has-post-thumbnail","hentry","category-colima","category-importantes","category-opinion","tag-portada"],"jetpack_featured_media_url":"https:\/\/diarioavanzada.com.mx\/wp-content\/uploads\/2025\/05\/mario-solis.jpg","jetpack-related-posts":[],"jetpack_sharing_enabled":true,"amp_enabled":true,"_links":{"self":[{"href":"https:\/\/diarioavanzada.com.mx\/index.php?rest_route=\/wp\/v2\/posts\/91543","targetHints":{"allow":["GET"]}}],"collection":[{"href":"https:\/\/diarioavanzada.com.mx\/index.php?rest_route=\/wp\/v2\/posts"}],"about":[{"href":"https:\/\/diarioavanzada.com.mx\/index.php?rest_route=\/wp\/v2\/types\/post"}],"author":[{"embeddable":true,"href":"https:\/\/diarioavanzada.com.mx\/index.php?rest_route=\/wp\/v2\/users\/7"}],"replies":[{"embeddable":true,"href":"https:\/\/diarioavanzada.com.mx\/index.php?rest_route=%2Fwp%2Fv2%2Fcomments&post=91543"}],"version-history":[{"count":0,"href":"https:\/\/diarioavanzada.com.mx\/index.php?rest_route=\/wp\/v2\/posts\/91543\/revisions"}],"wp:featuredmedia":[{"embeddable":true,"href":"https:\/\/diarioavanzada.com.mx\/index.php?rest_route=\/wp\/v2\/media\/86390"}],"wp:attachment":[{"href":"https:\/\/diarioavanzada.com.mx\/index.php?rest_route=%2Fwp%2Fv2%2Fmedia&parent=91543"}],"wp:term":[{"taxonomy":"category","embeddable":true,"href":"https:\/\/diarioavanzada.com.mx\/index.php?rest_route=%2Fwp%2Fv2%2Fcategories&post=91543"},{"taxonomy":"post_tag","embeddable":true,"href":"https:\/\/diarioavanzada.com.mx\/index.php?rest_route=%2Fwp%2Fv2%2Ftags&post=91543"}],"curies":[{"name":"wp","href":"https:\/\/api.w.org\/{rel}","templated":true}]}}