{"id":91514,"date":"2025-06-25T12:44:46","date_gmt":"2025-06-25T18:44:46","guid":{"rendered":"https:\/\/diarioavanzada.com.mx\/?p=91514"},"modified":"2025-06-25T12:44:46","modified_gmt":"2025-06-25T18:44:46","slug":"localizan-calcinados-a-tres-integrantes-del-grupo-los-fugitivos-en-una-ladrillera","status":"publish","type":"post","link":"https:\/\/diarioavanzada.com.mx\/?p=91514","title":{"rendered":"Localizan calcinados a tres integrantes del grupo Los Fugitivos en una ladrillera \ufffc\ufffc"},"content":{"rendered":"\n<p class=\"p1 wp-block-paragraph\"><em>Tres de los seis integrantes de un grupo musical desaparecido en Reynosa fueron localizados sin vida y calcinados en una ladrillera; la Fiscal\u00eda de Tamaulipas detuvo a 12 personas presuntamente relacionadas con el crimen.<\/em><\/p>\n\n\n\n<p class=\"p1 wp-block-paragraph\">Tamaulipas, M\u00e9xico, Avanzada (25\/06\/2025).- La Fiscal\u00eda General de Justicia del Estado de Tamaulipas confirm\u00f3 que tres de los seis integrantes del grupo musical desaparecido en mayo pasado fueron localizados sin vida y calcinados en una ladrillera. Por este hecho, se logr\u00f3 la detenci\u00f3n de 12 personas presuntamente involucradas en el crimen.<\/p>\n\n\n\n<p class=\"p1 wp-block-paragraph\">De acuerdo con el fiscal estatal Irving Barrios Mojica, los m\u00fasicos fueron privados de la libertad el pasado 25 de mayo, luego de haber sido contactados para una supuesta presentaci\u00f3n privada en la colonia Riberas de Rancho Grande. El punto de encuentro fue establecido en las inmediaciones de la colonia Reservas Territoriales, adonde acudieron a bordo de una camioneta negra con remolque y logotipos de su agrupaci\u00f3n.<\/p>\n\n\n\n<p class=\"p1 wp-block-paragraph\">Las indagatorias indican que los artistas fueron vistos por \u00faltima vez siguiendo una camioneta tipo SUV gris, poco antes de las 22:20 horas. Minutos despu\u00e9s, al circular por la avenida Las Palmas, un grupo de hombres armados los intercept\u00f3, los oblig\u00f3 a descender de su veh\u00edculo y los traslad\u00f3 por la fuerza a bordo de otras unidades.<\/p>\n\n\n\n<p class=\"p1 wp-block-paragraph\">D\u00edas m\u00e1s tarde, durante un operativo en la colonia Aquiles Serd\u00e1n, elementos estatales fueron atacados a tiros por sujetos armados cuando localizaron un tiradero clandestino. Nueve personas fueron capturadas en ese momento y se aseguraron armas largas, as\u00ed como la camioneta gris clave en la desaparici\u00f3n.<\/p>\n\n\n\n<p class=\"p1 wp-block-paragraph\">Las pesquisas llevaron hasta una ladrillera donde, seg\u00fan las autoridades, los m\u00fasicos habr\u00edan sido asesinados e incinerados en un horno industrial. Los restos \u00f3seos fueron abandonados a unos 300 metros del lugar del crimen y posteriormente analizados por personal forense, logrando confirmar la identidad de tres de las v\u00edctimas: V\u00edctor, Francisco y Livian.<\/p>\n\n\n\n<p class=\"p1 wp-block-paragraph\">El caso caus\u00f3 profunda consternaci\u00f3n entre familiares y seguidores del grupo, conocido localmente como Grupo Fugitivo, quienes desde su desaparici\u00f3n impulsaron b\u00fasquedas y exigieron justicia.<\/p>\n\n\n\n<p class=\"p1 wp-block-paragraph\">La Fiscal\u00eda de Tamaulipas contin\u00faa con las investigaciones para esclarecer el m\u00f3vil del ataque y determinar si existen m\u00e1s personas implicadas.<\/p>\n<div class=\"fb-background-color\">\n\t\t\t  <div \n\t\t\t  \tclass = \"fb-comments\" \n\t\t\t  \tdata-href = \"https:\/\/diarioavanzada.com.mx\/?p=91514\"\n\t\t\t  \tdata-numposts = \"10\"\n\t\t\t  \tdata-lazy = \"true\"\n\t\t\t\tdata-colorscheme = \"light\"\n\t\t\t\tdata-order-by = \"social\"\n\t\t\t\tdata-mobile=true>\n\t\t\t  <\/div><\/div>\n\t\t  <style>\n\t\t    .fb-background-color {\n\t\t\t\tbackground:  !important;\n\t\t\t}\n\t\t\t.fb_iframe_widget_fluid_desktop iframe {\n\t\t\t    width: 100% !important;\n\t\t\t}\n\t\t  <\/style>\n\t\t  ","protected":false},"excerpt":{"rendered":"<p>Tres de los seis integrantes de un grupo musical desaparecido en Reynosa fueron localizados sin vida y calcinados en una ladrillera; la Fiscal\u00eda de Tamaulipas detuvo a 12 personas presuntamente relacionadas con el crimen. Tamaulipas, M\u00e9xico, Avanzada (25\/06\/2025).- La Fiscal\u00eda General de Justicia del Estado de Tamaulipas confirm\u00f3 que tres de los seis integrantes del [&hellip;]<\/p>\n","protected":false},"author":7,"featured_media":91510,"comment_status":"closed","ping_status":"closed","sticky":false,"template":"","format":"standard","meta":{"_coblocks_attr":"","_coblocks_dimensions":"","_coblocks_responsive_height":"","_coblocks_accordion_ie_support":"","_crdt_document":"","advanced_seo_description":"","jetpack_seo_html_title":"","jetpack_seo_noindex":false,"_jetpack_memberships_contains_paid_content":false,"footnotes":""},"categories":[22,7,231],"tags":[210],"class_list":["post-91514","post","type-post","status-publish","format-standard","has-post-thumbnail","hentry","category-nacion","category-noticias","category-seguridad","tag-portada"],"jetpack_featured_media_url":"https:\/\/diarioavanzada.com.mx\/wp-content\/uploads\/2025\/06\/img_4258-2-1.png","jetpack-related-posts":[],"jetpack_sharing_enabled":true,"amp_enabled":true,"_links":{"self":[{"href":"https:\/\/diarioavanzada.com.mx\/index.php?rest_route=\/wp\/v2\/posts\/91514","targetHints":{"allow":["GET"]}}],"collection":[{"href":"https:\/\/diarioavanzada.com.mx\/index.php?rest_route=\/wp\/v2\/posts"}],"about":[{"href":"https:\/\/diarioavanzada.com.mx\/index.php?rest_route=\/wp\/v2\/types\/post"}],"author":[{"embeddable":true,"href":"https:\/\/diarioavanzada.com.mx\/index.php?rest_route=\/wp\/v2\/users\/7"}],"replies":[{"embeddable":true,"href":"https:\/\/diarioavanzada.com.mx\/index.php?rest_route=%2Fwp%2Fv2%2Fcomments&post=91514"}],"version-history":[{"count":1,"href":"https:\/\/diarioavanzada.com.mx\/index.php?rest_route=\/wp\/v2\/posts\/91514\/revisions"}],"predecessor-version":[{"id":91539,"href":"https:\/\/diarioavanzada.com.mx\/index.php?rest_route=\/wp\/v2\/posts\/91514\/revisions\/91539"}],"wp:featuredmedia":[{"embeddable":true,"href":"https:\/\/diarioavanzada.com.mx\/index.php?rest_route=\/wp\/v2\/media\/91510"}],"wp:attachment":[{"href":"https:\/\/diarioavanzada.com.mx\/index.php?rest_route=%2Fwp%2Fv2%2Fmedia&parent=91514"}],"wp:term":[{"taxonomy":"category","embeddable":true,"href":"https:\/\/diarioavanzada.com.mx\/index.php?rest_route=%2Fwp%2Fv2%2Fcategories&post=91514"},{"taxonomy":"post_tag","embeddable":true,"href":"https:\/\/diarioavanzada.com.mx\/index.php?rest_route=%2Fwp%2Fv2%2Ftags&post=91514"}],"curies":[{"name":"wp","href":"https:\/\/api.w.org\/{rel}","templated":true}]}}