{"id":91499,"date":"2025-06-25T07:01:22","date_gmt":"2025-06-25T13:01:22","guid":{"rendered":"https:\/\/diarioavanzada.com.mx\/?p=91499"},"modified":"2025-06-25T07:01:22","modified_gmt":"2025-06-25T13:01:22","slug":"pronostican-fuertes-lluvias-en-colima-temperatura-alcanzaria-los-35-c","status":"publish","type":"post","link":"https:\/\/diarioavanzada.com.mx\/?p=91499","title":{"rendered":"Pronostican fuertes lluvias en Colima, temperatura alcanzar\u00eda los 35 \u00b0C&nbsp;"},"content":{"rendered":"\n<p class=\"p1 wp-block-paragraph\">Colima, M\u00e9xico, Avanzada (25\/06\/2025).- Este mi\u00e9rcoles, Colima enfrenta condiciones meteorol\u00f3gicas adversas, con pron\u00f3stico de lluvias puntuales fuertes, acompa\u00f1adas de descargas el\u00e9ctricas y posible ca\u00edda de granizo, seg\u00fan el informe m\u00e1s reciente del Servicio Meteorol\u00f3gico Nacional. Las precipitaciones podr\u00edan ocasionar encharcamientos, deslaves, inundaciones repentinas y aumento en los niveles de r\u00edos y arroyos, por lo que se recomienda a la poblaci\u00f3n extremar precauciones.<\/p>\n\n\n\n<p class=\"p1 wp-block-paragraph\">El cielo permanecer\u00e1 mayormente nublado durante todo el d\u00eda, y se espera que el ambiente sea fresco por la ma\u00f1ana, con bancos de niebla en zonas serranas, y c\u00e1lido por la tarde. Las lluvias estar\u00e1n acompa\u00f1adas de vientos con rachas de hasta 40 km\/h en zonas de tormenta.<\/p>\n\n\n\n<p class=\"p1 wp-block-paragraph\">Adem\u00e1s de Colima, se prev\u00e9n lluvias intensas en Nayarit (sur) y Michoac\u00e1n (norte y noreste), muy fuertes en Jalisco, y fuertes en otras entidades del centro del pa\u00eds, como Ciudad de M\u00e9xico, Estado de M\u00e9xico y Morelos.<\/p>\n\n\n\n<p class=\"p1 wp-block-paragraph\">En cuanto a temperaturas, Colima registrar\u00e1 m\u00e1ximas de entre 30 y 35 \u00b0C, en un ambiente c\u00e1lido y h\u00famedo. Las autoridades de Protecci\u00f3n Civil y meteorolog\u00eda local se mantienen en alerta y piden a la ciudadan\u00eda mantenerse informada a trav\u00e9s de canales oficiales y evitar cruzar cauces de agua durante las tormentas.<\/p>\n\n\n\n<p class=\"p1 wp-block-paragraph\">Se recomienda especial atenci\u00f3n en zonas rurales y de laderas, ante la posibilidad de deslaves y cortes en caminos, as\u00ed como evitar refugiarse bajo \u00e1rboles o estructuras met\u00e1licas durante las tormentas el\u00e9ctricas.<\/p>\n<div class=\"fb-background-color\">\n\t\t\t  <div \n\t\t\t  \tclass = \"fb-comments\" \n\t\t\t  \tdata-href = \"https:\/\/diarioavanzada.com.mx\/?p=91499\"\n\t\t\t  \tdata-numposts = \"10\"\n\t\t\t  \tdata-lazy = \"true\"\n\t\t\t\tdata-colorscheme = \"light\"\n\t\t\t\tdata-order-by = \"social\"\n\t\t\t\tdata-mobile=true>\n\t\t\t  <\/div><\/div>\n\t\t  <style>\n\t\t    .fb-background-color {\n\t\t\t\tbackground:  !important;\n\t\t\t}\n\t\t\t.fb_iframe_widget_fluid_desktop iframe {\n\t\t\t    width: 100% !important;\n\t\t\t}\n\t\t  <\/style>\n\t\t  ","protected":false},"excerpt":{"rendered":"<p>Colima, M\u00e9xico, Avanzada (25\/06\/2025).- Este mi\u00e9rcoles, Colima enfrenta condiciones meteorol\u00f3gicas adversas, con pron\u00f3stico de lluvias puntuales fuertes, acompa\u00f1adas de descargas el\u00e9ctricas y posible ca\u00edda de granizo, seg\u00fan el informe m\u00e1s reciente del Servicio Meteorol\u00f3gico Nacional. Las precipitaciones podr\u00edan ocasionar encharcamientos, deslaves, inundaciones repentinas y aumento en los niveles de r\u00edos y arroyos, por lo que [&hellip;]<\/p>\n","protected":false},"author":7,"featured_media":91498,"comment_status":"closed","ping_status":"closed","sticky":false,"template":"","format":"standard","meta":{"_coblocks_attr":"","_coblocks_dimensions":"","_coblocks_responsive_height":"","_coblocks_accordion_ie_support":"","_crdt_document":"","advanced_seo_description":"","jetpack_seo_html_title":"","jetpack_seo_noindex":false,"_jetpack_memberships_contains_paid_content":false,"footnotes":""},"categories":[19,7,29],"tags":[],"class_list":["post-91499","post","type-post","status-publish","format-standard","has-post-thumbnail","hentry","category-colima","category-noticias","category-sociedad"],"jetpack_featured_media_url":"https:\/\/diarioavanzada.com.mx\/wp-content\/uploads\/2025\/06\/img_4252-1-1.jpg","jetpack-related-posts":[],"jetpack_sharing_enabled":true,"amp_enabled":true,"_links":{"self":[{"href":"https:\/\/diarioavanzada.com.mx\/index.php?rest_route=\/wp\/v2\/posts\/91499","targetHints":{"allow":["GET"]}}],"collection":[{"href":"https:\/\/diarioavanzada.com.mx\/index.php?rest_route=\/wp\/v2\/posts"}],"about":[{"href":"https:\/\/diarioavanzada.com.mx\/index.php?rest_route=\/wp\/v2\/types\/post"}],"author":[{"embeddable":true,"href":"https:\/\/diarioavanzada.com.mx\/index.php?rest_route=\/wp\/v2\/users\/7"}],"replies":[{"embeddable":true,"href":"https:\/\/diarioavanzada.com.mx\/index.php?rest_route=%2Fwp%2Fv2%2Fcomments&post=91499"}],"version-history":[{"count":0,"href":"https:\/\/diarioavanzada.com.mx\/index.php?rest_route=\/wp\/v2\/posts\/91499\/revisions"}],"wp:featuredmedia":[{"embeddable":true,"href":"https:\/\/diarioavanzada.com.mx\/index.php?rest_route=\/wp\/v2\/media\/91498"}],"wp:attachment":[{"href":"https:\/\/diarioavanzada.com.mx\/index.php?rest_route=%2Fwp%2Fv2%2Fmedia&parent=91499"}],"wp:term":[{"taxonomy":"category","embeddable":true,"href":"https:\/\/diarioavanzada.com.mx\/index.php?rest_route=%2Fwp%2Fv2%2Fcategories&post=91499"},{"taxonomy":"post_tag","embeddable":true,"href":"https:\/\/diarioavanzada.com.mx\/index.php?rest_route=%2Fwp%2Fv2%2Ftags&post=91499"}],"curies":[{"name":"wp","href":"https:\/\/api.w.org\/{rel}","templated":true}]}}