{"id":91382,"date":"2025-06-24T12:28:14","date_gmt":"2025-06-24T18:28:14","guid":{"rendered":"https:\/\/diarioavanzada.com.mx\/?p=91382"},"modified":"2025-06-24T12:28:14","modified_gmt":"2025-06-24T18:28:14","slug":"aseguran-mas-de-6-mil-litros-de-quimicos-y-21-toneladas-de-acido-acetico-en-manzanillo","status":"publish","type":"post","link":"https:\/\/diarioavanzada.com.mx\/?p=91382","title":{"rendered":"Aseguran m\u00e1s de 6 mil litros de qu\u00edmicos y 21 toneladas de \u00e1cido ac\u00e9tico en Manzanillo"},"content":{"rendered":"\n<p class=\"p1 wp-block-paragraph\"><em>Durante dos operativos realizados en el puerto de Manzanillo, autoridades federales incautaron sustancias utilizadas en la elaboraci\u00f3n de drogas sint\u00e9ticas; el hallazgo habr\u00eda evitado la producci\u00f3n de hasta 10 toneladas de metanfetamina.<\/em><\/p>\n\n\n\n<p class=\"p1 wp-block-paragraph\">Colima, M\u00e9xico, Avanzada (24\/06\/2025).- Autoridades federales decomisaron un importante cargamento de sustancias qu\u00edmicas con posible uso para la elaboraci\u00f3n de drogas sint\u00e9ticas en el puerto de Manzanillo, Colima. En la operaci\u00f3n, encabezada por elementos de la Secretar\u00eda de Marina, se aseguraron m\u00e1s de 6 mil 600 litros de cloruro de propionilo y cerca de 21 mil kilogramos de \u00e1cido ac\u00e9tico glacial.<\/p>\n\n\n\n<p class=\"p1 wp-block-paragraph\">El decomiso se realiz\u00f3 en dos momentos distintos dentro del recinto fiscal. En una primera revisi\u00f3n, personal de la Aduana Mar\u00edtima detect\u00f3 55 recipientes con cloruro de propionilo. Posteriormente, una segunda inspecci\u00f3n encabezada por la Unidad Naval de Protecci\u00f3n Portuaria, en coordinaci\u00f3n con la Fiscal\u00eda General de la Rep\u00fablica, permiti\u00f3 localizar un contenedor con \u00e1cido ac\u00e9tico glacial, una sustancia clave en la producci\u00f3n de metanfetaminas.<\/p>\n\n\n\n<p class=\"p1 wp-block-paragraph\">De acuerdo con la Secretar\u00eda de Marina, ambos compuestos se encuentran regulados por la legislaci\u00f3n federal en materia de control de precursores qu\u00edmicos, adem\u00e1s de estar incluidos en la lista de vigilancia internacional por sus posibles usos duales.<\/p>\n\n\n\n<p class=\"p1 wp-block-paragraph\">La instituci\u00f3n subray\u00f3 que el volumen de \u00e1cido ac\u00e9tico confiscado habr\u00eda sido suficiente para producir entre 8 y 10 toneladas de metanfetamina, una de las drogas sint\u00e9ticas de mayor circulaci\u00f3n ilegal en el pa\u00eds. Por ello, destac\u00f3 que la operaci\u00f3n representa un golpe importante contra el crimen organizado que opera a trav\u00e9s del tr\u00e1fico de insumos qu\u00edmicos.<\/p>\n\n\n\n<figure class=\"wp-block-image size-large\"><img loading=\"lazy\" decoding=\"async\" width=\"1024\" height=\"640\" src=\"https:\/\/diarioavanzada.com.mx\/wp-content\/uploads\/2025\/06\/img_8999-1-1024x640.jpg\" alt=\"\" class=\"wp-image-91380\" srcset=\"https:\/\/diarioavanzada.com.mx\/wp-content\/uploads\/2025\/06\/img_8999-1-1024x640.jpg 1024w, https:\/\/diarioavanzada.com.mx\/wp-content\/uploads\/2025\/06\/img_8999-1-300x188.jpg 300w, https:\/\/diarioavanzada.com.mx\/wp-content\/uploads\/2025\/06\/img_8999-1-768x480.jpg 768w, https:\/\/diarioavanzada.com.mx\/wp-content\/uploads\/2025\/06\/img_8999-1.jpg 1200w\" sizes=\"auto, (max-width: 1024px) 100vw, 1024px\" \/><\/figure>\n\n\n\n<p class=\"wp-block-paragraph\"><\/p>\n<div class=\"fb-background-color\">\n\t\t\t  <div \n\t\t\t  \tclass = \"fb-comments\" \n\t\t\t  \tdata-href = \"https:\/\/diarioavanzada.com.mx\/?p=91382\"\n\t\t\t  \tdata-numposts = \"10\"\n\t\t\t  \tdata-lazy = \"true\"\n\t\t\t\tdata-colorscheme = \"light\"\n\t\t\t\tdata-order-by = \"social\"\n\t\t\t\tdata-mobile=true>\n\t\t\t  <\/div><\/div>\n\t\t  <style>\n\t\t    .fb-background-color {\n\t\t\t\tbackground:  !important;\n\t\t\t}\n\t\t\t.fb_iframe_widget_fluid_desktop iframe {\n\t\t\t    width: 100% !important;\n\t\t\t}\n\t\t  <\/style>\n\t\t  ","protected":false},"excerpt":{"rendered":"<p>Durante dos operativos realizados en el puerto de Manzanillo, autoridades federales incautaron sustancias utilizadas en la elaboraci\u00f3n de drogas sint\u00e9ticas; el hallazgo habr\u00eda evitado la producci\u00f3n de hasta 10 toneladas de metanfetamina. Colima, M\u00e9xico, Avanzada (24\/06\/2025).- Autoridades federales decomisaron un importante cargamento de sustancias qu\u00edmicas con posible uso para la elaboraci\u00f3n de drogas sint\u00e9ticas en [&hellip;]<\/p>\n","protected":false},"author":7,"featured_media":91381,"comment_status":"closed","ping_status":"closed","sticky":false,"template":"","format":"standard","meta":{"_coblocks_attr":"","_coblocks_dimensions":"","_coblocks_responsive_height":"","_coblocks_accordion_ie_support":"","_crdt_document":"","advanced_seo_description":"","jetpack_seo_html_title":"","jetpack_seo_noindex":false,"_jetpack_memberships_contains_paid_content":false,"footnotes":""},"categories":[19,209,7,231],"tags":[210],"class_list":["post-91382","post","type-post","status-publish","format-standard","has-post-thumbnail","hentry","category-colima","category-importantes","category-noticias","category-seguridad","tag-portada"],"jetpack_featured_media_url":"https:\/\/diarioavanzada.com.mx\/wp-content\/uploads\/2025\/06\/img_9004-1.png","jetpack-related-posts":[],"jetpack_sharing_enabled":true,"amp_enabled":true,"_links":{"self":[{"href":"https:\/\/diarioavanzada.com.mx\/index.php?rest_route=\/wp\/v2\/posts\/91382","targetHints":{"allow":["GET"]}}],"collection":[{"href":"https:\/\/diarioavanzada.com.mx\/index.php?rest_route=\/wp\/v2\/posts"}],"about":[{"href":"https:\/\/diarioavanzada.com.mx\/index.php?rest_route=\/wp\/v2\/types\/post"}],"author":[{"embeddable":true,"href":"https:\/\/diarioavanzada.com.mx\/index.php?rest_route=\/wp\/v2\/users\/7"}],"replies":[{"embeddable":true,"href":"https:\/\/diarioavanzada.com.mx\/index.php?rest_route=%2Fwp%2Fv2%2Fcomments&post=91382"}],"version-history":[{"count":1,"href":"https:\/\/diarioavanzada.com.mx\/index.php?rest_route=\/wp\/v2\/posts\/91382\/revisions"}],"predecessor-version":[{"id":91383,"href":"https:\/\/diarioavanzada.com.mx\/index.php?rest_route=\/wp\/v2\/posts\/91382\/revisions\/91383"}],"wp:featuredmedia":[{"embeddable":true,"href":"https:\/\/diarioavanzada.com.mx\/index.php?rest_route=\/wp\/v2\/media\/91381"}],"wp:attachment":[{"href":"https:\/\/diarioavanzada.com.mx\/index.php?rest_route=%2Fwp%2Fv2%2Fmedia&parent=91382"}],"wp:term":[{"taxonomy":"category","embeddable":true,"href":"https:\/\/diarioavanzada.com.mx\/index.php?rest_route=%2Fwp%2Fv2%2Fcategories&post=91382"},{"taxonomy":"post_tag","embeddable":true,"href":"https:\/\/diarioavanzada.com.mx\/index.php?rest_route=%2Fwp%2Fv2%2Ftags&post=91382"}],"curies":[{"name":"wp","href":"https:\/\/api.w.org\/{rel}","templated":true}]}}