{"id":9135,"date":"2019-12-13T08:20:02","date_gmt":"2019-12-13T13:20:02","guid":{"rendered":"https:\/\/diarioavanzada.com.mx\/?p=9135"},"modified":"2019-12-13T08:20:04","modified_gmt":"2019-12-13T13:20:04","slug":"estudiantes-reclaman-impago-de-becas-indira-pide-paciencia-y-confianza","status":"publish","type":"post","link":"https:\/\/diarioavanzada.com.mx\/?p=9135","title":{"rendered":"Estudiantes reclaman impago de becas, Indira pide &#8220;paciencia y confianza&#8221;"},"content":{"rendered":"\n<p class=\"wp-block-paragraph\">Colima, M\u00e9xico, Avanzada (13\/12\/2019.- El dinero para pagar las becas que se le otorgan a los estudiantes de bachillerato en el estado de Colima lleg\u00f3 incompleto, por lo tanto, mil 200 j\u00f3venes de educaci\u00f3n media superior s\u00f3lo recibieron el recurso correspondiente a un bimestre.<\/p>\n\n\n\n<p class=\"wp-block-paragraph\">Este jueves, estudiantes, sobre todo de los bachilleratos 4 y 16&nbsp;de la Universidad de Colima, explicaron que s\u00f3lo se les pag\u00f3 un bimestre de la beca \u201cBenito Ju\u00e1rez\u201d,&nbsp;y no los dos bimestres que correspond\u00eda liquidar en este mes.<\/p>\n\n\n\n<p class=\"wp-block-paragraph\">Los denunciantes se\u00f1alaron que el dinero que deb\u00edan recibir era de 3 mil 400 pero s\u00f3lo les se les entregaron mil 600 pesos.<\/p>\n\n\n\n<p class=\"wp-block-paragraph\">Los bimestres que se estar\u00eda pagando ser\u00edan los de septiembre-octubre y noviembre y diciembre.<\/p>\n\n\n\n<p class=\"wp-block-paragraph\">Uno de los estudiantes que no recibi\u00f3 su beca sentenci\u00f3 que nadie les hab\u00eda otorgado una explicaci\u00f3n sobre el retraso, y tampoco cu\u00e1ndo les estar\u00edan pagando, \u201ccuando pregunt\u00e1bamos a los encargados no nos respond\u00edan\u201d, dijo.<\/p>\n\n\n\n<p class=\"wp-block-paragraph\">M\u00e1s tarde, despu\u00e9s de las denuncias que se hicieron a trav\u00e9s de las redes sociales, la propia delegada de los programas sociales en la entidad, Indira Vizca\u00edno Silva se\u00f1al\u00f3 que el dinero faltante se pagar\u00e1 a partir del mes de febrero, cuando se estar\u00e1 regularizando la entrega de becas para los 24 mil estudiantes&nbsp; del nivel medio superior en la entidad.<\/p>\n\n\n\n<p class=\"wp-block-paragraph\">Indic\u00f3 que el dinero que no lleg\u00f3 es consecuencia de los ajustes presupuestales, sin embargo, no profundiz\u00f3 en el tema.<\/p>\n\n\n\n<p class=\"wp-block-paragraph\">Vizca\u00edno Silva solicit\u00f3 a los estudiantes paciencia y confianza, y afirm\u00f3 que en febrero recibir\u00e1n el dinero que se les adeuda, adem\u00e1s, se regularizar\u00e1 el pago de la beca que reciben s\u00f3lo por estudiar en alg\u00fan bachillerato p\u00fablico de la entidad.<\/p>\n\n\n\n<p class=\"wp-block-paragraph\">El pasado mes de octubre, estudiantes de bachillerato denunciaron un retraso en el pago de las becas.<\/p>\n\n\n\n<p class=\"wp-block-paragraph\">Por lo tanto, esta ser\u00eda la segunda ocasi\u00f3n donde se presentan retrasos en los pagos de uno de los programas primordiales del gobierno del presidente, Andr\u00e9s Manuel L\u00f3pez Obrador.<\/p>\n<div class=\"fb-background-color\">\n\t\t\t  <div \n\t\t\t  \tclass = \"fb-comments\" \n\t\t\t  \tdata-href = \"https:\/\/diarioavanzada.com.mx\/?p=9135\"\n\t\t\t  \tdata-numposts = \"10\"\n\t\t\t  \tdata-lazy = \"true\"\n\t\t\t\tdata-colorscheme = \"light\"\n\t\t\t\tdata-order-by = \"social\"\n\t\t\t\tdata-mobile=true>\n\t\t\t  <\/div><\/div>\n\t\t  <style>\n\t\t    .fb-background-color {\n\t\t\t\tbackground:  !important;\n\t\t\t}\n\t\t\t.fb_iframe_widget_fluid_desktop iframe {\n\t\t\t    width: 100% !important;\n\t\t\t}\n\t\t  <\/style>\n\t\t  ","protected":false},"excerpt":{"rendered":"<p>Colima, M\u00e9xico, Avanzada (13\/12\/2019.- El dinero para pagar las becas que se le otorgan a los estudiantes de bachillerato en el estado de Colima lleg\u00f3 incompleto, por lo tanto, mil 200 j\u00f3venes de educaci\u00f3n media superior s\u00f3lo recibieron el recurso correspondiente a un bimestre. Este jueves, estudiantes, sobre todo de los bachilleratos 4 y 16&nbsp;de [&hellip;]<\/p>\n","protected":false},"author":5,"featured_media":6303,"comment_status":"closed","ping_status":"closed","sticky":false,"template":"","format":"standard","meta":{"_coblocks_attr":"","_coblocks_dimensions":"","_coblocks_responsive_height":"","_coblocks_accordion_ie_support":"","_crdt_document":"","advanced_seo_description":"","jetpack_seo_html_title":"","jetpack_seo_noindex":false,"_jetpack_memberships_contains_paid_content":false,"footnotes":""},"categories":[19],"tags":[210],"class_list":["post-9135","post","type-post","status-publish","format-standard","has-post-thumbnail","hentry","category-colima","tag-portada"],"jetpack_featured_media_url":"https:\/\/diarioavanzada.com.mx\/wp-content\/uploads\/2019\/07\/Indira-V-S.jpg","jetpack-related-posts":[],"jetpack_sharing_enabled":true,"amp_enabled":true,"_links":{"self":[{"href":"https:\/\/diarioavanzada.com.mx\/index.php?rest_route=\/wp\/v2\/posts\/9135","targetHints":{"allow":["GET"]}}],"collection":[{"href":"https:\/\/diarioavanzada.com.mx\/index.php?rest_route=\/wp\/v2\/posts"}],"about":[{"href":"https:\/\/diarioavanzada.com.mx\/index.php?rest_route=\/wp\/v2\/types\/post"}],"author":[{"embeddable":true,"href":"https:\/\/diarioavanzada.com.mx\/index.php?rest_route=\/wp\/v2\/users\/5"}],"replies":[{"embeddable":true,"href":"https:\/\/diarioavanzada.com.mx\/index.php?rest_route=%2Fwp%2Fv2%2Fcomments&post=9135"}],"version-history":[{"count":0,"href":"https:\/\/diarioavanzada.com.mx\/index.php?rest_route=\/wp\/v2\/posts\/9135\/revisions"}],"wp:featuredmedia":[{"embeddable":true,"href":"https:\/\/diarioavanzada.com.mx\/index.php?rest_route=\/wp\/v2\/media\/6303"}],"wp:attachment":[{"href":"https:\/\/diarioavanzada.com.mx\/index.php?rest_route=%2Fwp%2Fv2%2Fmedia&parent=9135"}],"wp:term":[{"taxonomy":"category","embeddable":true,"href":"https:\/\/diarioavanzada.com.mx\/index.php?rest_route=%2Fwp%2Fv2%2Fcategories&post=9135"},{"taxonomy":"post_tag","embeddable":true,"href":"https:\/\/diarioavanzada.com.mx\/index.php?rest_route=%2Fwp%2Fv2%2Ftags&post=9135"}],"curies":[{"name":"wp","href":"https:\/\/api.w.org\/{rel}","templated":true}]}}