{"id":91238,"date":"2025-06-23T10:56:17","date_gmt":"2025-06-23T16:56:17","guid":{"rendered":"https:\/\/diarioavanzada.com.mx\/?p=91238"},"modified":"2025-06-23T11:02:42","modified_gmt":"2025-06-23T17:02:42","slug":"guerrero-encuentran-cinco-cadaveres-calcinados-en-el-interior-de-un-camion-incendiado","status":"publish","type":"post","link":"https:\/\/diarioavanzada.com.mx\/?p=91238","title":{"rendered":"Guerrero: Encuentran cinco cad\u00e1veres calcinados en el interior de un cami\u00f3n incendiado"},"content":{"rendered":"\n<p class=\"p1 wp-block-paragraph\"><em>Fueron localizados los cad\u00e1veres calcinados de cinco personas en el interior de un autob\u00fas de transporte p\u00fablico que fue incendiado de manera intencional en la colonia La Laja, en Acapulco, en lo que representa el segundo ataque similar en menos de 24 horas en el puerto guerrerense.<\/em><\/p>\n\n\n\n<p class=\"p1 wp-block-paragraph\">Guerrero, M\u00e9xico, Avanzada (23\/06\/2025).- La violencia volvi\u00f3 a golpear con fuerza a este puerto tur\u00edstico luego de que cinco personas perdieran la vida en un ataque incendiario contra un autob\u00fas de transporte p\u00fablico, en un hecho que se suma a otros actos similares registrados en menos de 24 horas.<\/p>\n\n\n\n<p class=\"p1 wp-block-paragraph\">El incidente ocurri\u00f3 la noche del s\u00e1bado en la colonia La Laja, sobre la avenida Adolfo Ruiz Cortines, a la altura de la calle 6 de Enero. Seg\u00fan versiones preliminares, un grupo de hombres armados abandon\u00f3 una unidad de transporte de la ruta Hospital\u2013Vacacional\u2013Centro, y minutos despu\u00e9s otros sujetos descendieron de un veh\u00edculo particular para rociarla con combustible y prenderle fuego. Tras el ataque, los agresores se dieron a la fuga.<\/p>\n\n\n\n<p class=\"p1 wp-block-paragraph\">Elementos del cuerpo de bomberos acudieron al sitio para sofocar las llamas, sin embargo, al inspeccionar el interior del veh\u00edculo localizaron cinco cuerpos totalmente calcinados. Las v\u00edctimas a\u00fan no han sido identificadas. Personal de la Fiscal\u00eda General del Estado realiz\u00f3 las primeras diligencias en el lugar, que fue asegurado por agentes ministeriales, as\u00ed como elementos de la Guardia Nacional y la Marina.<\/p>\n\n\n\n<p class=\"p1 wp-block-paragraph\">Este ataque ocurre tan solo horas despu\u00e9s de que, en la periferia de la ciudad, dos taxis de la ruta El Treinta fueran incendiados en hechos distintos. En uno de los veh\u00edculos fue localizado el cuerpo de un hombre con huellas de tortura y un torniquete en el cuello, lo que encendi\u00f3 a\u00fan m\u00e1s las alarmas sobre la escalada de violencia que vive el sector transporte en la regi\u00f3n.<\/p>\n\n\n\n<p class=\"p1 wp-block-paragraph\">Las autoridades estatales contin\u00faan con las investigaciones y no han confirmado a\u00fan si existe relaci\u00f3n directa entre los distintos ataques. Hasta el momento, no se inform\u00f3 sobre personas detenidas.<\/p>\n<div class=\"fb-background-color\">\n\t\t\t  <div \n\t\t\t  \tclass = \"fb-comments\" \n\t\t\t  \tdata-href = \"https:\/\/diarioavanzada.com.mx\/?p=91238\"\n\t\t\t  \tdata-numposts = \"10\"\n\t\t\t  \tdata-lazy = \"true\"\n\t\t\t\tdata-colorscheme = \"light\"\n\t\t\t\tdata-order-by = \"social\"\n\t\t\t\tdata-mobile=true>\n\t\t\t  <\/div><\/div>\n\t\t  <style>\n\t\t    .fb-background-color {\n\t\t\t\tbackground:  !important;\n\t\t\t}\n\t\t\t.fb_iframe_widget_fluid_desktop iframe {\n\t\t\t    width: 100% !important;\n\t\t\t}\n\t\t  <\/style>\n\t\t  ","protected":false},"excerpt":{"rendered":"<p>Fueron localizados los cad\u00e1veres calcinados de cinco personas en el interior de un autob\u00fas de transporte p\u00fablico que fue incendiado de manera intencional en la colonia La Laja, en Acapulco, en lo que representa el segundo ataque similar en menos de 24 horas en el puerto guerrerense. Guerrero, M\u00e9xico, Avanzada (23\/06\/2025).- La violencia volvi\u00f3 a [&hellip;]<\/p>\n","protected":false},"author":7,"featured_media":91236,"comment_status":"closed","ping_status":"closed","sticky":false,"template":"","format":"standard","meta":{"_coblocks_attr":"","_coblocks_dimensions":"","_coblocks_responsive_height":"","_coblocks_accordion_ie_support":"","_crdt_document":"","advanced_seo_description":"","jetpack_seo_html_title":"","jetpack_seo_noindex":false,"_jetpack_memberships_contains_paid_content":false,"footnotes":""},"categories":[22,7,231],"tags":[210],"class_list":["post-91238","post","type-post","status-publish","format-standard","has-post-thumbnail","hentry","category-nacion","category-noticias","category-seguridad","tag-portada"],"jetpack_featured_media_url":"https:\/\/diarioavanzada.com.mx\/wp-content\/uploads\/2025\/06\/img_4202-1.png","jetpack-related-posts":[],"jetpack_sharing_enabled":true,"amp_enabled":true,"_links":{"self":[{"href":"https:\/\/diarioavanzada.com.mx\/index.php?rest_route=\/wp\/v2\/posts\/91238","targetHints":{"allow":["GET"]}}],"collection":[{"href":"https:\/\/diarioavanzada.com.mx\/index.php?rest_route=\/wp\/v2\/posts"}],"about":[{"href":"https:\/\/diarioavanzada.com.mx\/index.php?rest_route=\/wp\/v2\/types\/post"}],"author":[{"embeddable":true,"href":"https:\/\/diarioavanzada.com.mx\/index.php?rest_route=\/wp\/v2\/users\/7"}],"replies":[{"embeddable":true,"href":"https:\/\/diarioavanzada.com.mx\/index.php?rest_route=%2Fwp%2Fv2%2Fcomments&post=91238"}],"version-history":[{"count":2,"href":"https:\/\/diarioavanzada.com.mx\/index.php?rest_route=\/wp\/v2\/posts\/91238\/revisions"}],"predecessor-version":[{"id":91241,"href":"https:\/\/diarioavanzada.com.mx\/index.php?rest_route=\/wp\/v2\/posts\/91238\/revisions\/91241"}],"wp:featuredmedia":[{"embeddable":true,"href":"https:\/\/diarioavanzada.com.mx\/index.php?rest_route=\/wp\/v2\/media\/91236"}],"wp:attachment":[{"href":"https:\/\/diarioavanzada.com.mx\/index.php?rest_route=%2Fwp%2Fv2%2Fmedia&parent=91238"}],"wp:term":[{"taxonomy":"category","embeddable":true,"href":"https:\/\/diarioavanzada.com.mx\/index.php?rest_route=%2Fwp%2Fv2%2Fcategories&post=91238"},{"taxonomy":"post_tag","embeddable":true,"href":"https:\/\/diarioavanzada.com.mx\/index.php?rest_route=%2Fwp%2Fv2%2Ftags&post=91238"}],"curies":[{"name":"wp","href":"https:\/\/api.w.org\/{rel}","templated":true}]}}