{"id":91183,"date":"2025-06-22T20:59:21","date_gmt":"2025-06-23T02:59:21","guid":{"rendered":"https:\/\/diarioavanzada.com.mx\/?p=91183"},"modified":"2025-06-22T20:59:23","modified_gmt":"2025-06-23T02:59:23","slug":"promueve-udec-el-turismo-con-alas-una-alianza-por-la-conservacion","status":"publish","type":"post","link":"https:\/\/diarioavanzada.com.mx\/?p=91183","title":{"rendered":"Promueve UdeC el turismo con alas, una alianza por la conservaci\u00f3n"},"content":{"rendered":"\n<p class=\"wp-block-paragraph\"><em>Rub\u00e9n Ortega y Martha S\u00e1nchez llevaron a estudiantes por un recorrido en la Laguna de Juluapan.<\/em><\/p>\n\n\n\n<p class=\"wp-block-paragraph\">Colima, M\u00e9xico, Comunicado (22\/06\/2025).- Entre aves, estudiantes y especialistas se teji\u00f3 una red de conciencia ambiental en la Laguna de Juluapan, Manzanillo. Hace un par de d\u00edas, estudiantes de Gesti\u00f3n Tur\u00edstica de la Universidad de Colima (UdeC) realizaron una jornada especial fuera del aula: se trat\u00f3 de una observaci\u00f3n de aves de dicha zona con el objetivo de impulsar la conservaci\u00f3n como una v\u00eda sostenible para fortalecer el turismo responsable.<\/p>\n\n\n\n<p class=\"wp-block-paragraph\">La exploraci\u00f3n cont\u00f3 con la gu\u00eda del doctor Rub\u00e9n Ortega \u00c1lvarez, investigador de la Secretar\u00eda de Ciencia, Humanidades, Tecnolog\u00eda e Innovaci\u00f3n del Centro de Estudios e Investigaci\u00f3n en Biocultura, Agroecolog\u00eda, Ambiente y Salud (CEIBAAS) Colima, y de la docente Martha S\u00e1nchez Vilchis, de la Facultad de Turismo y Gastronom\u00eda, con una destacada trayectoria en la Gesti\u00f3n Tur\u00edstica.<\/p>\n\n\n\n<p class=\"wp-block-paragraph\">Ambos coincidieron que la observaci\u00f3n de aves es una herramienta poderosa para fomentar el turismo responsable y, al mismo tiempo, sensibilizar sobre la conservaci\u00f3n de los ecosistemas. As\u00ed, la jornada inici\u00f3 con una charla de monitoreo comunitario en las instalaciones de la Facultad de Turismo y Gastronom\u00eda, donde se abord\u00f3 su importancia y los beneficios para la biodiversidad.<\/p>\n\n\n\n<p class=\"wp-block-paragraph\">Mujeres y monitoreo de aves<\/p>\n\n\n\n<p class=\"wp-block-paragraph\">All\u00ed mismo particip\u00f3 de forma virtual la ingeniera ambiental Luciana Santos Mart\u00ednez, de la Red de Monitoreo de Aves Huilotl Toxitl\u00e1n, Catemaco, en Veracruz, quien habl\u00f3 sobre la inclusi\u00f3n de las mujeres en el monitoreo comunitario de aves, que abona a una perspectiva m\u00e1s equitativa, diversa y sostenible: \u201cEsta inclusi\u00f3n no s\u00f3lo rompe barreras de g\u00e9nero hist\u00f3ricas en las ciencias ambientales, sino que tambi\u00e9n genera impactos positivos en las comunidades y en la forma de hacer conservaci\u00f3n\u201d, sostuvo.<\/p>\n\n\n\n<p class=\"wp-block-paragraph\">M\u00e1s tarde se realiz\u00f3 un recorrido para identificar las aves que viven en la Laguna de Juluapan, ubicada al oeste de la bah\u00eda de Santiago, en Manzanillo. El doctor Rub\u00e9n prest\u00f3 su equipo, como binoculares y el libro \u201cP\u00e1jaros de M\u00e9xico y Centroam\u00e9rica\u201d (Birds of Mexico and Central America), escrito e ilustrado por Ber van Perlo, a estudiantes.<\/p>\n\n\n\n<p class=\"wp-block-paragraph\">Luego de una introducci\u00f3n sobre c\u00f3mo utilizar el equipo, el experto fue se\u00f1alando las aves que se acercaban, como Las fragatas (Fregata magnificens), Pel\u00edcano caf\u00e9 (Pelecanus occidentalis), Charranes (Laridae) y la \u201csp\u00e1tula rosada (Platalea ajaja), y pidi\u00f3 al alumnado registrar los detalles de estos animales como el pico, sus ex\u00f3ticos plumajes, el color de sus ojos, tama\u00f1os y comparaciones entre hembras y machos.<\/p>\n\n\n\n<p class=\"wp-block-paragraph\">En entrevista, el especialista Ortega \u00c1lvarez cont\u00f3 que Colima alberga m\u00e1s de 450 especies de aves y, aunque la mayor\u00eda son residentes, tambi\u00e9n recibe un gran n\u00famero de p\u00e1jaros migratorios en la zona de bosques y costas. Sobre el m\u00e9todo para monitorearlas, coment\u00f3 que se realizan las salidas a campo y observaci\u00f3n directa con binoculares o telescopios y que tambi\u00e9n hacen entrevistas en las comunidades.<\/p>\n\n\n\n<p class=\"wp-block-paragraph\">Cambios en las poblaciones de aves<\/p>\n\n\n\n<p class=\"wp-block-paragraph\">Sobre c\u00f3mo han aumentado las poblaciones de las aves, el doctor Ortega dijo que se han llevado a cabo muestreos a lo largo de la historia conocidos como monitoreos: \u201cSabemos la importancia para determinar estos cambios, se conoce que hay una disminuci\u00f3n en grupos de aves como los patos\u201d.<\/p>\n\n\n\n<p class=\"wp-block-paragraph\">Tambi\u00e9n a\u00f1adi\u00f3 que entre especialistas han notado una disminuci\u00f3n en torno al conocimiento tradicional que existe sobre las aves: \u201cEs una situaci\u00f3n alarmante porque estas investigaciones son vitales para fomentar un mejor uso, manejo y conservaci\u00f3n de los recursos naturales\u201d, mencion\u00f3.<\/p>\n\n\n\n<p class=\"wp-block-paragraph\">De acuerdo con el doctor Rub\u00e9n, las amenazas para estos animales son el cambio de suelo, el desarrollo urbano mal planeado y desorganizado, la disminuci\u00f3n de \u00e1reas verdes y, especialmente, los gatos: \u201cEstos felinos son cazadores y una de las principales amenazas, no s\u00f3lo en Colima sino a nivel internacional. Tienen un gran impacto los gatos y tambi\u00e9n los perros sobre las aves\u201d, dijo.<\/p>\n\n\n\n<p class=\"wp-block-paragraph\">Las bondades de la investigaci\u00f3n<\/p>\n\n\n\n<p class=\"wp-block-paragraph\">El doctor se\u00f1al\u00f3 que actualmente se cuenta con el registro del \u201cMosquero de balsas\u201d (Xenotriccus mexicanus), un ave que no se hab\u00eda documentado en Colima y, por primera vez, se logr\u00f3 gracias al trabajo de esta investigaci\u00f3n. Otro dato que document\u00f3 el especialista ha sido sobre el guam\u00fachil. \u201cEs muy importante para la gente y las aves por sus frutos y los insectos que tiene asociados, pues \u00e9stos se convierten en alimento\u201d, enfatiz\u00f3.<\/p>\n\n\n\n<p class=\"wp-block-paragraph\">Lo mejor para resguardar las aves, dijo, es priorizar las \u00e1reas verdes en el interior de la ciudad y zonas aleda\u00f1as: bosques, selvas y manglares. Sobre esto, destac\u00f3 que es relevante desarrollar acciones de educaci\u00f3n ambiental con el fin de que los habitantes conozcan sus aves y se involucren con ellas, a trav\u00e9s de actividades como monitoreos o recorridos.<\/p>\n\n\n\n<p class=\"wp-block-paragraph\">UdeC, una red de conciencia ambiental<\/p>\n\n\n\n<p class=\"wp-block-paragraph\">Tambi\u00e9n destac\u00f3 que con la Universidad de Colima ha trabajado impartiendo charlas enfocadas en aves, las cuales abarcan el monitoreo comunitario y la perspectiva del jard\u00edn etnobiol\u00f3gico, es decir, el estudio de las relaciones entre seres humanos y su entorno natural, incluyendo plantas, animales y ecosistemas, as\u00ed como los conocimientos, usos y pr\u00e1cticas culturales asociadas a \u00e9stos.<\/p>\n\n\n\n<p class=\"wp-block-paragraph\">De igual manera, participa en talleres y recorridos de observaci\u00f3n de aves, y trabaja con la Subsecretar\u00eda de Turismo del Estado y la Direcci\u00f3n de Turismo del Ayuntamiento de Manzanillo, con quienes pactaron actividades que incluyen a la poblaci\u00f3n rural e ind\u00edgena como gu\u00edas para tener rutas de observaci\u00f3n.<\/p>\n\n\n\n<p class=\"wp-block-paragraph\">Martha S\u00e1nchez, profesora de la Facultad de Turismo y Gastronom\u00eda de la UdeC, tambi\u00e9n en entrevista, coment\u00f3 que gracias a esta pr\u00e1ctica en campo, las y los estudiantes conocen la importancia de las aves y su conservaci\u00f3n; tambi\u00e9n se fomenta la empat\u00eda y los hace conscientes de todo lo que tenga que ver con el medioambiente.<\/p>\n\n\n\n<p class=\"wp-block-paragraph\">El turismo de naturaleza y el ecoturismo<\/p>\n\n\n\n<p class=\"wp-block-paragraph\">Sobre esto, la especialista contest\u00f3 que el turismo de naturaleza se enfoca en ciertas actividades, en la interacci\u00f3n con el medio ambiente y promueve el respeto y la conservaci\u00f3n. El ecoturismo, por su parte, tiende a realizar actividades recreativas de identificaci\u00f3n de la naturaleza. Aqu\u00ed las aves juegan un papel destacado.<\/p>\n\n\n\n<p class=\"wp-block-paragraph\">La Subsecretar\u00eda de Turismo y la Direcci\u00f3n General de Turismo Sustentable, explic\u00f3, llevan a cabo una programaci\u00f3n de festivales y eventos como el \u201cColima Birding\u201d, que a trav\u00e9s de conferencias y talleres promueve la conservaci\u00f3n de las aves y la pr\u00e1ctica de un turismo sostenible.<\/p>\n\n\n\n<p class=\"wp-block-paragraph\">Por parte de la UdeC, destac\u00f3 que a trav\u00e9s de la Facultad de Turismo y Gastronom\u00eda se realizan actividades como talleres de fotograf\u00eda de naturaleza, limpieza de playas y observaci\u00f3n de aves con el apoyo de especialistas. \u201cNos ayudan a impulsar a nuestros estudiantes, quienes no s\u00f3lo se quedan con el conocimiento te\u00f3rico impartido en el aula, pues adem\u00e1s lo complementan al visitar y conocer escenarios reales\u201d, puntualiz\u00f3.<\/p>\n\n\n\n<p class=\"wp-block-paragraph\">Para el estudiante Cristopher Mungu\u00eda, esta actividad ha sido una experiencia nueva. \u201cAprendimos sobre el manejo de binoculares y el nombre de las especies que habitan en esta laguna. Me llam\u00f3 la atenci\u00f3n la cantidad de aves que tenemos aqu\u00ed en Colima y me sorprendi\u00f3 la esp\u00e1tula rosada, es muy bonita y no sab\u00eda que exist\u00eda\u201d, dijo.<\/p>\n\n\n\n<p class=\"wp-block-paragraph\">Por \u00faltimo, extern\u00f3 que esta actividad tur\u00edstica ayuda a ser m\u00e1s responsables con el medio ambiente.<\/p>\n\n\n\n<figure class=\"wp-block-image size-large\"><img loading=\"lazy\" decoding=\"async\" width=\"1024\" height=\"683\" src=\"https:\/\/diarioavanzada.com.mx\/wp-content\/uploads\/2025\/06\/Promueve-UdeC-el-turismo-con-alas-una-alianza-por-la-conservacion_b-1024x683.jpg\" alt=\"\" class=\"wp-image-91185\" srcset=\"https:\/\/diarioavanzada.com.mx\/wp-content\/uploads\/2025\/06\/Promueve-UdeC-el-turismo-con-alas-una-alianza-por-la-conservacion_b-1024x683.jpg 1024w, https:\/\/diarioavanzada.com.mx\/wp-content\/uploads\/2025\/06\/Promueve-UdeC-el-turismo-con-alas-una-alianza-por-la-conservacion_b-300x200.jpg 300w, https:\/\/diarioavanzada.com.mx\/wp-content\/uploads\/2025\/06\/Promueve-UdeC-el-turismo-con-alas-una-alianza-por-la-conservacion_b-768x512.jpg 768w, https:\/\/diarioavanzada.com.mx\/wp-content\/uploads\/2025\/06\/Promueve-UdeC-el-turismo-con-alas-una-alianza-por-la-conservacion_b-1536x1024.jpg 1536w, https:\/\/diarioavanzada.com.mx\/wp-content\/uploads\/2025\/06\/Promueve-UdeC-el-turismo-con-alas-una-alianza-por-la-conservacion_b-2048x1365.jpg 2048w, https:\/\/diarioavanzada.com.mx\/wp-content\/uploads\/2025\/06\/Promueve-UdeC-el-turismo-con-alas-una-alianza-por-la-conservacion_b-1200x800.jpg 1200w\" sizes=\"auto, (max-width: 1024px) 100vw, 1024px\" \/><\/figure>\n\n\n\n<figure class=\"wp-block-image size-large\"><img loading=\"lazy\" decoding=\"async\" width=\"1024\" height=\"717\" src=\"https:\/\/diarioavanzada.com.mx\/wp-content\/uploads\/2025\/06\/Promueve-UdeC-el-turismo-con-alas-una-alianza-por-la-conservacion_a-1024x717.jpg\" alt=\"\" class=\"wp-image-91186\" srcset=\"https:\/\/diarioavanzada.com.mx\/wp-content\/uploads\/2025\/06\/Promueve-UdeC-el-turismo-con-alas-una-alianza-por-la-conservacion_a-1024x717.jpg 1024w, https:\/\/diarioavanzada.com.mx\/wp-content\/uploads\/2025\/06\/Promueve-UdeC-el-turismo-con-alas-una-alianza-por-la-conservacion_a-300x210.jpg 300w, https:\/\/diarioavanzada.com.mx\/wp-content\/uploads\/2025\/06\/Promueve-UdeC-el-turismo-con-alas-una-alianza-por-la-conservacion_a-768x538.jpg 768w, https:\/\/diarioavanzada.com.mx\/wp-content\/uploads\/2025\/06\/Promueve-UdeC-el-turismo-con-alas-una-alianza-por-la-conservacion_a-1536x1075.jpg 1536w, https:\/\/diarioavanzada.com.mx\/wp-content\/uploads\/2025\/06\/Promueve-UdeC-el-turismo-con-alas-una-alianza-por-la-conservacion_a-2048x1434.jpg 2048w, https:\/\/diarioavanzada.com.mx\/wp-content\/uploads\/2025\/06\/Promueve-UdeC-el-turismo-con-alas-una-alianza-por-la-conservacion_a-1200x840.jpg 1200w\" sizes=\"auto, (max-width: 1024px) 100vw, 1024px\" \/><\/figure>\n\n\n\n<figure class=\"wp-block-image size-large\"><img loading=\"lazy\" decoding=\"async\" width=\"1024\" height=\"683\" src=\"https:\/\/diarioavanzada.com.mx\/wp-content\/uploads\/2025\/06\/Promueve-UdeC-el-turismo-con-alas-una-alianza-por-la-conservacion_c-1024x683.jpg\" alt=\"\" class=\"wp-image-91188\" srcset=\"https:\/\/diarioavanzada.com.mx\/wp-content\/uploads\/2025\/06\/Promueve-UdeC-el-turismo-con-alas-una-alianza-por-la-conservacion_c-1024x683.jpg 1024w, https:\/\/diarioavanzada.com.mx\/wp-content\/uploads\/2025\/06\/Promueve-UdeC-el-turismo-con-alas-una-alianza-por-la-conservacion_c-300x200.jpg 300w, https:\/\/diarioavanzada.com.mx\/wp-content\/uploads\/2025\/06\/Promueve-UdeC-el-turismo-con-alas-una-alianza-por-la-conservacion_c-768x512.jpg 768w, https:\/\/diarioavanzada.com.mx\/wp-content\/uploads\/2025\/06\/Promueve-UdeC-el-turismo-con-alas-una-alianza-por-la-conservacion_c-1536x1024.jpg 1536w, https:\/\/diarioavanzada.com.mx\/wp-content\/uploads\/2025\/06\/Promueve-UdeC-el-turismo-con-alas-una-alianza-por-la-conservacion_c-2048x1365.jpg 2048w, https:\/\/diarioavanzada.com.mx\/wp-content\/uploads\/2025\/06\/Promueve-UdeC-el-turismo-con-alas-una-alianza-por-la-conservacion_c-1200x800.jpg 1200w\" sizes=\"auto, (max-width: 1024px) 100vw, 1024px\" \/><\/figure>\n\n\n\n<figure class=\"wp-block-image size-large\"><img loading=\"lazy\" decoding=\"async\" width=\"1024\" height=\"683\" src=\"https:\/\/diarioavanzada.com.mx\/wp-content\/uploads\/2025\/06\/Promueve-UdeC-el-turismo-con-alas-una-alianza-por-la-conservacion_d-1024x683.jpg\" alt=\"\" class=\"wp-image-91189\" srcset=\"https:\/\/diarioavanzada.com.mx\/wp-content\/uploads\/2025\/06\/Promueve-UdeC-el-turismo-con-alas-una-alianza-por-la-conservacion_d-1024x683.jpg 1024w, https:\/\/diarioavanzada.com.mx\/wp-content\/uploads\/2025\/06\/Promueve-UdeC-el-turismo-con-alas-una-alianza-por-la-conservacion_d-300x200.jpg 300w, https:\/\/diarioavanzada.com.mx\/wp-content\/uploads\/2025\/06\/Promueve-UdeC-el-turismo-con-alas-una-alianza-por-la-conservacion_d-768x512.jpg 768w, https:\/\/diarioavanzada.com.mx\/wp-content\/uploads\/2025\/06\/Promueve-UdeC-el-turismo-con-alas-una-alianza-por-la-conservacion_d-1536x1024.jpg 1536w, https:\/\/diarioavanzada.com.mx\/wp-content\/uploads\/2025\/06\/Promueve-UdeC-el-turismo-con-alas-una-alianza-por-la-conservacion_d-2048x1365.jpg 2048w, https:\/\/diarioavanzada.com.mx\/wp-content\/uploads\/2025\/06\/Promueve-UdeC-el-turismo-con-alas-una-alianza-por-la-conservacion_d-1200x800.jpg 1200w\" sizes=\"auto, (max-width: 1024px) 100vw, 1024px\" \/><\/figure>\n\n\n\n<figure class=\"wp-block-image size-large\"><img loading=\"lazy\" decoding=\"async\" width=\"1024\" height=\"683\" src=\"https:\/\/diarioavanzada.com.mx\/wp-content\/uploads\/2025\/06\/Promueve-UdeC-el-turismo-con-alas-una-alianza-por-la-conservacion-1024x683.jpg\" alt=\"\" class=\"wp-image-91191\" srcset=\"https:\/\/diarioavanzada.com.mx\/wp-content\/uploads\/2025\/06\/Promueve-UdeC-el-turismo-con-alas-una-alianza-por-la-conservacion-1024x683.jpg 1024w, https:\/\/diarioavanzada.com.mx\/wp-content\/uploads\/2025\/06\/Promueve-UdeC-el-turismo-con-alas-una-alianza-por-la-conservacion-300x200.jpg 300w, https:\/\/diarioavanzada.com.mx\/wp-content\/uploads\/2025\/06\/Promueve-UdeC-el-turismo-con-alas-una-alianza-por-la-conservacion-768x512.jpg 768w, https:\/\/diarioavanzada.com.mx\/wp-content\/uploads\/2025\/06\/Promueve-UdeC-el-turismo-con-alas-una-alianza-por-la-conservacion-1536x1024.jpg 1536w, https:\/\/diarioavanzada.com.mx\/wp-content\/uploads\/2025\/06\/Promueve-UdeC-el-turismo-con-alas-una-alianza-por-la-conservacion-2048x1365.jpg 2048w, https:\/\/diarioavanzada.com.mx\/wp-content\/uploads\/2025\/06\/Promueve-UdeC-el-turismo-con-alas-una-alianza-por-la-conservacion-1200x800.jpg 1200w\" sizes=\"auto, (max-width: 1024px) 100vw, 1024px\" \/><\/figure>\n\n\n\n<figure class=\"wp-block-image size-large\"><img loading=\"lazy\" decoding=\"async\" width=\"1024\" height=\"683\" src=\"https:\/\/diarioavanzada.com.mx\/wp-content\/uploads\/2025\/06\/Promueve-UdeC-el-turismo-con-alas-una-alianza-por-la-conservacion_f-1024x683.jpg\" alt=\"\" class=\"wp-image-91192\" srcset=\"https:\/\/diarioavanzada.com.mx\/wp-content\/uploads\/2025\/06\/Promueve-UdeC-el-turismo-con-alas-una-alianza-por-la-conservacion_f-1024x683.jpg 1024w, https:\/\/diarioavanzada.com.mx\/wp-content\/uploads\/2025\/06\/Promueve-UdeC-el-turismo-con-alas-una-alianza-por-la-conservacion_f-300x200.jpg 300w, https:\/\/diarioavanzada.com.mx\/wp-content\/uploads\/2025\/06\/Promueve-UdeC-el-turismo-con-alas-una-alianza-por-la-conservacion_f-768x512.jpg 768w, https:\/\/diarioavanzada.com.mx\/wp-content\/uploads\/2025\/06\/Promueve-UdeC-el-turismo-con-alas-una-alianza-por-la-conservacion_f-1536x1024.jpg 1536w, https:\/\/diarioavanzada.com.mx\/wp-content\/uploads\/2025\/06\/Promueve-UdeC-el-turismo-con-alas-una-alianza-por-la-conservacion_f-2048x1365.jpg 2048w, https:\/\/diarioavanzada.com.mx\/wp-content\/uploads\/2025\/06\/Promueve-UdeC-el-turismo-con-alas-una-alianza-por-la-conservacion_f-1200x800.jpg 1200w\" sizes=\"auto, (max-width: 1024px) 100vw, 1024px\" \/><\/figure>\n\n\n\n<figure class=\"wp-block-image size-large\"><img loading=\"lazy\" decoding=\"async\" width=\"1024\" height=\"683\" src=\"https:\/\/diarioavanzada.com.mx\/wp-content\/uploads\/2025\/06\/Promueve-UdeC-el-turismo-con-alas-una-alianza-por-la-conservacion_Libro-1024x683.jpg\" alt=\"\" class=\"wp-image-91195\" srcset=\"https:\/\/diarioavanzada.com.mx\/wp-content\/uploads\/2025\/06\/Promueve-UdeC-el-turismo-con-alas-una-alianza-por-la-conservacion_Libro-1024x683.jpg 1024w, https:\/\/diarioavanzada.com.mx\/wp-content\/uploads\/2025\/06\/Promueve-UdeC-el-turismo-con-alas-una-alianza-por-la-conservacion_Libro-300x200.jpg 300w, https:\/\/diarioavanzada.com.mx\/wp-content\/uploads\/2025\/06\/Promueve-UdeC-el-turismo-con-alas-una-alianza-por-la-conservacion_Libro-768x512.jpg 768w, https:\/\/diarioavanzada.com.mx\/wp-content\/uploads\/2025\/06\/Promueve-UdeC-el-turismo-con-alas-una-alianza-por-la-conservacion_Libro-1536x1024.jpg 1536w, https:\/\/diarioavanzada.com.mx\/wp-content\/uploads\/2025\/06\/Promueve-UdeC-el-turismo-con-alas-una-alianza-por-la-conservacion_Libro-2048x1365.jpg 2048w, https:\/\/diarioavanzada.com.mx\/wp-content\/uploads\/2025\/06\/Promueve-UdeC-el-turismo-con-alas-una-alianza-por-la-conservacion_Libro-1200x800.jpg 1200w\" sizes=\"auto, (max-width: 1024px) 100vw, 1024px\" \/><\/figure>\n\n\n\n<figure class=\"wp-block-image size-large\"><img loading=\"lazy\" decoding=\"async\" width=\"1024\" height=\"683\" src=\"https:\/\/diarioavanzada.com.mx\/wp-content\/uploads\/2025\/06\/Promueve-UdeC-el-turismo-con-alas-una-alianza-por-la-conservacion_Ruben-1024x683.jpg\" alt=\"\" class=\"wp-image-91196\" srcset=\"https:\/\/diarioavanzada.com.mx\/wp-content\/uploads\/2025\/06\/Promueve-UdeC-el-turismo-con-alas-una-alianza-por-la-conservacion_Ruben-1024x683.jpg 1024w, https:\/\/diarioavanzada.com.mx\/wp-content\/uploads\/2025\/06\/Promueve-UdeC-el-turismo-con-alas-una-alianza-por-la-conservacion_Ruben-300x200.jpg 300w, https:\/\/diarioavanzada.com.mx\/wp-content\/uploads\/2025\/06\/Promueve-UdeC-el-turismo-con-alas-una-alianza-por-la-conservacion_Ruben-768x512.jpg 768w, https:\/\/diarioavanzada.com.mx\/wp-content\/uploads\/2025\/06\/Promueve-UdeC-el-turismo-con-alas-una-alianza-por-la-conservacion_Ruben-1536x1024.jpg 1536w, https:\/\/diarioavanzada.com.mx\/wp-content\/uploads\/2025\/06\/Promueve-UdeC-el-turismo-con-alas-una-alianza-por-la-conservacion_Ruben-2048x1365.jpg 2048w, https:\/\/diarioavanzada.com.mx\/wp-content\/uploads\/2025\/06\/Promueve-UdeC-el-turismo-con-alas-una-alianza-por-la-conservacion_Ruben-1200x800.jpg 1200w\" sizes=\"auto, (max-width: 1024px) 100vw, 1024px\" \/><\/figure>\n\n\n\n<figure class=\"wp-block-image size-large\"><img loading=\"lazy\" decoding=\"async\" width=\"1024\" height=\"683\" src=\"https:\/\/diarioavanzada.com.mx\/wp-content\/uploads\/2025\/06\/Promueve-UdeC-el-turismo-con-alas-una-alianza-por-la-conservacion_Martha-1024x683.jpg\" alt=\"\" class=\"wp-image-91197\" srcset=\"https:\/\/diarioavanzada.com.mx\/wp-content\/uploads\/2025\/06\/Promueve-UdeC-el-turismo-con-alas-una-alianza-por-la-conservacion_Martha-1024x683.jpg 1024w, https:\/\/diarioavanzada.com.mx\/wp-content\/uploads\/2025\/06\/Promueve-UdeC-el-turismo-con-alas-una-alianza-por-la-conservacion_Martha-300x200.jpg 300w, https:\/\/diarioavanzada.com.mx\/wp-content\/uploads\/2025\/06\/Promueve-UdeC-el-turismo-con-alas-una-alianza-por-la-conservacion_Martha-768x512.jpg 768w, https:\/\/diarioavanzada.com.mx\/wp-content\/uploads\/2025\/06\/Promueve-UdeC-el-turismo-con-alas-una-alianza-por-la-conservacion_Martha-1536x1024.jpg 1536w, https:\/\/diarioavanzada.com.mx\/wp-content\/uploads\/2025\/06\/Promueve-UdeC-el-turismo-con-alas-una-alianza-por-la-conservacion_Martha-2048x1365.jpg 2048w, https:\/\/diarioavanzada.com.mx\/wp-content\/uploads\/2025\/06\/Promueve-UdeC-el-turismo-con-alas-una-alianza-por-la-conservacion_Martha-1200x800.jpg 1200w\" sizes=\"auto, (max-width: 1024px) 100vw, 1024px\" \/><\/figure>\n<div class=\"fb-background-color\">\n\t\t\t  <div \n\t\t\t  \tclass = \"fb-comments\" \n\t\t\t  \tdata-href = \"https:\/\/diarioavanzada.com.mx\/?p=91183\"\n\t\t\t  \tdata-numposts = \"10\"\n\t\t\t  \tdata-lazy = \"true\"\n\t\t\t\tdata-colorscheme = \"light\"\n\t\t\t\tdata-order-by = \"social\"\n\t\t\t\tdata-mobile=true>\n\t\t\t  <\/div><\/div>\n\t\t  <style>\n\t\t    .fb-background-color {\n\t\t\t\tbackground:  !important;\n\t\t\t}\n\t\t\t.fb_iframe_widget_fluid_desktop iframe {\n\t\t\t    width: 100% !important;\n\t\t\t}\n\t\t  <\/style>\n\t\t  ","protected":false},"excerpt":{"rendered":"<p>Rub\u00e9n Ortega y Martha S\u00e1nchez llevaron a estudiantes por un recorrido en la Laguna de Juluapan. Colima, M\u00e9xico, Comunicado (22\/06\/2025).- Entre aves, estudiantes y especialistas se teji\u00f3 una red de conciencia ambiental en la Laguna de Juluapan, Manzanillo. Hace un par de d\u00edas, estudiantes de Gesti\u00f3n Tur\u00edstica de la Universidad de Colima (UdeC) realizaron una [&hellip;]<\/p>\n","protected":false},"author":7,"featured_media":91193,"comment_status":"closed","ping_status":"closed","sticky":false,"template":"","format":"standard","meta":{"_coblocks_attr":"","_coblocks_dimensions":"","_coblocks_responsive_height":"","_coblocks_accordion_ie_support":"","_crdt_document":"","advanced_seo_description":"","jetpack_seo_html_title":"","jetpack_seo_noindex":false,"_jetpack_memberships_contains_paid_content":false,"footnotes":""},"categories":[19,209,7],"tags":[],"class_list":["post-91183","post","type-post","status-publish","format-standard","has-post-thumbnail","hentry","category-colima","category-importantes","category-noticias"],"jetpack_featured_media_url":"https:\/\/diarioavanzada.com.mx\/wp-content\/uploads\/2025\/06\/Promueve-UdeC-el-turismo-con-alas-una-alianza-por-la-conservacion_e.jpg","jetpack-related-posts":[],"jetpack_sharing_enabled":true,"amp_enabled":true,"_links":{"self":[{"href":"https:\/\/diarioavanzada.com.mx\/index.php?rest_route=\/wp\/v2\/posts\/91183","targetHints":{"allow":["GET"]}}],"collection":[{"href":"https:\/\/diarioavanzada.com.mx\/index.php?rest_route=\/wp\/v2\/posts"}],"about":[{"href":"https:\/\/diarioavanzada.com.mx\/index.php?rest_route=\/wp\/v2\/types\/post"}],"author":[{"embeddable":true,"href":"https:\/\/diarioavanzada.com.mx\/index.php?rest_route=\/wp\/v2\/users\/7"}],"replies":[{"embeddable":true,"href":"https:\/\/diarioavanzada.com.mx\/index.php?rest_route=%2Fwp%2Fv2%2Fcomments&post=91183"}],"version-history":[{"count":6,"href":"https:\/\/diarioavanzada.com.mx\/index.php?rest_route=\/wp\/v2\/posts\/91183\/revisions"}],"predecessor-version":[{"id":91199,"href":"https:\/\/diarioavanzada.com.mx\/index.php?rest_route=\/wp\/v2\/posts\/91183\/revisions\/91199"}],"wp:featuredmedia":[{"embeddable":true,"href":"https:\/\/diarioavanzada.com.mx\/index.php?rest_route=\/wp\/v2\/media\/91193"}],"wp:attachment":[{"href":"https:\/\/diarioavanzada.com.mx\/index.php?rest_route=%2Fwp%2Fv2%2Fmedia&parent=91183"}],"wp:term":[{"taxonomy":"category","embeddable":true,"href":"https:\/\/diarioavanzada.com.mx\/index.php?rest_route=%2Fwp%2Fv2%2Fcategories&post=91183"},{"taxonomy":"post_tag","embeddable":true,"href":"https:\/\/diarioavanzada.com.mx\/index.php?rest_route=%2Fwp%2Fv2%2Ftags&post=91183"}],"curies":[{"name":"wp","href":"https:\/\/api.w.org\/{rel}","templated":true}]}}