{"id":91157,"date":"2025-06-22T20:32:35","date_gmt":"2025-06-23T02:32:35","guid":{"rendered":"https:\/\/diarioavanzada.com.mx\/?p=91157"},"modified":"2025-06-22T20:32:39","modified_gmt":"2025-06-23T02:32:39","slug":"participa-udec-en-conformacion-del-grupo-estatal-de-emergencia-en-salud-animal","status":"publish","type":"post","link":"https:\/\/diarioavanzada.com.mx\/?p=91157","title":{"rendered":"Participa UdeC en conformaci\u00f3n del Grupo Estatal de Emergencia en Salud Animal"},"content":{"rendered":"\n<p class=\"wp-block-paragraph\"><em>Realizaron un simulacro denominado Plan de Emergencia para la Prevenci\u00f3n y control de la plaga del Gusano Barrenador del Ganado (GBG) en caso de brote en ganado colimense.<\/em><\/p>\n\n\n\n<p class=\"wp-block-paragraph\">Colima, M\u00e9xico, Comunicado (22\/06\/2025).- La Facultad de Medicina Veterinaria y Zootecnia (FMVZ) de la Universidad de Colima particip\u00f3 activamente en la conformaci\u00f3n del Grupo Estatal de Emergencia en Salud Animal de Colima (GEESA Colima), mediante un seminario, simulacro y ejercicio t\u00e9cnico enfocados en el Plan de Emergencia para la Prevenci\u00f3n y Control del Gusano Barrenador del Ganado (GBG), ante un posible brote en el estado.<\/p>\n\n\n\n<p class=\"wp-block-paragraph\">El director del plantel, Arturo Garc\u00eda Casillas, encabez\u00f3 la participaci\u00f3n institucional y explic\u00f3 que estas acciones forman parte de la activaci\u00f3n preventiva del Dispositivo Nacional de Emergencia de Sanidad Animal (DINESA), decretada por el Gobierno Federal en julio de 2024, como medida para contener posibles brotes y mitigar los riesgos asociados a la reaparici\u00f3n de este par\u00e1sito en el ganado.<\/p>\n\n\n\n<p class=\"wp-block-paragraph\">Durante la jornada, se cont\u00f3 con la orientaci\u00f3n de los facilitadores Laureano V\u00e1zquez Mendoza (Regi\u00f3n 4) y Roberto Far\u00edas Medina (zona Colima), representantes de la Comisi\u00f3n M\u00e9xico\u2013Estados Unidos para la Prevenci\u00f3n de la Fiebre Aftosa y otras Enfermedades Ex\u00f3ticas de los Animales (CPA).<\/p>\n\n\n\n<p class=\"wp-block-paragraph\">En entrevista, Garc\u00eda Casillas advirti\u00f3 que la presencia del gusano barrenador se ha confirmado recientemente en diversas regiones de Centroam\u00e9rica, desde Panam\u00e1 hasta Guatemala, y que ya se han registrado casos en la zona fronteriza del sur de M\u00e9xico. \u201cEsto representa una amenaza inminente para la salud animal y p\u00fablica\u201d, se\u00f1al\u00f3.<\/p>\n\n\n\n<p class=\"wp-block-paragraph\">Record\u00f3 que M\u00e9xico erradic\u00f3 esta plaga hace m\u00e1s de tres d\u00e9cadas, y que en 2006 tambi\u00e9n se logr\u00f3 la eliminaci\u00f3n de la mosca <em>Cochliomyia hominivorax<\/em> -fase adulta del gusano- en Am\u00e9rica Central, hasta la frontera entre Panam\u00e1 y Colombia.<\/p>\n\n\n\n<p class=\"wp-block-paragraph\">El gusano barrenador del ganado es uno de los principales agentes causantes de miasis (gusanera) en animales de regiones tropicales y subtropicales del continente. Se trata de un <strong>par\u00e1sito obligado<\/strong>, es decir, que requiere de animales vivos para desarrollarse. La mosca hembra puede depositar hasta 300 huevos que eclosionan en 24 horas; las larvas se alimentan del tejido vivo del hospedador, generando lesiones profundas y deterioro en la piel y m\u00fasculos.<\/p>\n\n\n\n<p class=\"wp-block-paragraph\">Finalmente, Garc\u00eda Casillas subray\u00f3 que esta infestaci\u00f3n puede derivar en infecciones secundarias, con consecuencias graves para la salud del ganado y p\u00e9rdidas econ\u00f3micas significativas en la producci\u00f3n pecuaria.<\/p>\n\n\n\n<figure class=\"wp-block-image size-large\"><img loading=\"lazy\" decoding=\"async\" width=\"1024\" height=\"768\" src=\"https:\/\/diarioavanzada.com.mx\/wp-content\/uploads\/2025\/06\/Participa-UdeC-en-conformacion-del-Grupo-Estatal-de-Emergencia-en-Salud-Animal_a-1024x768.jpeg\" alt=\"\" class=\"wp-image-91159\" srcset=\"https:\/\/diarioavanzada.com.mx\/wp-content\/uploads\/2025\/06\/Participa-UdeC-en-conformacion-del-Grupo-Estatal-de-Emergencia-en-Salud-Animal_a-1024x768.jpeg 1024w, https:\/\/diarioavanzada.com.mx\/wp-content\/uploads\/2025\/06\/Participa-UdeC-en-conformacion-del-Grupo-Estatal-de-Emergencia-en-Salud-Animal_a-300x225.jpeg 300w, https:\/\/diarioavanzada.com.mx\/wp-content\/uploads\/2025\/06\/Participa-UdeC-en-conformacion-del-Grupo-Estatal-de-Emergencia-en-Salud-Animal_a-768x576.jpeg 768w, https:\/\/diarioavanzada.com.mx\/wp-content\/uploads\/2025\/06\/Participa-UdeC-en-conformacion-del-Grupo-Estatal-de-Emergencia-en-Salud-Animal_a-1536x1152.jpeg 1536w, https:\/\/diarioavanzada.com.mx\/wp-content\/uploads\/2025\/06\/Participa-UdeC-en-conformacion-del-Grupo-Estatal-de-Emergencia-en-Salud-Animal_a-1200x900.jpeg?crop=1 1200w, https:\/\/diarioavanzada.com.mx\/wp-content\/uploads\/2025\/06\/Participa-UdeC-en-conformacion-del-Grupo-Estatal-de-Emergencia-en-Salud-Animal_a-800x600.jpeg?crop=1 800w, https:\/\/diarioavanzada.com.mx\/wp-content\/uploads\/2025\/06\/Participa-UdeC-en-conformacion-del-Grupo-Estatal-de-Emergencia-en-Salud-Animal_a-600x450.jpeg?crop=1 600w, https:\/\/diarioavanzada.com.mx\/wp-content\/uploads\/2025\/06\/Participa-UdeC-en-conformacion-del-Grupo-Estatal-de-Emergencia-en-Salud-Animal_a-400x300.jpeg?crop=1 400w, https:\/\/diarioavanzada.com.mx\/wp-content\/uploads\/2025\/06\/Participa-UdeC-en-conformacion-del-Grupo-Estatal-de-Emergencia-en-Salud-Animal_a-200x150.jpeg?crop=1 200w, https:\/\/diarioavanzada.com.mx\/wp-content\/uploads\/2025\/06\/Participa-UdeC-en-conformacion-del-Grupo-Estatal-de-Emergencia-en-Salud-Animal_a.jpeg 1600w\" sizes=\"auto, (max-width: 1024px) 100vw, 1024px\" \/><\/figure>\n\n\n\n<figure class=\"wp-block-image size-large\"><img loading=\"lazy\" decoding=\"async\" width=\"1024\" height=\"768\" src=\"https:\/\/diarioavanzada.com.mx\/wp-content\/uploads\/2025\/06\/Participa-UdeC-en-conformacion-del-Grupo-Estatal-de-Emergencia-en-Salud-Animal-1024x768.jpeg\" alt=\"\" class=\"wp-image-91160\" srcset=\"https:\/\/diarioavanzada.com.mx\/wp-content\/uploads\/2025\/06\/Participa-UdeC-en-conformacion-del-Grupo-Estatal-de-Emergencia-en-Salud-Animal-1024x768.jpeg 1024w, https:\/\/diarioavanzada.com.mx\/wp-content\/uploads\/2025\/06\/Participa-UdeC-en-conformacion-del-Grupo-Estatal-de-Emergencia-en-Salud-Animal-300x225.jpeg 300w, https:\/\/diarioavanzada.com.mx\/wp-content\/uploads\/2025\/06\/Participa-UdeC-en-conformacion-del-Grupo-Estatal-de-Emergencia-en-Salud-Animal-768x576.jpeg 768w, https:\/\/diarioavanzada.com.mx\/wp-content\/uploads\/2025\/06\/Participa-UdeC-en-conformacion-del-Grupo-Estatal-de-Emergencia-en-Salud-Animal-1536x1152.jpeg 1536w, https:\/\/diarioavanzada.com.mx\/wp-content\/uploads\/2025\/06\/Participa-UdeC-en-conformacion-del-Grupo-Estatal-de-Emergencia-en-Salud-Animal-1200x900.jpeg?crop=1 1200w, https:\/\/diarioavanzada.com.mx\/wp-content\/uploads\/2025\/06\/Participa-UdeC-en-conformacion-del-Grupo-Estatal-de-Emergencia-en-Salud-Animal-800x600.jpeg?crop=1 800w, https:\/\/diarioavanzada.com.mx\/wp-content\/uploads\/2025\/06\/Participa-UdeC-en-conformacion-del-Grupo-Estatal-de-Emergencia-en-Salud-Animal-600x450.jpeg?crop=1 600w, https:\/\/diarioavanzada.com.mx\/wp-content\/uploads\/2025\/06\/Participa-UdeC-en-conformacion-del-Grupo-Estatal-de-Emergencia-en-Salud-Animal-400x300.jpeg?crop=1 400w, https:\/\/diarioavanzada.com.mx\/wp-content\/uploads\/2025\/06\/Participa-UdeC-en-conformacion-del-Grupo-Estatal-de-Emergencia-en-Salud-Animal-200x150.jpeg?crop=1 200w, https:\/\/diarioavanzada.com.mx\/wp-content\/uploads\/2025\/06\/Participa-UdeC-en-conformacion-del-Grupo-Estatal-de-Emergencia-en-Salud-Animal.jpeg 1600w\" sizes=\"auto, (max-width: 1024px) 100vw, 1024px\" \/><\/figure>\n\n\n\n<figure class=\"wp-block-image size-large\"><img loading=\"lazy\" decoding=\"async\" width=\"1024\" height=\"768\" src=\"https:\/\/diarioavanzada.com.mx\/wp-content\/uploads\/2025\/06\/Participa-UdeC-en-conformacion-del-Grupo-Estatal-de-Emergencia-en-Salud-Animal_b-1024x768.jpeg\" alt=\"\" class=\"wp-image-91163\" srcset=\"https:\/\/diarioavanzada.com.mx\/wp-content\/uploads\/2025\/06\/Participa-UdeC-en-conformacion-del-Grupo-Estatal-de-Emergencia-en-Salud-Animal_b-1024x768.jpeg 1024w, https:\/\/diarioavanzada.com.mx\/wp-content\/uploads\/2025\/06\/Participa-UdeC-en-conformacion-del-Grupo-Estatal-de-Emergencia-en-Salud-Animal_b-300x225.jpeg 300w, https:\/\/diarioavanzada.com.mx\/wp-content\/uploads\/2025\/06\/Participa-UdeC-en-conformacion-del-Grupo-Estatal-de-Emergencia-en-Salud-Animal_b-768x576.jpeg 768w, https:\/\/diarioavanzada.com.mx\/wp-content\/uploads\/2025\/06\/Participa-UdeC-en-conformacion-del-Grupo-Estatal-de-Emergencia-en-Salud-Animal_b-1536x1152.jpeg 1536w, https:\/\/diarioavanzada.com.mx\/wp-content\/uploads\/2025\/06\/Participa-UdeC-en-conformacion-del-Grupo-Estatal-de-Emergencia-en-Salud-Animal_b-1200x900.jpeg?crop=1 1200w, https:\/\/diarioavanzada.com.mx\/wp-content\/uploads\/2025\/06\/Participa-UdeC-en-conformacion-del-Grupo-Estatal-de-Emergencia-en-Salud-Animal_b-800x600.jpeg?crop=1 800w, https:\/\/diarioavanzada.com.mx\/wp-content\/uploads\/2025\/06\/Participa-UdeC-en-conformacion-del-Grupo-Estatal-de-Emergencia-en-Salud-Animal_b-600x450.jpeg?crop=1 600w, https:\/\/diarioavanzada.com.mx\/wp-content\/uploads\/2025\/06\/Participa-UdeC-en-conformacion-del-Grupo-Estatal-de-Emergencia-en-Salud-Animal_b-400x300.jpeg?crop=1 400w, https:\/\/diarioavanzada.com.mx\/wp-content\/uploads\/2025\/06\/Participa-UdeC-en-conformacion-del-Grupo-Estatal-de-Emergencia-en-Salud-Animal_b-200x150.jpeg?crop=1 200w, https:\/\/diarioavanzada.com.mx\/wp-content\/uploads\/2025\/06\/Participa-UdeC-en-conformacion-del-Grupo-Estatal-de-Emergencia-en-Salud-Animal_b.jpeg 1600w\" sizes=\"auto, (max-width: 1024px) 100vw, 1024px\" \/><\/figure>\n<div class=\"fb-background-color\">\n\t\t\t  <div \n\t\t\t  \tclass = \"fb-comments\" \n\t\t\t  \tdata-href = \"https:\/\/diarioavanzada.com.mx\/?p=91157\"\n\t\t\t  \tdata-numposts = \"10\"\n\t\t\t  \tdata-lazy = \"true\"\n\t\t\t\tdata-colorscheme = \"light\"\n\t\t\t\tdata-order-by = \"social\"\n\t\t\t\tdata-mobile=true>\n\t\t\t  <\/div><\/div>\n\t\t  <style>\n\t\t    .fb-background-color {\n\t\t\t\tbackground:  !important;\n\t\t\t}\n\t\t\t.fb_iframe_widget_fluid_desktop iframe {\n\t\t\t    width: 100% !important;\n\t\t\t}\n\t\t  <\/style>\n\t\t  ","protected":false},"excerpt":{"rendered":"<p>Realizaron un simulacro denominado Plan de Emergencia para la Prevenci\u00f3n y control de la plaga del Gusano Barrenador del Ganado (GBG) en caso de brote en ganado colimense. Colima, M\u00e9xico, Comunicado (22\/06\/2025).- La Facultad de Medicina Veterinaria y Zootecnia (FMVZ) de la Universidad de Colima particip\u00f3 activamente en la conformaci\u00f3n del Grupo Estatal de Emergencia [&hellip;]<\/p>\n","protected":false},"author":7,"featured_media":91162,"comment_status":"closed","ping_status":"closed","sticky":false,"template":"","format":"standard","meta":{"_coblocks_attr":"","_coblocks_dimensions":"","_coblocks_responsive_height":"","_coblocks_accordion_ie_support":"","_crdt_document":"","advanced_seo_description":"","jetpack_seo_html_title":"","jetpack_seo_noindex":false,"_jetpack_memberships_contains_paid_content":false,"footnotes":""},"categories":[19,209,7],"tags":[],"class_list":["post-91157","post","type-post","status-publish","format-standard","has-post-thumbnail","hentry","category-colima","category-importantes","category-noticias"],"jetpack_featured_media_url":"https:\/\/diarioavanzada.com.mx\/wp-content\/uploads\/2025\/06\/Participa-UdeC-en-conformacion-del-Grupo-Estatal-de-Emergencia-en-Salud-Animal_c.jpeg","jetpack-related-posts":[],"jetpack_sharing_enabled":true,"amp_enabled":true,"_links":{"self":[{"href":"https:\/\/diarioavanzada.com.mx\/index.php?rest_route=\/wp\/v2\/posts\/91157","targetHints":{"allow":["GET"]}}],"collection":[{"href":"https:\/\/diarioavanzada.com.mx\/index.php?rest_route=\/wp\/v2\/posts"}],"about":[{"href":"https:\/\/diarioavanzada.com.mx\/index.php?rest_route=\/wp\/v2\/types\/post"}],"author":[{"embeddable":true,"href":"https:\/\/diarioavanzada.com.mx\/index.php?rest_route=\/wp\/v2\/users\/7"}],"replies":[{"embeddable":true,"href":"https:\/\/diarioavanzada.com.mx\/index.php?rest_route=%2Fwp%2Fv2%2Fcomments&post=91157"}],"version-history":[{"count":4,"href":"https:\/\/diarioavanzada.com.mx\/index.php?rest_route=\/wp\/v2\/posts\/91157\/revisions"}],"predecessor-version":[{"id":91165,"href":"https:\/\/diarioavanzada.com.mx\/index.php?rest_route=\/wp\/v2\/posts\/91157\/revisions\/91165"}],"wp:featuredmedia":[{"embeddable":true,"href":"https:\/\/diarioavanzada.com.mx\/index.php?rest_route=\/wp\/v2\/media\/91162"}],"wp:attachment":[{"href":"https:\/\/diarioavanzada.com.mx\/index.php?rest_route=%2Fwp%2Fv2%2Fmedia&parent=91157"}],"wp:term":[{"taxonomy":"category","embeddable":true,"href":"https:\/\/diarioavanzada.com.mx\/index.php?rest_route=%2Fwp%2Fv2%2Fcategories&post=91157"},{"taxonomy":"post_tag","embeddable":true,"href":"https:\/\/diarioavanzada.com.mx\/index.php?rest_route=%2Fwp%2Fv2%2Ftags&post=91157"}],"curies":[{"name":"wp","href":"https:\/\/api.w.org\/{rel}","templated":true}]}}