{"id":91082,"date":"2025-06-21T13:30:49","date_gmt":"2025-06-21T19:30:49","guid":{"rendered":"https:\/\/diarioavanzada.com.mx\/?p=91082"},"modified":"2025-06-21T13:30:49","modified_gmt":"2025-06-21T19:30:49","slug":"alcalde-de-zitacuaro-reconoce-que-la-violencia-los-rebaso","status":"publish","type":"post","link":"https:\/\/diarioavanzada.com.mx\/?p=91082","title":{"rendered":"Alcalde de Zit\u00e1cuaro reconoce que la violencia los rebas\u00f3"},"content":{"rendered":"\n<p class=\"p1 wp-block-paragraph\">Michoac\u00e1n, M\u00e9xico, Avanzada (21\/06\/2025).- El presidente municipal de Zit\u00e1cuaro, Juan Antonio Ixtl\u00e1huac, reconoci\u00f3 p\u00fablicamente que la violencia ha superado la capacidad de respuesta del gobierno local, luego de los enfrentamientos armados registrados esta semana que dejaron como saldo la muerte de un ni\u00f1o de cinco a\u00f1os, dos menores lesionados, m\u00faltiples veh\u00edculos incendiados y ataques a establecimientos comerciales.<\/p>\n\n\n\n<p class=\"p1 wp-block-paragraph\">\u201cEl gobierno de Zit\u00e1cuaro manifiesta su profunda preocupaci\u00f3n. Hemos sido rebasados. Vengo de una reuni\u00f3n con las autoridades federales, donde les he pedido que establezcan las l\u00edneas de trabajo y sean ellos quienes dirijan los esfuerzos por la seguridad\u201d, declar\u00f3 el edil ante medios de comunicaci\u00f3n, tras los hechos que sacudieron a la poblaci\u00f3n.<\/p>\n\n\n\n<p class=\"p1 wp-block-paragraph\">Horas despu\u00e9s, a trav\u00e9s de sus redes sociales, Ixtl\u00e1huac afirm\u00f3 que su administraci\u00f3n mantiene coordinaci\u00f3n con autoridades estatales y federales para realizar operativos preventivos. \u201cZit\u00e1cuaro atraviesa momentos dif\u00edciles, pero tengan la seguridad de que estoy comprometido plenamente para devolver la tranquilidad a nuestras calles. No bajaremos la guardia\u201d, escribi\u00f3.<\/p>\n\n\n\n<p class=\"p1 wp-block-paragraph\">El pronunciamiento del alcalde se da tras una jornada de extrema violencia ocurrida el jueves, cuando presuntos integrantes de grupos delictivos protagonizaron enfrentamientos armados que iniciaron al mediod\u00eda y se extendieron durante varias horas. En uno de los incidentes, una madre de familia que viajaba con sus tres hijos qued\u00f3 atrapada en el fuego cruzado. Uno de los menores, de apenas cinco a\u00f1os, muri\u00f3 antes de recibir atenci\u00f3n m\u00e9dica.<\/p>\n\n\n\n<p class=\"p1 wp-block-paragraph\">Los ataques incluyeron incendios provocados en por lo menos seis veh\u00edculos, entre ellos un autob\u00fas y un cami\u00f3n repartidor, as\u00ed como agresiones a comercios en distintos puntos del municipio. Las acciones violentas colapsaron la movilidad en vialidades clave como la carretera Zit\u00e1cuaro-Morelia y generaron un ambiente de temor generalizado entre los habitantes.<\/p>\n\n\n\n<p class=\"p1 wp-block-paragraph\">La comunidad zitacuarense ha exigido el despliegue inmediato de fuerzas federales, ante lo que consideran un vac\u00edo de autoridad en la regi\u00f3n. Mientras tanto, el mensaje del alcalde Ixtl\u00e1huac \u2014admitiendo que el crimen organizado ha rebasado al gobierno municipal\u2014 confirma la gravedad del escenario que enfrenta esta zona del oriente michoacano.<\/p>\n\n\n\n<p class=\"p1 wp-block-paragraph\">c: El alcalde de Zit\u00e1cuaro, Juan Antonio Ixtl\u00e1huac, admiti\u00f3 que la violencia ha superado a su gobierno, tras una jornada de ataques que dej\u00f3 un ni\u00f1o muerto, dos heridos y severos da\u00f1os materiales.<\/p>\n<div class=\"fb-background-color\">\n\t\t\t  <div \n\t\t\t  \tclass = \"fb-comments\" \n\t\t\t  \tdata-href = \"https:\/\/diarioavanzada.com.mx\/?p=91082\"\n\t\t\t  \tdata-numposts = \"10\"\n\t\t\t  \tdata-lazy = \"true\"\n\t\t\t\tdata-colorscheme = \"light\"\n\t\t\t\tdata-order-by = \"social\"\n\t\t\t\tdata-mobile=true>\n\t\t\t  <\/div><\/div>\n\t\t  <style>\n\t\t    .fb-background-color {\n\t\t\t\tbackground:  !important;\n\t\t\t}\n\t\t\t.fb_iframe_widget_fluid_desktop iframe {\n\t\t\t    width: 100% !important;\n\t\t\t}\n\t\t  <\/style>\n\t\t  ","protected":false},"excerpt":{"rendered":"<p>Michoac\u00e1n, M\u00e9xico, Avanzada (21\/06\/2025).- El presidente municipal de Zit\u00e1cuaro, Juan Antonio Ixtl\u00e1huac, reconoci\u00f3 p\u00fablicamente que la violencia ha superado la capacidad de respuesta del gobierno local, luego de los enfrentamientos armados registrados esta semana que dejaron como saldo la muerte de un ni\u00f1o de cinco a\u00f1os, dos menores lesionados, m\u00faltiples veh\u00edculos incendiados y ataques a [&hellip;]<\/p>\n","protected":false},"author":7,"featured_media":91081,"comment_status":"closed","ping_status":"closed","sticky":false,"template":"","format":"standard","meta":{"_coblocks_attr":"","_coblocks_dimensions":"","_coblocks_responsive_height":"","_coblocks_accordion_ie_support":"","_crdt_document":"","advanced_seo_description":"","jetpack_seo_html_title":"","jetpack_seo_noindex":false,"_jetpack_memberships_contains_paid_content":false,"footnotes":""},"categories":[209,22,7],"tags":[210],"class_list":["post-91082","post","type-post","status-publish","format-standard","has-post-thumbnail","hentry","category-importantes","category-nacion","category-noticias","tag-portada"],"jetpack_featured_media_url":"https:\/\/diarioavanzada.com.mx\/wp-content\/uploads\/2025\/06\/img_5155-1.jpg","jetpack-related-posts":[],"jetpack_sharing_enabled":true,"amp_enabled":true,"_links":{"self":[{"href":"https:\/\/diarioavanzada.com.mx\/index.php?rest_route=\/wp\/v2\/posts\/91082","targetHints":{"allow":["GET"]}}],"collection":[{"href":"https:\/\/diarioavanzada.com.mx\/index.php?rest_route=\/wp\/v2\/posts"}],"about":[{"href":"https:\/\/diarioavanzada.com.mx\/index.php?rest_route=\/wp\/v2\/types\/post"}],"author":[{"embeddable":true,"href":"https:\/\/diarioavanzada.com.mx\/index.php?rest_route=\/wp\/v2\/users\/7"}],"replies":[{"embeddable":true,"href":"https:\/\/diarioavanzada.com.mx\/index.php?rest_route=%2Fwp%2Fv2%2Fcomments&post=91082"}],"version-history":[{"count":0,"href":"https:\/\/diarioavanzada.com.mx\/index.php?rest_route=\/wp\/v2\/posts\/91082\/revisions"}],"wp:featuredmedia":[{"embeddable":true,"href":"https:\/\/diarioavanzada.com.mx\/index.php?rest_route=\/wp\/v2\/media\/91081"}],"wp:attachment":[{"href":"https:\/\/diarioavanzada.com.mx\/index.php?rest_route=%2Fwp%2Fv2%2Fmedia&parent=91082"}],"wp:term":[{"taxonomy":"category","embeddable":true,"href":"https:\/\/diarioavanzada.com.mx\/index.php?rest_route=%2Fwp%2Fv2%2Fcategories&post=91082"},{"taxonomy":"post_tag","embeddable":true,"href":"https:\/\/diarioavanzada.com.mx\/index.php?rest_route=%2Fwp%2Fv2%2Ftags&post=91082"}],"curies":[{"name":"wp","href":"https:\/\/api.w.org\/{rel}","templated":true}]}}