{"id":9104,"date":"2019-12-11T11:51:26","date_gmt":"2019-12-11T16:51:26","guid":{"rendered":"https:\/\/diarioavanzada.com.mx\/?p=9104"},"modified":"2019-12-11T11:51:26","modified_gmt":"2019-12-11T16:51:26","slug":"vamos-a-controlar-el-puerto-de-manzanillo-y-pondremos-orden-amlo","status":"publish","type":"post","link":"https:\/\/diarioavanzada.com.mx\/?p=9104","title":{"rendered":"Vamos a controlar el Puerto de Manzanillo y pondremos orden: AMLO"},"content":{"rendered":"\n<p class=\"wp-block-paragraph\">Colima, M\u00e9xico, Avanzada (11\/12\/2019).- El presidente Andr\u00e9s Manuel L\u00f3pez Obrador&nbsp;se\u00f1al\u00f3 que en Colima la violencia se complic\u00f3 por la falta de control en el puerto de Manzanillo.<\/p>\n\n\n\n<p class=\"wp-block-paragraph\">L\u00f3pez Obrador explic\u00f3 que Colima era una entidad segura, sin embargo, tiene la tasa m\u00e1s alta de homicidios, \u201cColima era un estado tranquilo, y ahora sigue siendo, de acuerdo a su poblaci\u00f3n, uno de los estados&nbsp;con m\u00e1s homicidios\u201d.<\/p>\n\n\n\n<p class=\"wp-block-paragraph\">El presidente de M\u00e9xico se\u00f1al\u00f3 que los niveles de violencia en Colima son originados por el puerto de Manzanillo, \u201cno hab\u00eda control, sigue todav\u00eda habiendo problemas en los puertos. Vamos a poner orden\u201d.<\/p>\n\n\n\n<p class=\"wp-block-paragraph\">Se\u00f1al\u00f3 que el env\u00edo de Marinos a los puertos del pa\u00eds no es una militarizaci\u00f3n, \u201cel control de los puertos tiene que estar a cargo de la Secretar\u00eda de Marina. Consideramos que debemos tener el control, por la importancia estrat\u00e9gica que tiene\u201d.<\/p>\n\n\n\n<p class=\"wp-block-paragraph\">Dijo que su gobierno le tiene confianza a la Secretaria de Marina, \u201cy cuando se habla de militarizar, pues se exagera, no es eso. Es el control de los puertos (por el) narcotr\u00e1fico, tr\u00e1fico de drogas\u201d.<\/p>\n\n\n\n<p class=\"wp-block-paragraph\">Dijo que quieren ser m\u00e1s eficientes en todos lo que son, \u201centradas de mercanc\u00edas, cargas y de sustancias en puertos. Es como se est\u00e1 actuando en Aduanas y como estamos actuando en todo\u201d.<\/p>\n\n\n\n<p class=\"wp-block-paragraph\">Record\u00f3 que la Secretar\u00eda de Marina tiene escuelas de Marina Mercante y no s\u00f3lo escuelas navales militares, \u201cellos capacitan, forman, para la Marina Mercante\u201d.<\/p>\n\n\n\n<p class=\"wp-block-paragraph\">Ayer, durante su conferencia ma\u00f1anera, L\u00f3pez Obrador insisti\u00f3 que se pondr\u00e1 orden en los puertos, con la finalidad de evitar la corrupci\u00f3n, y el tr\u00e1fico de sustancias.<\/p>\n\n\n\n<p class=\"wp-block-paragraph\">Cabe recordar que el 9 de mayo fue destituido de su cargo, el director de la Aduana de Manzanillo y seg\u00fan versiones extraoficiales, el ex funcionario est\u00e1 sometido a una investigaci\u00f3n.<\/p>\n<div class=\"fb-background-color\">\n\t\t\t  <div \n\t\t\t  \tclass = \"fb-comments\" \n\t\t\t  \tdata-href = \"https:\/\/diarioavanzada.com.mx\/?p=9104\"\n\t\t\t  \tdata-numposts = \"10\"\n\t\t\t  \tdata-lazy = \"true\"\n\t\t\t\tdata-colorscheme = \"light\"\n\t\t\t\tdata-order-by = \"social\"\n\t\t\t\tdata-mobile=true>\n\t\t\t  <\/div><\/div>\n\t\t  <style>\n\t\t    .fb-background-color {\n\t\t\t\tbackground:  !important;\n\t\t\t}\n\t\t\t.fb_iframe_widget_fluid_desktop iframe {\n\t\t\t    width: 100% !important;\n\t\t\t}\n\t\t  <\/style>\n\t\t  ","protected":false},"excerpt":{"rendered":"<p>Colima, M\u00e9xico, Avanzada (11\/12\/2019).- El presidente Andr\u00e9s Manuel L\u00f3pez Obrador&nbsp;se\u00f1al\u00f3 que en Colima la violencia se complic\u00f3 por la falta de control en el puerto de Manzanillo. L\u00f3pez Obrador explic\u00f3 que Colima era una entidad segura, sin embargo, tiene la tasa m\u00e1s alta de homicidios, \u201cColima era un estado tranquilo, y ahora sigue siendo, de [&hellip;]<\/p>\n","protected":false},"author":5,"featured_media":2856,"comment_status":"closed","ping_status":"closed","sticky":false,"template":"","format":"standard","meta":{"_coblocks_attr":"","_coblocks_dimensions":"","_coblocks_responsive_height":"","_coblocks_accordion_ie_support":"","_crdt_document":"","advanced_seo_description":"","jetpack_seo_html_title":"","jetpack_seo_noindex":false,"_jetpack_memberships_contains_paid_content":false,"footnotes":""},"categories":[19,22],"tags":[210,228],"class_list":["post-9104","post","type-post","status-publish","format-standard","has-post-thumbnail","hentry","category-colima","category-nacion","tag-portada","tag-violencia"],"jetpack_featured_media_url":"https:\/\/diarioavanzada.com.mx\/wp-content\/uploads\/2018\/12\/AMLO.png","jetpack-related-posts":[],"jetpack_sharing_enabled":true,"amp_enabled":true,"_links":{"self":[{"href":"https:\/\/diarioavanzada.com.mx\/index.php?rest_route=\/wp\/v2\/posts\/9104","targetHints":{"allow":["GET"]}}],"collection":[{"href":"https:\/\/diarioavanzada.com.mx\/index.php?rest_route=\/wp\/v2\/posts"}],"about":[{"href":"https:\/\/diarioavanzada.com.mx\/index.php?rest_route=\/wp\/v2\/types\/post"}],"author":[{"embeddable":true,"href":"https:\/\/diarioavanzada.com.mx\/index.php?rest_route=\/wp\/v2\/users\/5"}],"replies":[{"embeddable":true,"href":"https:\/\/diarioavanzada.com.mx\/index.php?rest_route=%2Fwp%2Fv2%2Fcomments&post=9104"}],"version-history":[{"count":0,"href":"https:\/\/diarioavanzada.com.mx\/index.php?rest_route=\/wp\/v2\/posts\/9104\/revisions"}],"wp:featuredmedia":[{"embeddable":true,"href":"https:\/\/diarioavanzada.com.mx\/index.php?rest_route=\/wp\/v2\/media\/2856"}],"wp:attachment":[{"href":"https:\/\/diarioavanzada.com.mx\/index.php?rest_route=%2Fwp%2Fv2%2Fmedia&parent=9104"}],"wp:term":[{"taxonomy":"category","embeddable":true,"href":"https:\/\/diarioavanzada.com.mx\/index.php?rest_route=%2Fwp%2Fv2%2Fcategories&post=9104"},{"taxonomy":"post_tag","embeddable":true,"href":"https:\/\/diarioavanzada.com.mx\/index.php?rest_route=%2Fwp%2Fv2%2Ftags&post=9104"}],"curies":[{"name":"wp","href":"https:\/\/api.w.org\/{rel}","templated":true}]}}