{"id":90971,"date":"2025-06-20T07:26:12","date_gmt":"2025-06-20T13:26:12","guid":{"rendered":"https:\/\/diarioavanzada.com.mx\/?p=90971"},"modified":"2025-06-20T07:26:12","modified_gmt":"2025-06-20T13:26:12","slug":"pronostican-fuertes-lluvias-en-colima-y-riesgo-de-deslaves-en-zonas-serranas","status":"publish","type":"post","link":"https:\/\/diarioavanzada.com.mx\/?p=90971","title":{"rendered":"Pronostican fuertes lluvias en Colima y riesgo de deslaves en zonas serranas"},"content":{"rendered":"\n<p class=\"p1 wp-block-paragraph\">Colima, M\u00e9xico, Avanzada (20\/06\/2025).- El ingreso de aire h\u00famedo procedente del oc\u00e9ano Pac\u00edfico provocar\u00e1 este viernes lluvias muy fuertes en el estado de Colima, alert\u00f3 el Servicio Meteorol\u00f3gico Nacional. Las precipitaciones estar\u00e1n acompa\u00f1adas de descargas el\u00e9ctricas y podr\u00edan generar incremento en los niveles de r\u00edos y arroyos, as\u00ed como deslaves, inundaciones y encharcamientos en distintas regiones de la entidad.<\/p>\n\n\n\n<p class=\"p1 wp-block-paragraph\">El pron\u00f3stico para la zona del Pac\u00edfico Centro \u2014que abarca a Colima, Jalisco, Nayarit y Michoac\u00e1n\u2014 se\u00f1ala cielo mayormente nublado durante el d\u00eda, ambiente fresco a templado por la ma\u00f1ana, y c\u00e1lido hacia la tarde. En particular, en Colima se esperan lluvias puntuales muy fuertes, con posibilidad de tormentas el\u00e9ctricas y visibilidad reducida por la intensidad de las precipitaciones.<\/p>\n\n\n\n<p class=\"p1 wp-block-paragraph\">Adem\u00e1s, se prev\u00e9 viento de direcci\u00f3n variable con rachas de hasta 40 kil\u00f3metros por hora en la entidad. Las autoridades exhortaron a la poblaci\u00f3n a mantenerse atenta a los avisos de Protecci\u00f3n Civil, especialmente en zonas rurales y de alta pendiente donde el riesgo de deslaves es mayor.<\/p>\n\n\n\n<p class=\"p1 wp-block-paragraph\">El fen\u00f3meno est\u00e1 asociado al ingreso de humedad tanto del Pac\u00edfico como del golfo de M\u00e9xico y el mar Caribe, as\u00ed como al patr\u00f3n del monz\u00f3n mexicano, que actualmente afecta al noroeste del pa\u00eds.<\/p>\n\n\n\n<p class=\"p1 wp-block-paragraph\">La Comisi\u00f3n Nacional del Agua (Conagua) recomienda extremar precauciones por posibles afectaciones en caminos, ca\u00edda de \u00e1rboles o ramas, y a evitar cruzar r\u00edos o cuerpos de agua durante las tormentas.<\/p>\n<div class=\"fb-background-color\">\n\t\t\t  <div \n\t\t\t  \tclass = \"fb-comments\" \n\t\t\t  \tdata-href = \"https:\/\/diarioavanzada.com.mx\/?p=90971\"\n\t\t\t  \tdata-numposts = \"10\"\n\t\t\t  \tdata-lazy = \"true\"\n\t\t\t\tdata-colorscheme = \"light\"\n\t\t\t\tdata-order-by = \"social\"\n\t\t\t\tdata-mobile=true>\n\t\t\t  <\/div><\/div>\n\t\t  <style>\n\t\t    .fb-background-color {\n\t\t\t\tbackground:  !important;\n\t\t\t}\n\t\t\t.fb_iframe_widget_fluid_desktop iframe {\n\t\t\t    width: 100% !important;\n\t\t\t}\n\t\t  <\/style>\n\t\t  ","protected":false},"excerpt":{"rendered":"<p>Colima, M\u00e9xico, Avanzada (20\/06\/2025).- El ingreso de aire h\u00famedo procedente del oc\u00e9ano Pac\u00edfico provocar\u00e1 este viernes lluvias muy fuertes en el estado de Colima, alert\u00f3 el Servicio Meteorol\u00f3gico Nacional. Las precipitaciones estar\u00e1n acompa\u00f1adas de descargas el\u00e9ctricas y podr\u00edan generar incremento en los niveles de r\u00edos y arroyos, as\u00ed como deslaves, inundaciones y encharcamientos en distintas [&hellip;]<\/p>\n","protected":false},"author":7,"featured_media":90970,"comment_status":"closed","ping_status":"closed","sticky":false,"template":"","format":"standard","meta":{"_coblocks_attr":"","_coblocks_dimensions":"","_coblocks_responsive_height":"","_coblocks_accordion_ie_support":"","_crdt_document":"","advanced_seo_description":"","jetpack_seo_html_title":"","jetpack_seo_noindex":false,"_jetpack_memberships_contains_paid_content":false,"footnotes":""},"categories":[19,7,29],"tags":[],"class_list":["post-90971","post","type-post","status-publish","format-standard","has-post-thumbnail","hentry","category-colima","category-noticias","category-sociedad"],"jetpack_featured_media_url":"https:\/\/diarioavanzada.com.mx\/wp-content\/uploads\/2025\/06\/img_8968-1.jpg","jetpack-related-posts":[],"jetpack_sharing_enabled":true,"amp_enabled":true,"_links":{"self":[{"href":"https:\/\/diarioavanzada.com.mx\/index.php?rest_route=\/wp\/v2\/posts\/90971","targetHints":{"allow":["GET"]}}],"collection":[{"href":"https:\/\/diarioavanzada.com.mx\/index.php?rest_route=\/wp\/v2\/posts"}],"about":[{"href":"https:\/\/diarioavanzada.com.mx\/index.php?rest_route=\/wp\/v2\/types\/post"}],"author":[{"embeddable":true,"href":"https:\/\/diarioavanzada.com.mx\/index.php?rest_route=\/wp\/v2\/users\/7"}],"replies":[{"embeddable":true,"href":"https:\/\/diarioavanzada.com.mx\/index.php?rest_route=%2Fwp%2Fv2%2Fcomments&post=90971"}],"version-history":[{"count":0,"href":"https:\/\/diarioavanzada.com.mx\/index.php?rest_route=\/wp\/v2\/posts\/90971\/revisions"}],"wp:featuredmedia":[{"embeddable":true,"href":"https:\/\/diarioavanzada.com.mx\/index.php?rest_route=\/wp\/v2\/media\/90970"}],"wp:attachment":[{"href":"https:\/\/diarioavanzada.com.mx\/index.php?rest_route=%2Fwp%2Fv2%2Fmedia&parent=90971"}],"wp:term":[{"taxonomy":"category","embeddable":true,"href":"https:\/\/diarioavanzada.com.mx\/index.php?rest_route=%2Fwp%2Fv2%2Fcategories&post=90971"},{"taxonomy":"post_tag","embeddable":true,"href":"https:\/\/diarioavanzada.com.mx\/index.php?rest_route=%2Fwp%2Fv2%2Ftags&post=90971"}],"curies":[{"name":"wp","href":"https:\/\/api.w.org\/{rel}","templated":true}]}}