{"id":90969,"date":"2025-06-20T07:25:50","date_gmt":"2025-06-20T13:25:50","guid":{"rendered":"https:\/\/diarioavanzada.com.mx\/?p=90969"},"modified":"2025-06-20T07:25:50","modified_gmt":"2025-06-20T13:25:50","slug":"el-teleton-epicentro-de-la-transformacion","status":"publish","type":"post","link":"https:\/\/diarioavanzada.com.mx\/?p=90969","title":{"rendered":"El Telet\u00f3n, \u00bfepicentro de la transformaci\u00f3n?"},"content":{"rendered":"\n<p class=\"wp-block-paragraph\"><strong>Editorial<\/strong><\/p>\n\n\n\n<p class=\"wp-block-paragraph\">Hace m\u00e1s de diez a\u00f1os, el 9 de diciembre de 2014, el entonces opositor Andr\u00e9s Manuel L\u00f3pez Obrador (AMLO) arremet\u00eda, a trav\u00e9s de su cuenta en Twitter, contra el Telet\u00f3n y contra todo lo que oliera a Televisa: \u201cNi con todos los Teletones del mundo \u2014afirmaba\u2014 podr\u00eda Televisa compensar el grave da\u00f1o causado al pueblo de M\u00e9xico como parte de la mafia del poder\u201d.<\/p>\n\n\n\n<p class=\"wp-block-paragraph\">Sin embargo, ya en la Presidencia de la Rep\u00fablica, AMLO cambi\u00f3 su discurso al respecto. Tras una serie de acercamientos previos con el titular de Televisa, Emilio Azc\u00e1rraga Jean, en diciembre de 2020 el mandatario nacional de plano cambi\u00f3 su postura.<\/p>\n\n\n\n<p class=\"wp-block-paragraph\">A trav\u00e9s de un videomensaje grabado en Palacio Nacional, difundido durante la transmisi\u00f3n del Telet\u00f3n 2020, L\u00f3pez Obrador llam\u00f3 a la poblaci\u00f3n mexicana a apoyar el Telet\u00f3n, pues \u201ces una labor muy noble, muy humana, ayudar a personas con discapacidad\u201d.<\/p>\n\n\n\n<p class=\"wp-block-paragraph\">Despu\u00e9s de que el presidente firm\u00f3 varios convenios y realiz\u00f3 sendos llamados cada a\u00f1o a aportar al Telet\u00f3n, una investigaci\u00f3n del portal Animal Pol\u00edtico revel\u00f3 que la administraci\u00f3n amlo\u00edsta hab\u00eda donado m\u00e1s de 800 millones de pesos para esa causa.<\/p>\n\n\n\n<p class=\"wp-block-paragraph\">\u00bfQu\u00e9 pas\u00f3? \u00bfEl Telet\u00f3n y Televisa se hicieron buenos y dejaron de ser instrumentos de la Mafia del poder? \u00bfO la 4T transform\u00f3 su visi\u00f3n de las cosas y se dio cuenta de que antes viv\u00eda en el error?<\/p>\n\n\n\n<p class=\"wp-block-paragraph\">Una situaci\u00f3n similar est\u00e1 pasando en Colima actualmente cuando la gobernadora, Indira Vizca\u00edno Silva, se encuentra a la cabeza de la colecta de este a\u00f1o, cual si fuera empleada de Televisa, llamando a los trabajadores de su gobierno y a la sociedad en general a aportar recursos para el Telet\u00f3n.<\/p>\n\n\n\n<p class=\"wp-block-paragraph\">El pretexto, que se planea construir en Colima un CRIT Telet\u00f3n, para el cual el gobierno de Colima donar\u00e1 el terreno y 40 millones de pesos. Tras el anuncio, las redes sociales reaccionaron en su mayor\u00eda de manera negativa y hubo serios cuestionamientos planteando que en lugar de entregar esos recursos a la iniciativa privada, se apoye de mejor manera a las organizaciones locales que atienden a personas con discapacidad y se fortalezca el abasto de medicamentos e insumos en hospitales de la entidad.<\/p>\n\n\n\n<p class=\"wp-block-paragraph\">La gobernadora inform\u00f3 que desde hace dos a\u00f1os su administraci\u00f3n ha buscado que la fundaci\u00f3n contemple a Colima para abrir un centro de rehabilitaci\u00f3n, pues \u201cnos dimos cuenta de que es un proyecto que ha ayudado mucho en otros lugares del pa\u00eds y que le har\u00eda muy bien a las y los colimenses\u201d, adem\u00e1s de que tambi\u00e9n dar\u00e1 atenci\u00f3n a personas adultas con discapacidad y ofrecer\u00e1 servicios especializados para ni\u00f1as y ni\u00f1os con trastorno del espectro autista.<\/p>\n\n\n\n<p class=\"wp-block-paragraph\">Independientemente de si se necesita o no un CRIT en Colima, llama la atenci\u00f3n el \u201centusiasmo\u201d de la gobernadora por colaborar con el Telet\u00f3n, un proyecto que antes criticaba severamente el fundador de su partido. \u00bfA qu\u00e9 se debe esa alianza con Televisa? \u00bfLa nueva postura de los gobernantes de la 4T tiene que ver con la exposici\u00f3n p\u00fablica y la propaganda pol\u00edtica que les significa aparecer en un escenario de esa naturaleza?<\/p>\n\n\n\n<p class=\"wp-block-paragraph\">Seguramente en diciembre veremos a la gobernadora en las pantallas televisivas de todo el pa\u00eds cuando acuda a entregar el \u201cdonativo\u201d de los colimenses y aproveche para proyectar su imagen pol\u00edtica. Seguramente ese es el mayor inter\u00e9s, m\u00e1s que la construcci\u00f3n del centro de rehabilitaci\u00f3n.<\/p>\n<div class=\"fb-background-color\">\n\t\t\t  <div \n\t\t\t  \tclass = \"fb-comments\" \n\t\t\t  \tdata-href = \"https:\/\/diarioavanzada.com.mx\/?p=90969\"\n\t\t\t  \tdata-numposts = \"10\"\n\t\t\t  \tdata-lazy = \"true\"\n\t\t\t\tdata-colorscheme = \"light\"\n\t\t\t\tdata-order-by = \"social\"\n\t\t\t\tdata-mobile=true>\n\t\t\t  <\/div><\/div>\n\t\t  <style>\n\t\t    .fb-background-color {\n\t\t\t\tbackground:  !important;\n\t\t\t}\n\t\t\t.fb_iframe_widget_fluid_desktop iframe {\n\t\t\t    width: 100% !important;\n\t\t\t}\n\t\t  <\/style>\n\t\t  ","protected":false},"excerpt":{"rendered":"<p>Editorial Hace m\u00e1s de diez a\u00f1os, el 9 de diciembre de 2014, el entonces opositor Andr\u00e9s Manuel L\u00f3pez Obrador (AMLO) arremet\u00eda, a trav\u00e9s de su cuenta en Twitter, contra el Telet\u00f3n y contra todo lo que oliera a Televisa: \u201cNi con todos los Teletones del mundo \u2014afirmaba\u2014 podr\u00eda Televisa compensar el grave da\u00f1o causado al [&hellip;]<\/p>\n","protected":false},"author":7,"featured_media":90968,"comment_status":"closed","ping_status":"closed","sticky":false,"template":"","format":"standard","meta":{"_coblocks_attr":"","_coblocks_dimensions":"","_coblocks_responsive_height":"","_coblocks_accordion_ie_support":"","_crdt_document":"","advanced_seo_description":"","jetpack_seo_html_title":"","jetpack_seo_noindex":false,"_jetpack_memberships_contains_paid_content":false,"footnotes":""},"categories":[19,209,7],"tags":[210],"class_list":["post-90969","post","type-post","status-publish","format-standard","has-post-thumbnail","hentry","category-colima","category-importantes","category-noticias","tag-portada"],"jetpack_featured_media_url":"https:\/\/diarioavanzada.com.mx\/wp-content\/uploads\/2025\/06\/img_3245-1.png","jetpack-related-posts":[],"jetpack_sharing_enabled":true,"amp_enabled":true,"_links":{"self":[{"href":"https:\/\/diarioavanzada.com.mx\/index.php?rest_route=\/wp\/v2\/posts\/90969","targetHints":{"allow":["GET"]}}],"collection":[{"href":"https:\/\/diarioavanzada.com.mx\/index.php?rest_route=\/wp\/v2\/posts"}],"about":[{"href":"https:\/\/diarioavanzada.com.mx\/index.php?rest_route=\/wp\/v2\/types\/post"}],"author":[{"embeddable":true,"href":"https:\/\/diarioavanzada.com.mx\/index.php?rest_route=\/wp\/v2\/users\/7"}],"replies":[{"embeddable":true,"href":"https:\/\/diarioavanzada.com.mx\/index.php?rest_route=%2Fwp%2Fv2%2Fcomments&post=90969"}],"version-history":[{"count":0,"href":"https:\/\/diarioavanzada.com.mx\/index.php?rest_route=\/wp\/v2\/posts\/90969\/revisions"}],"wp:featuredmedia":[{"embeddable":true,"href":"https:\/\/diarioavanzada.com.mx\/index.php?rest_route=\/wp\/v2\/media\/90968"}],"wp:attachment":[{"href":"https:\/\/diarioavanzada.com.mx\/index.php?rest_route=%2Fwp%2Fv2%2Fmedia&parent=90969"}],"wp:term":[{"taxonomy":"category","embeddable":true,"href":"https:\/\/diarioavanzada.com.mx\/index.php?rest_route=%2Fwp%2Fv2%2Fcategories&post=90969"},{"taxonomy":"post_tag","embeddable":true,"href":"https:\/\/diarioavanzada.com.mx\/index.php?rest_route=%2Fwp%2Fv2%2Ftags&post=90969"}],"curies":[{"name":"wp","href":"https:\/\/api.w.org\/{rel}","templated":true}]}}