{"id":90936,"date":"2025-06-19T18:42:37","date_gmt":"2025-06-20T00:42:37","guid":{"rendered":"https:\/\/diarioavanzada.com.mx\/?p=90936"},"modified":"2025-06-19T18:42:40","modified_gmt":"2025-06-20T00:42:40","slug":"presenta-udec-libro-el-comentario-50-anos-de-periodismo-universitario","status":"publish","type":"post","link":"https:\/\/diarioavanzada.com.mx\/?p=90936","title":{"rendered":"Presenta UdeC libro: El Comentario. 50 a\u00f1os de periodismo universitario"},"content":{"rendered":"\n<p class=\"wp-block-paragraph\"><em>\u201cEl libro invita a reflexionar sobre el papel del periodismo universitario como agente de cambio, formador de ciudadanos cr\u00edticos y defensor de la libertad de expresi\u00f3n\u201d: Jos\u00e9 Ferruzca.<\/em><\/p>\n\n\n\n<p class=\"wp-block-paragraph\">Colima, M\u00e9xico, Comunicado (19\/06\/2025).- En el marco del 51 aniversario de la primera edici\u00f3n de <em>El Comentario<\/em>, peri\u00f3dico universitario fundado el 20 de junio de 1974, la Universidad de Colima se enorgullece en anunciar el lanzamiento del libro el\u00e9ctrico conmemorativo \u201cEl Comentario. 50 a\u00f1os de periodismo universitario\u201d. Esa obra, compilada por su actual director, Jos\u00e9 Ferruzca Gonz\u00e1lez, es un homenaje a la trayectoria de ese medio, \u00fanico en su tipo, que ha sido un pilar en la entidad para la formaci\u00f3n de periodistas y un reflejo de los valores universitarios.<\/p>\n\n\n\n<p class=\"wp-block-paragraph\">El libro est\u00e1 disponible desde este viernes 20 de junio en formato digital de manera gratuita para lectura y descarga a trav\u00e9s de la plataforma oficial <a href=\"http:\/\/www.libros.ucol.mx\" rel=\"nofollow\">http:\/\/www.libros.ucol.mx<\/a>. Publicado por la Direcci\u00f3n General de Publicaciones de la UdeC, a trav\u00e9s de la Direcci\u00f3n Editorial, la obra forma parte del compromiso de la Universidad de Colima con el acceso libre al conocimiento.<\/p>\n\n\n\n<p class=\"wp-block-paragraph\">\u201cEl Comentario. 50 a\u00f1os de periodismo universitario\u201d recopila los momentos clave de la historia del peri\u00f3dico universitario, desde su fundaci\u00f3n en un contexto de desaf\u00edos pol\u00edticos hasta su consolidaci\u00f3n como un referente del periodismo universitario en el \u00e1mbito local, nacional e internacional. La obra incluye cr\u00f3nicas, reportajes, art\u00edculos de opini\u00f3n y an\u00e1lisis que capturan los cambios tecnol\u00f3gicos, sociales y culturales que han marcado cinco d\u00e9cadas de labor informativa.<\/p>\n\n\n\n<p class=\"wp-block-paragraph\">Dividido en tres cap\u00edtulos, el libro ofrece un recorrido hist\u00f3rico por los 50 a\u00f1os de <em>El Comentario<\/em>; ejemplos destacados de reportajes, cr\u00f3nicas y notas informativas, adem\u00e1s de reflexiones y art\u00edculos de opini\u00f3n de colaboradores, periodistas y acad\u00e9micos sobre el impacto y legado del peri\u00f3dico.<\/p>\n\n\n\n<p class=\"wp-block-paragraph\">En palabras de Jos\u00e9 Ferruzca Gonz\u00e1lez, \u201ceste libro no s\u00f3lo documenta la historia de <em>El Comentario<\/em>, sino que tambi\u00e9n invita a reflexionar sobre el papel del periodismo universitario como agente de cambio, formador de ciudadanos cr\u00edticos y defensor de la libertad de expresi\u00f3n\u201d.<\/p>\n\n\n\n<p class=\"wp-block-paragraph\"><strong>Un legado vivo<\/strong><\/p>\n\n\n\n<p class=\"wp-block-paragraph\">Desde su fundaci\u00f3n, <em>El Comentario<\/em> ha sido un espacio de libertad, aprendizaje y compromiso social. M\u00e1s que un medio institucional, se ha convertido en un taller-laboratorio natural para las y los estudiantes de la Facultad de Letras y Comunicaci\u00f3n, quienes encuentran en \u00e9l la oportunidad de desarrollar habilidades period\u00edsticas bajo los principios de \u00e9tica profesional y responsabilidad social.<\/p>\n\n\n\n<p class=\"wp-block-paragraph\">Hoy, en su formato exclusivamente digital, <em>El Comentario<\/em> sigue innovando y alcanzando nuevas audiencias, reafirmando su relevancia en un entorno informativo cada vez m\u00e1s din\u00e1mico.<\/p>\n\n\n\n<p class=\"wp-block-paragraph\">La Universidad de Colima extiende una invitaci\u00f3n a la comunidad universitaria, periodistas y al p\u00fablico en general, a sumergirse en esta obra conmemorativa, un testimonio de medio siglo de esfuerzo colectivo, excelencia acad\u00e9mica y compromiso con la verdad.<\/p>\n\n\n\n<p class=\"wp-block-paragraph\">Para m\u00e1s informaci\u00f3n y acceso a la obra, visita <a href=\"http:\/\/www.libros.ucol.mx\" rel=\"nofollow\">http:\/\/www.libros.ucol.mx<\/a>.<\/p>\n<div class=\"fb-background-color\">\n\t\t\t  <div \n\t\t\t  \tclass = \"fb-comments\" \n\t\t\t  \tdata-href = \"https:\/\/diarioavanzada.com.mx\/?p=90936\"\n\t\t\t  \tdata-numposts = \"10\"\n\t\t\t  \tdata-lazy = \"true\"\n\t\t\t\tdata-colorscheme = \"light\"\n\t\t\t\tdata-order-by = \"social\"\n\t\t\t\tdata-mobile=true>\n\t\t\t  <\/div><\/div>\n\t\t  <style>\n\t\t    .fb-background-color {\n\t\t\t\tbackground:  !important;\n\t\t\t}\n\t\t\t.fb_iframe_widget_fluid_desktop iframe {\n\t\t\t    width: 100% !important;\n\t\t\t}\n\t\t  <\/style>\n\t\t  ","protected":false},"excerpt":{"rendered":"<p>\u201cEl libro invita a reflexionar sobre el papel del periodismo universitario como agente de cambio, formador de ciudadanos cr\u00edticos y defensor de la libertad de expresi\u00f3n\u201d: Jos\u00e9 Ferruzca. Colima, M\u00e9xico, Comunicado (19\/06\/2025).- En el marco del 51 aniversario de la primera edici\u00f3n de El Comentario, peri\u00f3dico universitario fundado el 20 de junio de 1974, la [&hellip;]<\/p>\n","protected":false},"author":7,"featured_media":90938,"comment_status":"closed","ping_status":"closed","sticky":false,"template":"","format":"standard","meta":{"_coblocks_attr":"","_coblocks_dimensions":"","_coblocks_responsive_height":"","_coblocks_accordion_ie_support":"","_crdt_document":"","advanced_seo_description":"","jetpack_seo_html_title":"","jetpack_seo_noindex":false,"_jetpack_memberships_contains_paid_content":false,"footnotes":""},"categories":[19,209,7],"tags":[],"class_list":["post-90936","post","type-post","status-publish","format-standard","has-post-thumbnail","hentry","category-colima","category-importantes","category-noticias"],"jetpack_featured_media_url":"https:\/\/diarioavanzada.com.mx\/wp-content\/uploads\/2025\/06\/Publican-libro-sobre-los-50-anos-de-El-Comentario.jpg","jetpack-related-posts":[],"jetpack_sharing_enabled":true,"amp_enabled":true,"_links":{"self":[{"href":"https:\/\/diarioavanzada.com.mx\/index.php?rest_route=\/wp\/v2\/posts\/90936","targetHints":{"allow":["GET"]}}],"collection":[{"href":"https:\/\/diarioavanzada.com.mx\/index.php?rest_route=\/wp\/v2\/posts"}],"about":[{"href":"https:\/\/diarioavanzada.com.mx\/index.php?rest_route=\/wp\/v2\/types\/post"}],"author":[{"embeddable":true,"href":"https:\/\/diarioavanzada.com.mx\/index.php?rest_route=\/wp\/v2\/users\/7"}],"replies":[{"embeddable":true,"href":"https:\/\/diarioavanzada.com.mx\/index.php?rest_route=%2Fwp%2Fv2%2Fcomments&post=90936"}],"version-history":[{"count":3,"href":"https:\/\/diarioavanzada.com.mx\/index.php?rest_route=\/wp\/v2\/posts\/90936\/revisions"}],"predecessor-version":[{"id":90940,"href":"https:\/\/diarioavanzada.com.mx\/index.php?rest_route=\/wp\/v2\/posts\/90936\/revisions\/90940"}],"wp:featuredmedia":[{"embeddable":true,"href":"https:\/\/diarioavanzada.com.mx\/index.php?rest_route=\/wp\/v2\/media\/90938"}],"wp:attachment":[{"href":"https:\/\/diarioavanzada.com.mx\/index.php?rest_route=%2Fwp%2Fv2%2Fmedia&parent=90936"}],"wp:term":[{"taxonomy":"category","embeddable":true,"href":"https:\/\/diarioavanzada.com.mx\/index.php?rest_route=%2Fwp%2Fv2%2Fcategories&post=90936"},{"taxonomy":"post_tag","embeddable":true,"href":"https:\/\/diarioavanzada.com.mx\/index.php?rest_route=%2Fwp%2Fv2%2Ftags&post=90936"}],"curies":[{"name":"wp","href":"https:\/\/api.w.org\/{rel}","templated":true}]}}