{"id":90710,"date":"2025-06-18T07:20:04","date_gmt":"2025-06-18T13:20:04","guid":{"rendered":"https:\/\/diarioavanzada.com.mx\/?p=90710"},"modified":"2025-06-18T07:28:49","modified_gmt":"2025-06-18T13:28:49","slug":"90710","status":"publish","type":"post","link":"https:\/\/diarioavanzada.com.mx\/?p=90710","title":{"rendered":"Se incendia tractocami\u00f3n en el puente El Ed\u00e9n en Manzanillo"},"content":{"rendered":"\n<p class=\"p1 wp-block-paragraph\">Colima, M\u00e9xico, Avanzada (18\/06\/2025).- Un incendio registrado en un tractocami\u00f3n sobre la carretera Manzanillo-Colima, a la altura del puente El Ed\u00e9n, mantiene bloqueado el tr\u00e1nsito vehicular con direcci\u00f3n hacia la capital del estado.<\/p>\n\n\n\n<p class=\"p1 wp-block-paragraph\">Elementos de Protecci\u00f3n Civil y Bomberos de Manzanillo atienden la emergencia, que hasta el momento no ha dejado personas lesionadas ni veh\u00edculos adicionales involucrados. El incidente solo ha causado da\u00f1os materiales en la unidad siniestrada.<\/p>\n\n\n\n<p class=\"p1 wp-block-paragraph\">Autoridades exhortaron a la poblaci\u00f3n a extremar precauciones, evitar transitar por la zona y permitir las labores del personal de emergencia, quienes contin\u00faan en el lugar con el objetivo de controlar el fuego y restablecer la circulaci\u00f3n lo antes posible.<\/p>\n\n\n\n<p class=\"p1 wp-block-paragraph\"><\/p>\n\n\n\n<figure class=\"wp-block-image size-large\"><img loading=\"lazy\" decoding=\"async\" width=\"576\" height=\"1024\" src=\"https:\/\/diarioavanzada.com.mx\/wp-content\/uploads\/2025\/06\/img_4859-1-576x1024.jpg\" alt=\"\" class=\"wp-image-90708\" srcset=\"https:\/\/diarioavanzada.com.mx\/wp-content\/uploads\/2025\/06\/img_4859-1-576x1024.jpg 576w, https:\/\/diarioavanzada.com.mx\/wp-content\/uploads\/2025\/06\/img_4859-1-169x300.jpg 169w, https:\/\/diarioavanzada.com.mx\/wp-content\/uploads\/2025\/06\/img_4859-1-768x1365.jpg 768w, https:\/\/diarioavanzada.com.mx\/wp-content\/uploads\/2025\/06\/img_4859-1-864x1536.jpg 864w, https:\/\/diarioavanzada.com.mx\/wp-content\/uploads\/2025\/06\/img_4859-1.jpg 900w\" sizes=\"auto, (max-width: 576px) 100vw, 576px\" \/><\/figure>\n<div class=\"fb-background-color\">\n\t\t\t  <div \n\t\t\t  \tclass = \"fb-comments\" \n\t\t\t  \tdata-href = \"https:\/\/diarioavanzada.com.mx\/?p=90710\"\n\t\t\t  \tdata-numposts = \"10\"\n\t\t\t  \tdata-lazy = \"true\"\n\t\t\t\tdata-colorscheme = \"light\"\n\t\t\t\tdata-order-by = \"social\"\n\t\t\t\tdata-mobile=true>\n\t\t\t  <\/div><\/div>\n\t\t  <style>\n\t\t    .fb-background-color {\n\t\t\t\tbackground:  !important;\n\t\t\t}\n\t\t\t.fb_iframe_widget_fluid_desktop iframe {\n\t\t\t    width: 100% !important;\n\t\t\t}\n\t\t  <\/style>\n\t\t  ","protected":false},"excerpt":{"rendered":"<p>Colima, M\u00e9xico, Avanzada (18\/06\/2025).- Un incendio registrado en un tractocami\u00f3n sobre la carretera Manzanillo-Colima, a la altura del puente El Ed\u00e9n, mantiene bloqueado el tr\u00e1nsito vehicular con direcci\u00f3n hacia la capital del estado. Elementos de Protecci\u00f3n Civil y Bomberos de Manzanillo atienden la emergencia, que hasta el momento no ha dejado personas lesionadas ni veh\u00edculos [&hellip;]<\/p>\n","protected":false},"author":7,"featured_media":90709,"comment_status":"closed","ping_status":"closed","sticky":false,"template":"","format":"standard","meta":{"_coblocks_attr":"","_coblocks_dimensions":"","_coblocks_responsive_height":"","_coblocks_accordion_ie_support":"","_crdt_document":"","advanced_seo_description":"","jetpack_seo_html_title":"","jetpack_seo_noindex":false,"_jetpack_memberships_contains_paid_content":false,"footnotes":""},"categories":[19,209,7,231],"tags":[210],"class_list":["post-90710","post","type-post","status-publish","format-standard","has-post-thumbnail","hentry","category-colima","category-importantes","category-noticias","category-seguridad","tag-portada"],"jetpack_featured_media_url":"https:\/\/diarioavanzada.com.mx\/wp-content\/uploads\/2025\/06\/img_4858-1.jpg","jetpack-related-posts":[],"jetpack_sharing_enabled":true,"amp_enabled":true,"_links":{"self":[{"href":"https:\/\/diarioavanzada.com.mx\/index.php?rest_route=\/wp\/v2\/posts\/90710","targetHints":{"allow":["GET"]}}],"collection":[{"href":"https:\/\/diarioavanzada.com.mx\/index.php?rest_route=\/wp\/v2\/posts"}],"about":[{"href":"https:\/\/diarioavanzada.com.mx\/index.php?rest_route=\/wp\/v2\/types\/post"}],"author":[{"embeddable":true,"href":"https:\/\/diarioavanzada.com.mx\/index.php?rest_route=\/wp\/v2\/users\/7"}],"replies":[{"embeddable":true,"href":"https:\/\/diarioavanzada.com.mx\/index.php?rest_route=%2Fwp%2Fv2%2Fcomments&post=90710"}],"version-history":[{"count":3,"href":"https:\/\/diarioavanzada.com.mx\/index.php?rest_route=\/wp\/v2\/posts\/90710\/revisions"}],"predecessor-version":[{"id":90713,"href":"https:\/\/diarioavanzada.com.mx\/index.php?rest_route=\/wp\/v2\/posts\/90710\/revisions\/90713"}],"wp:featuredmedia":[{"embeddable":true,"href":"https:\/\/diarioavanzada.com.mx\/index.php?rest_route=\/wp\/v2\/media\/90709"}],"wp:attachment":[{"href":"https:\/\/diarioavanzada.com.mx\/index.php?rest_route=%2Fwp%2Fv2%2Fmedia&parent=90710"}],"wp:term":[{"taxonomy":"category","embeddable":true,"href":"https:\/\/diarioavanzada.com.mx\/index.php?rest_route=%2Fwp%2Fv2%2Fcategories&post=90710"},{"taxonomy":"post_tag","embeddable":true,"href":"https:\/\/diarioavanzada.com.mx\/index.php?rest_route=%2Fwp%2Fv2%2Ftags&post=90710"}],"curies":[{"name":"wp","href":"https:\/\/api.w.org\/{rel}","templated":true}]}}