{"id":90706,"date":"2025-06-18T07:00:45","date_gmt":"2025-06-18T13:00:45","guid":{"rendered":"https:\/\/diarioavanzada.com.mx\/?p=90706"},"modified":"2025-06-18T07:00:45","modified_gmt":"2025-06-18T13:00:45","slug":"violencia-digital-legislacion-ambigua-y-peligrosa","status":"publish","type":"post","link":"https:\/\/diarioavanzada.com.mx\/?p=90706","title":{"rendered":"Violencia digital, legislaci\u00f3n ambigua y peligrosa"},"content":{"rendered":"\n<p class=\"s3 wp-block-paragraph\"><br><strong>EDITORIAL<\/strong><\/p>\n\n\n\n<p class=\"s3 wp-block-paragraph\">En su sesi\u00f3n del martes, el Congreso del Estado aprob\u00f3 adiciones y reformas al C\u00f3digo Penal para el Estado de Colima con la finalidad de sancionar la violencia digital realizada mediante inteligencia artificial, as\u00ed como incrementar las penas para el delito de acoso sexual.<\/p>\n\n\n\n<p class=\"s3 wp-block-paragraph\">Aunque algunos puntos del dictamen establecen medidas importantes para proteger a v\u00edctimas de violencia digital, sobre todo en el caso de los menores de edad, hay tambi\u00e9n un punto&nbsp;relativo al acoso sexual&nbsp;que por su ambig\u00fcedad resulta peligroso y preocupante, pues puede ser mal utilizado en el contexto de conflictos&nbsp;personales&nbsp;entre parejas, generando riesgo de injusticias.<\/p>\n\n\n\n<p class=\"s3 wp-block-paragraph\">Se trata de la reforma al art\u00edculo 152 TER del C\u00f3digo Penal, que en uno de sus p\u00e1rrafos qued\u00f3 como sigue: \u201cSe impondr\u00e1 de tres a cinco a\u00f1os de prisi\u00f3n y multa de doscientas a trescientas cincuenta unidades de medida y actualizaci\u00f3n al responsable de acoso sexual que, haciendo uso de medios de radiodifusi\u00f3n, telecomunicaciones inform\u00e1ticas o cualquier otro medio de transmisi\u00f3n de datos, requiera o comparta im\u00e1genes, audio o video del acoso sexual o solicite un encuentro sexual\u201d.<\/p>\n\n\n\n<p class=\"s3 wp-block-paragraph\">Incluir como conducta delictiva solicitar un encuentro sexual, as\u00ed sin condicionantes&nbsp;u otros elementos que lo delimiten, \u00fanicamente \u201chaciendo uso de medios de radiodifusi\u00f3n, telecomunicaciones inform\u00e1ticas o cualquier otro medio de transmisi\u00f3n de datos\u201d, puede constituir un arma de doble filo.<\/p>\n\n\n\n<p class=\"s3 wp-block-paragraph\">En esta \u00e9poca, donde muchas de las comunicaciones&nbsp;entre las personas se producen por la v\u00eda digital, mediante redes sociales o sistemas de mensajer\u00eda, es natural que las personas puedan insinuar, solicitar, proponer o acordar alg\u00fan encuentro sexual, dejando ah\u00ed&nbsp;la evidencia de la conversaci\u00f3n, que posteriormente, ante alguna ruptura, desacuerdo o ri\u00f1a podr\u00eda ser utilizada para que una parte acuse falsamente a la otra, aprovechando una legislaci\u00f3n cuya finalidad era otra.<\/p>\n\n\n\n<p class=\"s3 wp-block-paragraph\">Si bien una ley debe ser lo suficientemente contundente y completa para proteger a las probables v\u00edctimas de los delitos en todos los aspectos necesarios, tambi\u00e9n debe ser lo&nbsp;suficientemente clara y precisa para no dar pie a un uso malintencionado que perjudique a personas inocentes.<\/p>\n\n\n\n<p class=\"s3 wp-block-paragraph\">Esa es la parte riesgosa que contiene la legislaci\u00f3n aprobada por los legisladores colimenses, a quienes hizo falta analizar a profundidad y prevenir los alcances de esa iniciativa que avalaron con su dictaminaci\u00f3n y voto.<\/p>\n\n\n\n<p class=\"s3 wp-block-paragraph\">No se trata de que, en aras de proteger a un sector de la poblaci\u00f3n que padece injusticias se deje en riesgo de sufrirlas a otro. Aunque a veces van encaminadas a atender los intereses y necesidades de una&nbsp;parte de la sociedad, las leyes deben&nbsp;no deben perder el af\u00e1n de&nbsp;procurar el justo equilibrio&nbsp;entre toda una poblaci\u00f3n.&nbsp;&nbsp;&nbsp;<\/p>\n\n\n\n<p class=\"s3 wp-block-paragraph\">&nbsp;<\/p>\n<div class=\"fb-background-color\">\n\t\t\t  <div \n\t\t\t  \tclass = \"fb-comments\" \n\t\t\t  \tdata-href = \"https:\/\/diarioavanzada.com.mx\/?p=90706\"\n\t\t\t  \tdata-numposts = \"10\"\n\t\t\t  \tdata-lazy = \"true\"\n\t\t\t\tdata-colorscheme = \"light\"\n\t\t\t\tdata-order-by = \"social\"\n\t\t\t\tdata-mobile=true>\n\t\t\t  <\/div><\/div>\n\t\t  <style>\n\t\t    .fb-background-color {\n\t\t\t\tbackground:  !important;\n\t\t\t}\n\t\t\t.fb_iframe_widget_fluid_desktop iframe {\n\t\t\t    width: 100% !important;\n\t\t\t}\n\t\t  <\/style>\n\t\t  ","protected":false},"excerpt":{"rendered":"<p>EDITORIAL En su sesi\u00f3n del martes, el Congreso del Estado aprob\u00f3 adiciones y reformas al C\u00f3digo Penal para el Estado de Colima con la finalidad de sancionar la violencia digital realizada mediante inteligencia artificial, as\u00ed como incrementar las penas para el delito de acoso sexual. Aunque algunos puntos del dictamen establecen medidas importantes para proteger [&hellip;]<\/p>\n","protected":false},"author":7,"featured_media":90705,"comment_status":"closed","ping_status":"closed","sticky":false,"template":"","format":"standard","meta":{"_coblocks_attr":"","_coblocks_dimensions":"","_coblocks_responsive_height":"","_coblocks_accordion_ie_support":"","_crdt_document":"","advanced_seo_description":"","jetpack_seo_html_title":"","jetpack_seo_noindex":false,"_jetpack_memberships_contains_paid_content":false,"footnotes":""},"categories":[19,209,7],"tags":[210],"class_list":["post-90706","post","type-post","status-publish","format-standard","has-post-thumbnail","hentry","category-colima","category-importantes","category-noticias","tag-portada"],"jetpack_featured_media_url":"https:\/\/diarioavanzada.com.mx\/wp-content\/uploads\/2025\/06\/img_4857-1.jpg","jetpack-related-posts":[],"jetpack_sharing_enabled":true,"amp_enabled":true,"_links":{"self":[{"href":"https:\/\/diarioavanzada.com.mx\/index.php?rest_route=\/wp\/v2\/posts\/90706","targetHints":{"allow":["GET"]}}],"collection":[{"href":"https:\/\/diarioavanzada.com.mx\/index.php?rest_route=\/wp\/v2\/posts"}],"about":[{"href":"https:\/\/diarioavanzada.com.mx\/index.php?rest_route=\/wp\/v2\/types\/post"}],"author":[{"embeddable":true,"href":"https:\/\/diarioavanzada.com.mx\/index.php?rest_route=\/wp\/v2\/users\/7"}],"replies":[{"embeddable":true,"href":"https:\/\/diarioavanzada.com.mx\/index.php?rest_route=%2Fwp%2Fv2%2Fcomments&post=90706"}],"version-history":[{"count":0,"href":"https:\/\/diarioavanzada.com.mx\/index.php?rest_route=\/wp\/v2\/posts\/90706\/revisions"}],"wp:featuredmedia":[{"embeddable":true,"href":"https:\/\/diarioavanzada.com.mx\/index.php?rest_route=\/wp\/v2\/media\/90705"}],"wp:attachment":[{"href":"https:\/\/diarioavanzada.com.mx\/index.php?rest_route=%2Fwp%2Fv2%2Fmedia&parent=90706"}],"wp:term":[{"taxonomy":"category","embeddable":true,"href":"https:\/\/diarioavanzada.com.mx\/index.php?rest_route=%2Fwp%2Fv2%2Fcategories&post=90706"},{"taxonomy":"post_tag","embeddable":true,"href":"https:\/\/diarioavanzada.com.mx\/index.php?rest_route=%2Fwp%2Fv2%2Ftags&post=90706"}],"curies":[{"name":"wp","href":"https:\/\/api.w.org\/{rel}","templated":true}]}}