{"id":90647,"date":"2025-06-17T20:46:03","date_gmt":"2025-06-18T02:46:03","guid":{"rendered":"https:\/\/diarioavanzada.com.mx\/?p=90647"},"modified":"2025-06-17T20:46:07","modified_gmt":"2025-06-18T02:46:07","slug":"firman-acuerdo-nacional-por-la-transparencia-y-rendicion-de-cuentas-en-universidades-publicas","status":"publish","type":"post","link":"https:\/\/diarioavanzada.com.mx\/?p=90647","title":{"rendered":"Firman Acuerdo Nacional por la Transparencia y Rendici\u00f3n de Cuentas en Universidades P\u00fablicas"},"content":{"rendered":"\n<p class=\"wp-block-paragraph\"><em>La Universidad de Colima particip\u00f3 en el acto a trav\u00e9s de su contralora general, Rosa Elizabeth Garc\u00eda Uribe, quien asisti\u00f3 en representaci\u00f3n del rector, Christian Jorge Torres Ortiz Zerme\u00f1o.<\/em><\/p>\n\n\n\n<p class=\"wp-block-paragraph\">Colima, M\u00e9xico, Comunicado (17\/06\/2025).- Este martes 17, en el Palacio Legislativo de San L\u00e1zaro de la Ciudad de M\u00e9xico, se firm\u00f3 el Acuerdo Nacional por la Rendici\u00f3n de Cuentas y Transparencia en las Universidades P\u00fablicas de M\u00e9xico, un compromiso conjunto entre la C\u00e1mara de Diputados, la Asociaci\u00f3n Nacional de Universidades e Instituciones de Educaci\u00f3n Superior (ANUIES) y la Secretar\u00eda de Educaci\u00f3n P\u00fablica (SEP).<\/p>\n\n\n\n<p class=\"wp-block-paragraph\">El evento fue encabezado por el presidente de la Junta de Coordinaci\u00f3n Pol\u00edtica (JUCOPO), Ricardo Monreal \u00c1vila; el secretario general ejecutivo de la ANUIES, Luis Armando Gonz\u00e1lez Placencia; el subsecretario de Educaci\u00f3n Superior, Ricardo Villanueva Lomel\u00ed, en representaci\u00f3n del titular de la SEP, Mario Delgado; y el diputado Javier Octavio Herrera Borunda, presidente de la Comisi\u00f3n de Vigilancia de la Auditor\u00eda Superior de la Federaci\u00f3n (ASF).<\/p>\n\n\n\n<p class=\"wp-block-paragraph\">De acuerdo con el documento firmado, el acuerdo se sustenta en tres principios clave: Promover la transparencia y la rendici\u00f3n de cuentas en el uso de recursos p\u00fablicos, Fortalecer las capacidades de gesti\u00f3n financiera en las universidades y Reforzar la relaci\u00f3n institucional entre el Poder Legislativo y las instituciones de educaci\u00f3n superior p\u00fablicas.<\/p>\n\n\n\n<p class=\"wp-block-paragraph\">En su intervenci\u00f3n, Monreal \u00c1vila, quien fungi\u00f3 como moderador del evento, se\u00f1al\u00f3 que si bien se ha avanzado en materia educativa, a\u00fan queda mucho por hacer: \u201cPor eso es este convenio que hoy suscribimos desde el Poder Legislativo, con el testimonio del Ejecutivo, en una labor que no puede quedar fuera de nuestro compromiso institucional\u201d, expres\u00f3.<\/p>\n\n\n\n<p class=\"wp-block-paragraph\">A su vez, el diputado Herrera Borunda subray\u00f3 que esta firma representa una muestra del compromiso inquebrantable con la transparencia y la austeridad. \u201cPara dimensionarlo adecuadamente, el presupuesto asignado por esta C\u00e1mara de Diputados a la educaci\u00f3n p\u00fablica superior asciende a 123 mil millones de pesos para el ejercicio 2025, beneficiando a m\u00e1s de 244 instituciones y a casi 5.4 millones de mexicanos\u201d, puntualiz\u00f3.<\/p>\n\n\n\n<p class=\"wp-block-paragraph\">El secretario general de la ANUIES, Gonz\u00e1lez Placencia, defini\u00f3 la firma del acuerdo como una \u201cconvergencia de intereses y voluntades\u201d en torno a las responsabilidades y rendici\u00f3n de cuentas de las IES, adem\u00e1s de \u201cun proceso ejemplar de transparencia y ejercicio de escrutinio de la ciudadan\u00eda en torno a los recursos p\u00fablicos que reciben las universidades p\u00fablicas del pa\u00eds\u201d.<\/p>\n\n\n\n<p class=\"wp-block-paragraph\">Por su parte, Villanueva Lomel\u00ed destac\u00f3 que las universidades que est\u00e1n firmando el convenio demuestran que \u201cla autonom\u00eda es sin\u00f3nimo de compromiso con la transparencia, la libertad y el adecuado ejercicio presupuestal\u201d. Agreg\u00f3 que firmar este acuerdo es un primer paso para poner orden y dejar claro que las universidades est\u00e1n dispuestas a rendir cuentas.<\/p>\n\n\n\n<p class=\"wp-block-paragraph\"><a>La Universidad de Colima (UdeC) particip\u00f3 en el acto a trav\u00e9s de su contralora general, Rosa Elizabeth Garc\u00eda Uribe, quien asisti\u00f3 en representaci\u00f3n del rector, Christian Jorge Torres Ortiz Zerme\u00f1o.<\/a><\/p>\n\n\n\n<p class=\"wp-block-paragraph\">Tambi\u00e9n estuvieron en el pres\u00eddium los diputados Merilyn G\u00f3mez Pozos, presidenta de la Comisi\u00f3n de Presupuesto y Cuenta P\u00fablica; Mar\u00eda de los \u00c1ngeles Ballesteros Garc\u00eda, presidenta de la Comisi\u00f3n de Educaci\u00f3n; Eruviel \u00c1vila Villegas, presidente de la Comisi\u00f3n de Ciencia, Tecnolog\u00eda e Innovaci\u00f3n, y el rector de la Universidad Aut\u00f3noma de Guerrero, Javier Salda\u00f1a Almaz\u00e1n, quien preside la Comisi\u00f3n de Fiscalizaci\u00f3n de la ANUIES.<\/p>\n\n\n\n<figure class=\"wp-block-image size-large\"><img loading=\"lazy\" decoding=\"async\" width=\"1024\" height=\"683\" src=\"https:\/\/diarioavanzada.com.mx\/wp-content\/uploads\/2025\/06\/Acuerdo-Nacional-por-la-Transparencia-y-Rendicion-de-Cuentas-en-Universidades-Publicas_b-1024x683.jpg\" alt=\"\" class=\"wp-image-90649\" srcset=\"https:\/\/diarioavanzada.com.mx\/wp-content\/uploads\/2025\/06\/Acuerdo-Nacional-por-la-Transparencia-y-Rendicion-de-Cuentas-en-Universidades-Publicas_b-1024x683.jpg 1024w, https:\/\/diarioavanzada.com.mx\/wp-content\/uploads\/2025\/06\/Acuerdo-Nacional-por-la-Transparencia-y-Rendicion-de-Cuentas-en-Universidades-Publicas_b-300x200.jpg 300w, https:\/\/diarioavanzada.com.mx\/wp-content\/uploads\/2025\/06\/Acuerdo-Nacional-por-la-Transparencia-y-Rendicion-de-Cuentas-en-Universidades-Publicas_b-768x512.jpg 768w, https:\/\/diarioavanzada.com.mx\/wp-content\/uploads\/2025\/06\/Acuerdo-Nacional-por-la-Transparencia-y-Rendicion-de-Cuentas-en-Universidades-Publicas_b-1536x1024.jpg 1536w, https:\/\/diarioavanzada.com.mx\/wp-content\/uploads\/2025\/06\/Acuerdo-Nacional-por-la-Transparencia-y-Rendicion-de-Cuentas-en-Universidades-Publicas_b-2048x1365.jpg 2048w, https:\/\/diarioavanzada.com.mx\/wp-content\/uploads\/2025\/06\/Acuerdo-Nacional-por-la-Transparencia-y-Rendicion-de-Cuentas-en-Universidades-Publicas_b-1200x800.jpg 1200w\" sizes=\"auto, (max-width: 1024px) 100vw, 1024px\" \/><\/figure>\n\n\n\n<figure class=\"wp-block-image size-large\"><img loading=\"lazy\" decoding=\"async\" width=\"1024\" height=\"683\" src=\"https:\/\/diarioavanzada.com.mx\/wp-content\/uploads\/2025\/06\/Acuerdo-Nacional-por-la-Transparencia-y-Rendicion-de-Cuentas-en-Universidades-Publicas_a-1024x683.jpg\" alt=\"\" class=\"wp-image-90651\" srcset=\"https:\/\/diarioavanzada.com.mx\/wp-content\/uploads\/2025\/06\/Acuerdo-Nacional-por-la-Transparencia-y-Rendicion-de-Cuentas-en-Universidades-Publicas_a-1024x683.jpg 1024w, https:\/\/diarioavanzada.com.mx\/wp-content\/uploads\/2025\/06\/Acuerdo-Nacional-por-la-Transparencia-y-Rendicion-de-Cuentas-en-Universidades-Publicas_a-300x200.jpg 300w, https:\/\/diarioavanzada.com.mx\/wp-content\/uploads\/2025\/06\/Acuerdo-Nacional-por-la-Transparencia-y-Rendicion-de-Cuentas-en-Universidades-Publicas_a-768x512.jpg 768w, https:\/\/diarioavanzada.com.mx\/wp-content\/uploads\/2025\/06\/Acuerdo-Nacional-por-la-Transparencia-y-Rendicion-de-Cuentas-en-Universidades-Publicas_a-1536x1024.jpg 1536w, https:\/\/diarioavanzada.com.mx\/wp-content\/uploads\/2025\/06\/Acuerdo-Nacional-por-la-Transparencia-y-Rendicion-de-Cuentas-en-Universidades-Publicas_a-2048x1365.jpg 2048w, https:\/\/diarioavanzada.com.mx\/wp-content\/uploads\/2025\/06\/Acuerdo-Nacional-por-la-Transparencia-y-Rendicion-de-Cuentas-en-Universidades-Publicas_a-1200x800.jpg 1200w\" sizes=\"auto, (max-width: 1024px) 100vw, 1024px\" \/><\/figure>\n\n\n\n<figure class=\"wp-block-image size-large\"><img loading=\"lazy\" decoding=\"async\" width=\"1024\" height=\"683\" src=\"https:\/\/diarioavanzada.com.mx\/wp-content\/uploads\/2025\/06\/Acuerdo-Nacional-por-la-Transparencia-y-Rendicion-de-Cuentas-en-Universidades-Publicas_UdeC-en-verde-1024x683.jpg\" alt=\"\" class=\"wp-image-90653\" srcset=\"https:\/\/diarioavanzada.com.mx\/wp-content\/uploads\/2025\/06\/Acuerdo-Nacional-por-la-Transparencia-y-Rendicion-de-Cuentas-en-Universidades-Publicas_UdeC-en-verde-1024x683.jpg 1024w, https:\/\/diarioavanzada.com.mx\/wp-content\/uploads\/2025\/06\/Acuerdo-Nacional-por-la-Transparencia-y-Rendicion-de-Cuentas-en-Universidades-Publicas_UdeC-en-verde-300x200.jpg 300w, https:\/\/diarioavanzada.com.mx\/wp-content\/uploads\/2025\/06\/Acuerdo-Nacional-por-la-Transparencia-y-Rendicion-de-Cuentas-en-Universidades-Publicas_UdeC-en-verde-768x512.jpg 768w, https:\/\/diarioavanzada.com.mx\/wp-content\/uploads\/2025\/06\/Acuerdo-Nacional-por-la-Transparencia-y-Rendicion-de-Cuentas-en-Universidades-Publicas_UdeC-en-verde-1536x1024.jpg 1536w, https:\/\/diarioavanzada.com.mx\/wp-content\/uploads\/2025\/06\/Acuerdo-Nacional-por-la-Transparencia-y-Rendicion-de-Cuentas-en-Universidades-Publicas_UdeC-en-verde-2048x1365.jpg 2048w, https:\/\/diarioavanzada.com.mx\/wp-content\/uploads\/2025\/06\/Acuerdo-Nacional-por-la-Transparencia-y-Rendicion-de-Cuentas-en-Universidades-Publicas_UdeC-en-verde-1200x800.jpg 1200w\" sizes=\"auto, (max-width: 1024px) 100vw, 1024px\" \/><\/figure>\n<div class=\"fb-background-color\">\n\t\t\t  <div \n\t\t\t  \tclass = \"fb-comments\" \n\t\t\t  \tdata-href = \"https:\/\/diarioavanzada.com.mx\/?p=90647\"\n\t\t\t  \tdata-numposts = \"10\"\n\t\t\t  \tdata-lazy = \"true\"\n\t\t\t\tdata-colorscheme = \"light\"\n\t\t\t\tdata-order-by = \"social\"\n\t\t\t\tdata-mobile=true>\n\t\t\t  <\/div><\/div>\n\t\t  <style>\n\t\t    .fb-background-color {\n\t\t\t\tbackground:  !important;\n\t\t\t}\n\t\t\t.fb_iframe_widget_fluid_desktop iframe {\n\t\t\t    width: 100% !important;\n\t\t\t}\n\t\t  <\/style>\n\t\t  ","protected":false},"excerpt":{"rendered":"<p>La Universidad de Colima particip\u00f3 en el acto a trav\u00e9s de su contralora general, Rosa Elizabeth Garc\u00eda Uribe, quien asisti\u00f3 en representaci\u00f3n del rector, Christian Jorge Torres Ortiz Zerme\u00f1o. Colima, M\u00e9xico, Comunicado (17\/06\/2025).- Este martes 17, en el Palacio Legislativo de San L\u00e1zaro de la Ciudad de M\u00e9xico, se firm\u00f3 el Acuerdo Nacional por la [&hellip;]<\/p>\n","protected":false},"author":7,"featured_media":90655,"comment_status":"closed","ping_status":"closed","sticky":false,"template":"","format":"standard","meta":{"_coblocks_attr":"","_coblocks_dimensions":"","_coblocks_responsive_height":"","_coblocks_accordion_ie_support":"","_crdt_document":"","advanced_seo_description":"","jetpack_seo_html_title":"","jetpack_seo_noindex":false,"_jetpack_memberships_contains_paid_content":false,"footnotes":""},"categories":[19,209,7],"tags":[],"class_list":["post-90647","post","type-post","status-publish","format-standard","has-post-thumbnail","hentry","category-colima","category-importantes","category-noticias"],"jetpack_featured_media_url":"https:\/\/diarioavanzada.com.mx\/wp-content\/uploads\/2025\/06\/Acuerdo-Nacional-por-la-Transparencia-y-Rendicion-de-Cuentas-en-Universidades-Publicas.jpg","jetpack-related-posts":[],"jetpack_sharing_enabled":true,"amp_enabled":true,"_links":{"self":[{"href":"https:\/\/diarioavanzada.com.mx\/index.php?rest_route=\/wp\/v2\/posts\/90647","targetHints":{"allow":["GET"]}}],"collection":[{"href":"https:\/\/diarioavanzada.com.mx\/index.php?rest_route=\/wp\/v2\/posts"}],"about":[{"href":"https:\/\/diarioavanzada.com.mx\/index.php?rest_route=\/wp\/v2\/types\/post"}],"author":[{"embeddable":true,"href":"https:\/\/diarioavanzada.com.mx\/index.php?rest_route=\/wp\/v2\/users\/7"}],"replies":[{"embeddable":true,"href":"https:\/\/diarioavanzada.com.mx\/index.php?rest_route=%2Fwp%2Fv2%2Fcomments&post=90647"}],"version-history":[{"count":5,"href":"https:\/\/diarioavanzada.com.mx\/index.php?rest_route=\/wp\/v2\/posts\/90647\/revisions"}],"predecessor-version":[{"id":90656,"href":"https:\/\/diarioavanzada.com.mx\/index.php?rest_route=\/wp\/v2\/posts\/90647\/revisions\/90656"}],"wp:featuredmedia":[{"embeddable":true,"href":"https:\/\/diarioavanzada.com.mx\/index.php?rest_route=\/wp\/v2\/media\/90655"}],"wp:attachment":[{"href":"https:\/\/diarioavanzada.com.mx\/index.php?rest_route=%2Fwp%2Fv2%2Fmedia&parent=90647"}],"wp:term":[{"taxonomy":"category","embeddable":true,"href":"https:\/\/diarioavanzada.com.mx\/index.php?rest_route=%2Fwp%2Fv2%2Fcategories&post=90647"},{"taxonomy":"post_tag","embeddable":true,"href":"https:\/\/diarioavanzada.com.mx\/index.php?rest_route=%2Fwp%2Fv2%2Ftags&post=90647"}],"curies":[{"name":"wp","href":"https:\/\/api.w.org\/{rel}","templated":true}]}}