{"id":90304,"date":"2025-06-14T09:53:53","date_gmt":"2025-06-14T15:53:53","guid":{"rendered":"https:\/\/diarioavanzada.com.mx\/?p=90304"},"modified":"2025-06-14T09:53:53","modified_gmt":"2025-06-14T15:53:53","slug":"como-en-dinamarca-el-materno-infantil-de-la-villa-cumplio-15-dias-sin-aire-acondicionado","status":"publish","type":"post","link":"https:\/\/diarioavanzada.com.mx\/?p=90304","title":{"rendered":"\u201cComo en Dinamarca\u201d: el Materno Infantil de La Villa cumpli\u00f3 15 d\u00edas sin aire acondicionado"},"content":{"rendered":"\n<p class=\"p1 wp-block-paragraph\">Colima, M\u00e9xico, Avanzada (14\/06\/2025).- A quince d\u00edas de haberse descompuesto el sistema de aire acondicionado en el \u00e1rea de hospitalizaci\u00f3n del Hospital Materno Infantil del IMSS-Bienestar en Villa de \u00c1lvarez, la situaci\u00f3n sigue sin resolverse, generando nuevas complicaciones para pacientes y personal m\u00e9dico.<\/p>\n\n\n\n<p class=\"p1 wp-block-paragraph\">Ante la falta de ventilaci\u00f3n adecuada \u2014pues el inmueble carece de ventanas\u2014, el personal coloc\u00f3 un pabell\u00f3n en una de las puertas que dan al jard\u00edn para mantenerla abierta y permitir la entrada de aire. No obstante, esta medida fue retirada debido a su ineficacia: el flujo de aire era m\u00ednimo, y la temperatura segu\u00eda siendo sofocante.<\/p>\n\n\n\n<p class=\"p1 wp-block-paragraph\">Adem\u00e1s del calor extremo, ahora se enfrentan a un nuevo riesgo: la proliferaci\u00f3n de insectos como mayates, zancudos y fauna nociva que ingresan por la puerta abierta, lo que compromete la higiene del \u00e1rea y aumenta el riesgo de infecciones, especialmente en pacientes postoperatorios y reci\u00e9n nacidos.<\/p>\n\n\n\n<p class=\"p1 wp-block-paragraph\">Familiares de los internados se\u00f1alaron que la improvisaci\u00f3n del hospital para enfrentar esta situaci\u00f3n resulta alarmante y representa una grave omisi\u00f3n en la atenci\u00f3n m\u00e9dica. Aunque se autoriz\u00f3 el uso de ventiladores port\u00e1tiles, estos son insuficientes frente a las altas temperaturas que rebasan los 35 grados cent\u00edgrados en la regi\u00f3n.<\/p>\n\n\n\n<p class=\"p1 wp-block-paragraph\">Expertos advierten que la ausencia prolongada de aire acondicionado en instalaciones m\u00e9dicas puede derivar en un aumento de infecciones intrahospitalarias, el mal funcionamiento de equipos m\u00e9dicos sensibles al calor y dificultades en la conservaci\u00f3n de algunos medicamentos.<\/p>\n\n\n\n<p class=\"p1 wp-block-paragraph\">Las familias afectadas reiteraron su llamado urgente a las autoridades del IMSS-Bienestar para que repongan el sistema de climatizaci\u00f3n lo antes posible y se garanticen condiciones m\u00ednimas de salubridad y dignidad en la atenci\u00f3n m\u00e9dica.<\/p>\n\n\n\n<figure class=\"wp-block-image size-large\"><img loading=\"lazy\" decoding=\"async\" width=\"574\" height=\"1024\" src=\"https:\/\/diarioavanzada.com.mx\/wp-content\/uploads\/2025\/06\/b58d050e-9b95-464a-9d5d-a213713b9b6c-1-574x1024.jpg\" class=\"wp-image-90303\" srcset=\"https:\/\/diarioavanzada.com.mx\/wp-content\/uploads\/2025\/06\/b58d050e-9b95-464a-9d5d-a213713b9b6c-1-574x1024.jpg 574w, https:\/\/diarioavanzada.com.mx\/wp-content\/uploads\/2025\/06\/b58d050e-9b95-464a-9d5d-a213713b9b6c-1-168x300.jpg 168w, https:\/\/diarioavanzada.com.mx\/wp-content\/uploads\/2025\/06\/b58d050e-9b95-464a-9d5d-a213713b9b6c-1.jpg 718w\" sizes=\"auto, (max-width: 574px) 100vw, 574px\" \/><\/figure>\n<div class=\"fb-background-color\">\n\t\t\t  <div \n\t\t\t  \tclass = \"fb-comments\" \n\t\t\t  \tdata-href = \"https:\/\/diarioavanzada.com.mx\/?p=90304\"\n\t\t\t  \tdata-numposts = \"10\"\n\t\t\t  \tdata-lazy = \"true\"\n\t\t\t\tdata-colorscheme = \"light\"\n\t\t\t\tdata-order-by = \"social\"\n\t\t\t\tdata-mobile=true>\n\t\t\t  <\/div><\/div>\n\t\t  <style>\n\t\t    .fb-background-color {\n\t\t\t\tbackground:  !important;\n\t\t\t}\n\t\t\t.fb_iframe_widget_fluid_desktop iframe {\n\t\t\t    width: 100% !important;\n\t\t\t}\n\t\t  <\/style>\n\t\t  ","protected":false},"excerpt":{"rendered":"<p>Colima, M\u00e9xico, Avanzada (14\/06\/2025).- A quince d\u00edas de haberse descompuesto el sistema de aire acondicionado en el \u00e1rea de hospitalizaci\u00f3n del Hospital Materno Infantil del IMSS-Bienestar en Villa de \u00c1lvarez, la situaci\u00f3n sigue sin resolverse, generando nuevas complicaciones para pacientes y personal m\u00e9dico. Ante la falta de ventilaci\u00f3n adecuada \u2014pues el inmueble carece de ventanas\u2014, [&hellip;]<\/p>\n","protected":false},"author":7,"featured_media":90302,"comment_status":"closed","ping_status":"closed","sticky":false,"template":"","format":"standard","meta":{"_coblocks_attr":"","_coblocks_dimensions":"","_coblocks_responsive_height":"","_coblocks_accordion_ie_support":"","_crdt_document":"","advanced_seo_description":"","jetpack_seo_html_title":"","jetpack_seo_noindex":false,"_jetpack_memberships_contains_paid_content":false,"footnotes":""},"categories":[19,209,7,27],"tags":[210],"class_list":["post-90304","post","type-post","status-publish","format-standard","has-post-thumbnail","hentry","category-colima","category-importantes","category-noticias","category-salud","tag-portada"],"jetpack_featured_media_url":"https:\/\/diarioavanzada.com.mx\/wp-content\/uploads\/2025\/06\/7d08dd29-a8c2-48ee-83a0-187c1585087d-1.jpg","jetpack-related-posts":[],"jetpack_sharing_enabled":true,"amp_enabled":true,"_links":{"self":[{"href":"https:\/\/diarioavanzada.com.mx\/index.php?rest_route=\/wp\/v2\/posts\/90304","targetHints":{"allow":["GET"]}}],"collection":[{"href":"https:\/\/diarioavanzada.com.mx\/index.php?rest_route=\/wp\/v2\/posts"}],"about":[{"href":"https:\/\/diarioavanzada.com.mx\/index.php?rest_route=\/wp\/v2\/types\/post"}],"author":[{"embeddable":true,"href":"https:\/\/diarioavanzada.com.mx\/index.php?rest_route=\/wp\/v2\/users\/7"}],"replies":[{"embeddable":true,"href":"https:\/\/diarioavanzada.com.mx\/index.php?rest_route=%2Fwp%2Fv2%2Fcomments&post=90304"}],"version-history":[{"count":0,"href":"https:\/\/diarioavanzada.com.mx\/index.php?rest_route=\/wp\/v2\/posts\/90304\/revisions"}],"wp:featuredmedia":[{"embeddable":true,"href":"https:\/\/diarioavanzada.com.mx\/index.php?rest_route=\/wp\/v2\/media\/90302"}],"wp:attachment":[{"href":"https:\/\/diarioavanzada.com.mx\/index.php?rest_route=%2Fwp%2Fv2%2Fmedia&parent=90304"}],"wp:term":[{"taxonomy":"category","embeddable":true,"href":"https:\/\/diarioavanzada.com.mx\/index.php?rest_route=%2Fwp%2Fv2%2Fcategories&post=90304"},{"taxonomy":"post_tag","embeddable":true,"href":"https:\/\/diarioavanzada.com.mx\/index.php?rest_route=%2Fwp%2Fv2%2Ftags&post=90304"}],"curies":[{"name":"wp","href":"https:\/\/api.w.org\/{rel}","templated":true}]}}