{"id":90293,"date":"2025-06-14T08:08:48","date_gmt":"2025-06-14T14:08:48","guid":{"rendered":"https:\/\/diarioavanzada.com.mx\/?p=90293"},"modified":"2025-06-14T09:00:00","modified_gmt":"2025-06-14T15:00:00","slug":"tormenta-tropical-dalila-traera-lluvias-intensas-a-colima","status":"publish","type":"post","link":"https:\/\/diarioavanzada.com.mx\/?p=90293","title":{"rendered":"La tormenta tropical Dalila ocasionar\u00e1 lluvias intensas en Colima"},"content":{"rendered":"\n<p class=\"p1 wp-block-paragraph\">Colima, M\u00e9xico, Avanzada (14\/06\/2025).- Este s\u00e1bado, Colima se mantiene en alerta por la presencia de la tormenta tropical Dalila, que se desplaza frente a las costas del Pac\u00edfico y genera condiciones meteorol\u00f3gicas severas en la regi\u00f3n. Se esperan lluvias puntuales intensas acompa\u00f1adas de descargas el\u00e9ctricas y posible ca\u00edda de granizo, adem\u00e1s de oleaje elevado de hasta 5.5 metros en las costas colimenses.<\/p>\n\n\n\n<p class=\"p1 wp-block-paragraph\">El sistema, en combinaci\u00f3n con un canal de baja presi\u00f3n sobre el occidente y centro del pa\u00eds, provocar\u00e1 precipitaciones que podr\u00edan generar encharcamientos, inundaciones, deslaves e incremento en los niveles de r\u00edos y arroyos. Las autoridades recomiendan extremar precauciones ante posibles afectaciones.<\/p>\n\n\n\n<p class=\"p1 wp-block-paragraph\">Adem\u00e1s de Colima, tambi\u00e9n se pronostican lluvias intensas en Michoac\u00e1n, Guerrero, Oaxaca y Jalisco; muy fuertes en Nayarit; y chubascos en Sinaloa. Las rachas de viento podr\u00edan alcanzar entre 70 y 90 km\/h en las costas de Jalisco, Michoac\u00e1n y Colima, lo que podr\u00eda representar riesgo para la navegaci\u00f3n mar\u00edtima.<\/p>\n\n\n\n<p class=\"p1 wp-block-paragraph\">En paralelo, contin\u00faa la onda de calor en gran parte del territorio nacional. Se esperan temperaturas superiores a 45 \u00b0C en regiones de Baja California, Sonora, Chihuahua y Sinaloa, y de 35 a 40 \u00b0C en Colima y buena parte del sureste mexicano.<\/p>\n\n\n\n<p class=\"p1 wp-block-paragraph\">Las autoridades meteorol\u00f3gicas instan a la poblaci\u00f3n de Colima a mantenerse informada a trav\u00e9s de canales oficiales y atender las recomendaciones de Protecci\u00f3n Civil ante el riesgo de tormentas severas y condiciones mar\u00edtimas adversas.<\/p>\n\n\n\n<p class=\"wp-block-paragraph\"><\/p>\n<div class=\"fb-background-color\">\n\t\t\t  <div \n\t\t\t  \tclass = \"fb-comments\" \n\t\t\t  \tdata-href = \"https:\/\/diarioavanzada.com.mx\/?p=90293\"\n\t\t\t  \tdata-numposts = \"10\"\n\t\t\t  \tdata-lazy = \"true\"\n\t\t\t\tdata-colorscheme = \"light\"\n\t\t\t\tdata-order-by = \"social\"\n\t\t\t\tdata-mobile=true>\n\t\t\t  <\/div><\/div>\n\t\t  <style>\n\t\t    .fb-background-color {\n\t\t\t\tbackground:  !important;\n\t\t\t}\n\t\t\t.fb_iframe_widget_fluid_desktop iframe {\n\t\t\t    width: 100% !important;\n\t\t\t}\n\t\t  <\/style>\n\t\t  ","protected":false},"excerpt":{"rendered":"<p>Colima, M\u00e9xico, Avanzada (14\/06\/2025).- Este s\u00e1bado, Colima se mantiene en alerta por la presencia de la tormenta tropical Dalila, que se desplaza frente a las costas del Pac\u00edfico y genera condiciones meteorol\u00f3gicas severas en la regi\u00f3n. Se esperan lluvias puntuales intensas acompa\u00f1adas de descargas el\u00e9ctricas y posible ca\u00edda de granizo, adem\u00e1s de oleaje elevado de [&hellip;]<\/p>\n","protected":false},"author":7,"featured_media":90292,"comment_status":"closed","ping_status":"closed","sticky":false,"template":"","format":"standard","meta":{"_coblocks_attr":"","_coblocks_dimensions":"","_coblocks_responsive_height":"","_coblocks_accordion_ie_support":"","_crdt_document":"","advanced_seo_description":"","jetpack_seo_html_title":"","jetpack_seo_noindex":false,"_jetpack_memberships_contains_paid_content":false,"footnotes":""},"categories":[19,7,29],"tags":[],"class_list":["post-90293","post","type-post","status-publish","format-standard","has-post-thumbnail","hentry","category-colima","category-noticias","category-sociedad"],"jetpack_featured_media_url":"https:\/\/diarioavanzada.com.mx\/wp-content\/uploads\/2025\/06\/img_4031-1.jpg","jetpack-related-posts":[],"jetpack_sharing_enabled":true,"amp_enabled":true,"_links":{"self":[{"href":"https:\/\/diarioavanzada.com.mx\/index.php?rest_route=\/wp\/v2\/posts\/90293","targetHints":{"allow":["GET"]}}],"collection":[{"href":"https:\/\/diarioavanzada.com.mx\/index.php?rest_route=\/wp\/v2\/posts"}],"about":[{"href":"https:\/\/diarioavanzada.com.mx\/index.php?rest_route=\/wp\/v2\/types\/post"}],"author":[{"embeddable":true,"href":"https:\/\/diarioavanzada.com.mx\/index.php?rest_route=\/wp\/v2\/users\/7"}],"replies":[{"embeddable":true,"href":"https:\/\/diarioavanzada.com.mx\/index.php?rest_route=%2Fwp%2Fv2%2Fcomments&post=90293"}],"version-history":[{"count":1,"href":"https:\/\/diarioavanzada.com.mx\/index.php?rest_route=\/wp\/v2\/posts\/90293\/revisions"}],"predecessor-version":[{"id":90300,"href":"https:\/\/diarioavanzada.com.mx\/index.php?rest_route=\/wp\/v2\/posts\/90293\/revisions\/90300"}],"wp:featuredmedia":[{"embeddable":true,"href":"https:\/\/diarioavanzada.com.mx\/index.php?rest_route=\/wp\/v2\/media\/90292"}],"wp:attachment":[{"href":"https:\/\/diarioavanzada.com.mx\/index.php?rest_route=%2Fwp%2Fv2%2Fmedia&parent=90293"}],"wp:term":[{"taxonomy":"category","embeddable":true,"href":"https:\/\/diarioavanzada.com.mx\/index.php?rest_route=%2Fwp%2Fv2%2Fcategories&post=90293"},{"taxonomy":"post_tag","embeddable":true,"href":"https:\/\/diarioavanzada.com.mx\/index.php?rest_route=%2Fwp%2Fv2%2Ftags&post=90293"}],"curies":[{"name":"wp","href":"https:\/\/api.w.org\/{rel}","templated":true}]}}