{"id":90289,"date":"2025-06-13T20:21:47","date_gmt":"2025-06-14T02:21:47","guid":{"rendered":"https:\/\/diarioavanzada.com.mx\/?p=90289"},"modified":"2025-06-13T20:21:47","modified_gmt":"2025-06-14T02:21:47","slug":"fiscalia-de-oaxaca-busca-a-fredi-lo-vieron-por-ultima-vez-en-pena-colorada-manzanillo","status":"publish","type":"post","link":"https:\/\/diarioavanzada.com.mx\/?p=90289","title":{"rendered":"Fiscal\u00eda de Oaxaca busca a Fredi, lo vieron por \u00faltima vez en Pe\u00f1a Colorada, Manzanillo"},"content":{"rendered":"\n<p class=\"p1 wp-block-paragraph\">Colima, M\u00e9xico, Avanzada (13\/06\/2025).- La Comisi\u00f3n de B\u00fasqueda del Estado de Colima solicit\u00f3 el apoyo de la ciudadan\u00eda para dar con el paradero de Fredi Gonz\u00e1lez Juli\u00e1n, joven de 21 a\u00f1os desaparecido desde el 15 de noviembre de 2024 en la comunidad de Pe\u00f1a Colorada, en Manzanillo.<\/p>\n\n\n\n<p class=\"p1 wp-block-paragraph\">De acuerdo con la ficha emitida por la Fiscal\u00eda General del Estado de Oaxaca, Fredi vest\u00eda sudadera azul, pantal\u00f3n de mezclilla del mismo color y tenis blancos con negro al momento de su desaparici\u00f3n. Como se\u00f1a particular, tiene un tatuaje en el brazo izquierdo con la figura de una cruz negra y las letras \u201cJ.M.\u201d.<\/p>\n\n\n\n<p class=\"p1 wp-block-paragraph\">Quienes tengan informaci\u00f3n que pueda contribuir a su localizaci\u00f3n pueden comunicarse al n\u00famero 312 131 3809, ya sea por llamada, mensaje de WhatsApp, inbox a la p\u00e1gina oficial de la Comisi\u00f3n de B\u00fasqueda o al correo: comision.busqueda.col@gmail.com.<\/p>\n\n\n\n<p class=\"p1 wp-block-paragraph\">Las autoridades reiteran que cualquier dato, por m\u00ednimo que parezca, puede ser clave para localizarlo y brindar apoyo a su familia.<\/p>\n\n\n\n<figure class=\"wp-block-image size-large\"><img loading=\"lazy\" decoding=\"async\" width=\"526\" height=\"867\" src=\"https:\/\/diarioavanzada.com.mx\/wp-content\/uploads\/2025\/06\/68b7a1cb-74e1-40ed-a45c-8e33d1390723-1.jpg\" class=\"wp-image-90287\" srcset=\"https:\/\/diarioavanzada.com.mx\/wp-content\/uploads\/2025\/06\/68b7a1cb-74e1-40ed-a45c-8e33d1390723-1.jpg 526w, https:\/\/diarioavanzada.com.mx\/wp-content\/uploads\/2025\/06\/68b7a1cb-74e1-40ed-a45c-8e33d1390723-1-182x300.jpg 182w\" sizes=\"auto, (max-width: 526px) 100vw, 526px\" \/><\/figure>\n\n\n\n<p class=\"p1 wp-block-paragraph\">Copete:<\/p>\n\n\n\n<p class=\"p1 wp-block-paragraph\">La Comisi\u00f3n de B\u00fasqueda del Estado de Colima solicita apoyo ciudadano para localizar a Fredi Gonz\u00e1lez Juli\u00e1n, joven desaparecido en noviembre pasado en Pe\u00f1a Colorada, Manzanillo.<\/p>\n<div class=\"fb-background-color\">\n\t\t\t  <div \n\t\t\t  \tclass = \"fb-comments\" \n\t\t\t  \tdata-href = \"https:\/\/diarioavanzada.com.mx\/?p=90289\"\n\t\t\t  \tdata-numposts = \"10\"\n\t\t\t  \tdata-lazy = \"true\"\n\t\t\t\tdata-colorscheme = \"light\"\n\t\t\t\tdata-order-by = \"social\"\n\t\t\t\tdata-mobile=true>\n\t\t\t  <\/div><\/div>\n\t\t  <style>\n\t\t    .fb-background-color {\n\t\t\t\tbackground:  !important;\n\t\t\t}\n\t\t\t.fb_iframe_widget_fluid_desktop iframe {\n\t\t\t    width: 100% !important;\n\t\t\t}\n\t\t  <\/style>\n\t\t  ","protected":false},"excerpt":{"rendered":"<p>Colima, M\u00e9xico, Avanzada (13\/06\/2025).- La Comisi\u00f3n de B\u00fasqueda del Estado de Colima solicit\u00f3 el apoyo de la ciudadan\u00eda para dar con el paradero de Fredi Gonz\u00e1lez Juli\u00e1n, joven de 21 a\u00f1os desaparecido desde el 15 de noviembre de 2024 en la comunidad de Pe\u00f1a Colorada, en Manzanillo. De acuerdo con la ficha emitida por la [&hellip;]<\/p>\n","protected":false},"author":7,"featured_media":90288,"comment_status":"closed","ping_status":"closed","sticky":false,"template":"","format":"standard","meta":{"_coblocks_attr":"","_coblocks_dimensions":"","_coblocks_responsive_height":"","_coblocks_accordion_ie_support":"","_crdt_document":"","advanced_seo_description":"","jetpack_seo_html_title":"","jetpack_seo_noindex":false,"_jetpack_memberships_contains_paid_content":false,"footnotes":""},"categories":[19,209,7,231],"tags":[210],"class_list":["post-90289","post","type-post","status-publish","format-standard","has-post-thumbnail","hentry","category-colima","category-importantes","category-noticias","category-seguridad","tag-portada"],"jetpack_featured_media_url":"https:\/\/diarioavanzada.com.mx\/wp-content\/uploads\/2025\/06\/img_4674-1.jpg","jetpack-related-posts":[],"jetpack_sharing_enabled":true,"amp_enabled":true,"_links":{"self":[{"href":"https:\/\/diarioavanzada.com.mx\/index.php?rest_route=\/wp\/v2\/posts\/90289","targetHints":{"allow":["GET"]}}],"collection":[{"href":"https:\/\/diarioavanzada.com.mx\/index.php?rest_route=\/wp\/v2\/posts"}],"about":[{"href":"https:\/\/diarioavanzada.com.mx\/index.php?rest_route=\/wp\/v2\/types\/post"}],"author":[{"embeddable":true,"href":"https:\/\/diarioavanzada.com.mx\/index.php?rest_route=\/wp\/v2\/users\/7"}],"replies":[{"embeddable":true,"href":"https:\/\/diarioavanzada.com.mx\/index.php?rest_route=%2Fwp%2Fv2%2Fcomments&post=90289"}],"version-history":[{"count":0,"href":"https:\/\/diarioavanzada.com.mx\/index.php?rest_route=\/wp\/v2\/posts\/90289\/revisions"}],"wp:featuredmedia":[{"embeddable":true,"href":"https:\/\/diarioavanzada.com.mx\/index.php?rest_route=\/wp\/v2\/media\/90288"}],"wp:attachment":[{"href":"https:\/\/diarioavanzada.com.mx\/index.php?rest_route=%2Fwp%2Fv2%2Fmedia&parent=90289"}],"wp:term":[{"taxonomy":"category","embeddable":true,"href":"https:\/\/diarioavanzada.com.mx\/index.php?rest_route=%2Fwp%2Fv2%2Fcategories&post=90289"},{"taxonomy":"post_tag","embeddable":true,"href":"https:\/\/diarioavanzada.com.mx\/index.php?rest_route=%2Fwp%2Fv2%2Ftags&post=90289"}],"curies":[{"name":"wp","href":"https:\/\/api.w.org\/{rel}","templated":true}]}}