{"id":90283,"date":"2025-06-13T19:46:54","date_gmt":"2025-06-14T01:46:54","guid":{"rendered":"https:\/\/diarioavanzada.com.mx\/?p=90283"},"modified":"2025-06-13T19:46:54","modified_gmt":"2025-06-14T01:46:54","slug":"accidente-en-jalipa-involucra-a-personal-docente-que-viaja-de-colima-a-manzanillo","status":"publish","type":"post","link":"https:\/\/diarioavanzada.com.mx\/?p=90283","title":{"rendered":"Accidente en Jalipa involucra a personal docente que viaja de Colima a Manzanillo"},"content":{"rendered":"\n<p class=\"p1 wp-block-paragraph\">Colima, M\u00e9xico, Avanzada (13\/06\/2025).- La ma\u00f1ana de este viernes se registr\u00f3 un accidente vehicular en la comunidad de Jalipa, en Manzanillo, donde se vieron involucradas dos combis y un autom\u00f3vil particular. Uno de los veh\u00edculos pertenec\u00eda a una empresa privada, y tras impactarse con un auto, este \u00faltimo colision\u00f3 con una combi que transportaba a maestras y personal administrativo que diariamente se trasladan de Colima a Manzanillo.<\/p>\n\n\n\n<p class=\"p1 wp-block-paragraph\">Aunque no se reportan personas heridas de gravedad, los trabajadores de la educaci\u00f3n que viajaban en la combi resultaron con diversos golpes y est\u00e1n siendo atendidos en la cl\u00ednica del ISSSTE en la ciudad de Colima.<\/p>\n\n\n\n<p class=\"p1 wp-block-paragraph\">Desde hace meses, docentes y personal administrativo han solicitado a la Secretar\u00eda de Educaci\u00f3n y a la secci\u00f3n 6 del SNTE una revisi\u00f3n de su situaci\u00f3n laboral, con el fin de ser reubicados en zonas m\u00e1s cercanas a sus lugares de residencia. Han se\u00f1alado que el traslado diario representa un riesgo constante, especialmente por el alto tr\u00e1nsito de tr\u00e1ileres y las obras de ampliaci\u00f3n en la carretera Manzanillo-Colima, que ya llevan m\u00e1s de dos a\u00f1os en ejecuci\u00f3n sin soluci\u00f3n definitiva.<\/p>\n\n\n\n<p class=\"p1 wp-block-paragraph\">El accidente reaviva las demandas de seguridad y mejores condiciones laborales para quienes trabajan en el sector educativo y enfrentan traslados prolongados en rutas peligrosas.<\/p>\n\n\n\n<figure class=\"wp-block-video\"><div class=\"wp-block-embed__wrapper\">\n<iframe title=\"VideoPress Video Player\" aria-label='VideoPress Video Player' width='557' height='1000' src='https:\/\/videopress.com\/embed\/tVRQOUcu?cover=1&amp;preloadContent=metadata&amp;useAverageColor=1&amp;hd=0' frameborder='0' allowfullscreen data-resize-to-parent=\"true\" allow='clipboard-write'><\/iframe><script src='https:\/\/v0.wordpress.com\/js\/next\/videopress-iframe.js?m=1739540970'><\/script>\n<\/div><\/figure>\n<div class=\"fb-background-color\">\n\t\t\t  <div \n\t\t\t  \tclass = \"fb-comments\" \n\t\t\t  \tdata-href = \"https:\/\/diarioavanzada.com.mx\/?p=90283\"\n\t\t\t  \tdata-numposts = \"10\"\n\t\t\t  \tdata-lazy = \"true\"\n\t\t\t\tdata-colorscheme = \"light\"\n\t\t\t\tdata-order-by = \"social\"\n\t\t\t\tdata-mobile=true>\n\t\t\t  <\/div><\/div>\n\t\t  <style>\n\t\t    .fb-background-color {\n\t\t\t\tbackground:  !important;\n\t\t\t}\n\t\t\t.fb_iframe_widget_fluid_desktop iframe {\n\t\t\t    width: 100% !important;\n\t\t\t}\n\t\t  <\/style>\n\t\t  ","protected":false},"excerpt":{"rendered":"<p>Colima, M\u00e9xico, Avanzada (13\/06\/2025).- La ma\u00f1ana de este viernes se registr\u00f3 un accidente vehicular en la comunidad de Jalipa, en Manzanillo, donde se vieron involucradas dos combis y un autom\u00f3vil particular. Uno de los veh\u00edculos pertenec\u00eda a una empresa privada, y tras impactarse con un auto, este \u00faltimo colision\u00f3 con una combi que transportaba a [&hellip;]<\/p>\n","protected":false},"author":7,"featured_media":90280,"comment_status":"closed","ping_status":"closed","sticky":false,"template":"","format":"standard","meta":{"_coblocks_attr":"","_coblocks_dimensions":"","_coblocks_responsive_height":"","_coblocks_accordion_ie_support":"","_crdt_document":"","advanced_seo_description":"","jetpack_seo_html_title":"","jetpack_seo_noindex":false,"_jetpack_memberships_contains_paid_content":false,"footnotes":""},"categories":[19,209,7,231],"tags":[210],"class_list":["post-90283","post","type-post","status-publish","format-standard","has-post-thumbnail","hentry","category-colima","category-importantes","category-noticias","category-seguridad","tag-portada"],"jetpack_featured_media_url":"https:\/\/diarioavanzada.com.mx\/wp-content\/uploads\/2025\/06\/img_4666-1.jpg","jetpack-related-posts":[],"jetpack_sharing_enabled":true,"amp_enabled":true,"_links":{"self":[{"href":"https:\/\/diarioavanzada.com.mx\/index.php?rest_route=\/wp\/v2\/posts\/90283","targetHints":{"allow":["GET"]}}],"collection":[{"href":"https:\/\/diarioavanzada.com.mx\/index.php?rest_route=\/wp\/v2\/posts"}],"about":[{"href":"https:\/\/diarioavanzada.com.mx\/index.php?rest_route=\/wp\/v2\/types\/post"}],"author":[{"embeddable":true,"href":"https:\/\/diarioavanzada.com.mx\/index.php?rest_route=\/wp\/v2\/users\/7"}],"replies":[{"embeddable":true,"href":"https:\/\/diarioavanzada.com.mx\/index.php?rest_route=%2Fwp%2Fv2%2Fcomments&post=90283"}],"version-history":[{"count":0,"href":"https:\/\/diarioavanzada.com.mx\/index.php?rest_route=\/wp\/v2\/posts\/90283\/revisions"}],"wp:featuredmedia":[{"embeddable":true,"href":"https:\/\/diarioavanzada.com.mx\/index.php?rest_route=\/wp\/v2\/media\/90280"}],"wp:attachment":[{"href":"https:\/\/diarioavanzada.com.mx\/index.php?rest_route=%2Fwp%2Fv2%2Fmedia&parent=90283"}],"wp:term":[{"taxonomy":"category","embeddable":true,"href":"https:\/\/diarioavanzada.com.mx\/index.php?rest_route=%2Fwp%2Fv2%2Fcategories&post=90283"},{"taxonomy":"post_tag","embeddable":true,"href":"https:\/\/diarioavanzada.com.mx\/index.php?rest_route=%2Fwp%2Fv2%2Ftags&post=90283"}],"curies":[{"name":"wp","href":"https:\/\/api.w.org\/{rel}","templated":true}]}}