{"id":90266,"date":"2025-06-13T18:21:53","date_gmt":"2025-06-14T00:21:53","guid":{"rendered":"https:\/\/diarioavanzada.com.mx\/?p=90266"},"modified":"2025-06-13T18:21:56","modified_gmt":"2025-06-14T00:21:56","slug":"refuerza-udec-el-desarrollo-de-su-personal-con-talleres-especializados","status":"publish","type":"post","link":"https:\/\/diarioavanzada.com.mx\/?p=90266","title":{"rendered":"Refuerza UdeC el desarrollo de su personal con talleres especializados"},"content":{"rendered":"\n<p class=\"wp-block-paragraph\"><em>En Tecom\u00e1n destac\u00f3 la gran participaci\u00f3n de trabajadoras y trabajadores en el \u201cTaller de Inteligencia Emocional y Resoluci\u00f3n de Conflictos en las Organizaciones\u201d.<\/em><\/p>\n\n\n\n<p class=\"wp-block-paragraph\">Colima, M\u00e9xico, Comunicado (13\/06\/2025).- Con una participaci\u00f3n r\u00e9cord de 94 universitarios del campus Tecom\u00e1n, este jueves dio inicio el \u201cTaller de Inteligencia Emocional y Resoluci\u00f3n de Conflictos en las Organizaciones\u201d, impulsado por la Direcci\u00f3n General de Recursos Humanos (DGRH) de la Universidad de Colima. Se realiz\u00f3 en el Centro de Tecnolog\u00eda Educativa.<\/p>\n\n\n\n<p class=\"wp-block-paragraph\">En el arranque, Ana Lilia Moreno Osegueda, delegada de Tecom\u00e1n, destac\u00f3 la excelente respuesta de la comunidad universitaria. \u201cHa sido uno de los cursos con mayor impacto en nuestra delegaci\u00f3n\u201d. Agradeci\u00f3 a la DGRH por la iniciativa y felicit\u00f3 a las y los participantes \u201cpor tomar esta capacitaci\u00f3n que fortalece su desarrollo profesional y personal\u201d.<\/p>\n\n\n\n<p class=\"wp-block-paragraph\">Priscilia Juliana \u00c1lvarez Guti\u00e9rrez, directora general de Recursos Humanos, dijo que estos talleres responden directamente a una necesidad identificada por la comunidad universitaria. \u201cSu objetivo es brindar herramientas para un mejor desempe\u00f1o laboral, fomentar el trabajo en equipo y promover el desarrollo integral del personal universitario. Este curso, en particular, ha tenido una respuesta sobresaliente en la instituci\u00f3n, con 345 participantes, lo cual nos llena de satisfacci\u00f3n\u201d.<\/p>\n\n\n\n<p class=\"wp-block-paragraph\">Debido a la alta demanda, fue necesario abrir tres grupos de trabajo para atender adecuadamente a los y las participantes. Los talleres est\u00e1n a cargo de las psic\u00f3logas Patricia Liliana Murillo Chac\u00f3n, Myriam Mac\u00edas Cruz y Roc\u00edo del Pilar Hern\u00e1ndez Ch\u00e1vez, profesionales con amplia experiencia en el desarrollo humano y organizacional.<\/p>\n\n\n\n<p class=\"wp-block-paragraph\">Tambi\u00e9n en la Villa<\/p>\n\n\n\n<p class=\"wp-block-paragraph\">Al inaugurar el taller en Villa de \u00c1lvarez, el delegado de ese campus, Carlos Alberto Montes Carbajal dijo que en la UdeC \u201cconfluyen diferentes ideas, perspectivas y formas de trabajo, por lo que aprender a gestionar nuestras emociones y afrontar los desacuerdos con madurez, empat\u00eda y comunicaci\u00f3n efectiva, no solo mejora el desempe\u00f1o individual, sino fortalece a la comunidad universitaria\u201d.<\/p>\n\n\n\n<p class=\"wp-block-paragraph\">Coment\u00f3 que este taller es una muestra m\u00e1s de que en la Universidad de Colima se cree en la formaci\u00f3n continua como un pilar para el crecimiento personal y profesional del personal universitario.<\/p>\n\n\n\n<p class=\"wp-block-paragraph\">En entrevista Sandra Tapia Barajas, personal secretarial, mencion\u00f3 que este taller le dej\u00f3 como aprendizaje el poder comprender y gestionar mejor sus emociones y las de los dem\u00e1s dentro del entorno laboral y as\u00ed tener un mejor ambiente laboral.<\/p>\n\n\n\n<p class=\"wp-block-paragraph\">Por su parte, In\u00e9s Sandoval Leal, tambi\u00e9n personal secretarial, se\u00f1al\u00f3 que este taller les brind\u00f3 herramientas valiosas para manejar los conflictos de manera m\u00e1s serena y efectiva, resaltando la importancia de la comunicaci\u00f3n como elemento clave para su resoluci\u00f3n.<\/p>\n\n\n\n<p class=\"wp-block-paragraph\">\u201cEstos espacios formativos -coincidieron- son una oportunidad para reflexionar sobre el papel que cada persona juega dentro del equipo de trabajo, fomentando una cultura de respeto, responsabilidad y colaboraci\u00f3n\u201d.<\/p>\n\n\n\n<figure class=\"wp-block-image size-large\"><img loading=\"lazy\" decoding=\"async\" width=\"1024\" height=\"683\" src=\"https:\/\/diarioavanzada.com.mx\/wp-content\/uploads\/2025\/06\/Realizan-Taller-de-Inteligencia-Emocional-y-Resolucion-de-Conflictos_c-1024x683.jpg\" alt=\"\" class=\"wp-image-90268\" srcset=\"https:\/\/diarioavanzada.com.mx\/wp-content\/uploads\/2025\/06\/Realizan-Taller-de-Inteligencia-Emocional-y-Resolucion-de-Conflictos_c-1024x683.jpg 1024w, https:\/\/diarioavanzada.com.mx\/wp-content\/uploads\/2025\/06\/Realizan-Taller-de-Inteligencia-Emocional-y-Resolucion-de-Conflictos_c-300x200.jpg 300w, https:\/\/diarioavanzada.com.mx\/wp-content\/uploads\/2025\/06\/Realizan-Taller-de-Inteligencia-Emocional-y-Resolucion-de-Conflictos_c-768x512.jpg 768w, https:\/\/diarioavanzada.com.mx\/wp-content\/uploads\/2025\/06\/Realizan-Taller-de-Inteligencia-Emocional-y-Resolucion-de-Conflictos_c-1536x1024.jpg 1536w, https:\/\/diarioavanzada.com.mx\/wp-content\/uploads\/2025\/06\/Realizan-Taller-de-Inteligencia-Emocional-y-Resolucion-de-Conflictos_c-2048x1365.jpg 2048w, https:\/\/diarioavanzada.com.mx\/wp-content\/uploads\/2025\/06\/Realizan-Taller-de-Inteligencia-Emocional-y-Resolucion-de-Conflictos_c-1200x800.jpg 1200w\" sizes=\"auto, (max-width: 1024px) 100vw, 1024px\" \/><\/figure>\n\n\n\n<figure class=\"wp-block-image size-large\"><img loading=\"lazy\" decoding=\"async\" width=\"1024\" height=\"683\" src=\"https:\/\/diarioavanzada.com.mx\/wp-content\/uploads\/2025\/06\/Realizan-Taller-de-Inteligencia-Emocional-y-Resolucion-de-Conflictos_La-Villa-1024x683.jpg\" alt=\"\" class=\"wp-image-90270\" srcset=\"https:\/\/diarioavanzada.com.mx\/wp-content\/uploads\/2025\/06\/Realizan-Taller-de-Inteligencia-Emocional-y-Resolucion-de-Conflictos_La-Villa-1024x683.jpg 1024w, https:\/\/diarioavanzada.com.mx\/wp-content\/uploads\/2025\/06\/Realizan-Taller-de-Inteligencia-Emocional-y-Resolucion-de-Conflictos_La-Villa-300x200.jpg 300w, https:\/\/diarioavanzada.com.mx\/wp-content\/uploads\/2025\/06\/Realizan-Taller-de-Inteligencia-Emocional-y-Resolucion-de-Conflictos_La-Villa-768x512.jpg 768w, https:\/\/diarioavanzada.com.mx\/wp-content\/uploads\/2025\/06\/Realizan-Taller-de-Inteligencia-Emocional-y-Resolucion-de-Conflictos_La-Villa-1536x1024.jpg 1536w, https:\/\/diarioavanzada.com.mx\/wp-content\/uploads\/2025\/06\/Realizan-Taller-de-Inteligencia-Emocional-y-Resolucion-de-Conflictos_La-Villa-2048x1365.jpg 2048w, https:\/\/diarioavanzada.com.mx\/wp-content\/uploads\/2025\/06\/Realizan-Taller-de-Inteligencia-Emocional-y-Resolucion-de-Conflictos_La-Villa-1200x800.jpg 1200w\" sizes=\"auto, (max-width: 1024px) 100vw, 1024px\" \/><\/figure>\n\n\n\n<figure class=\"wp-block-image size-large\"><img loading=\"lazy\" decoding=\"async\" width=\"1024\" height=\"683\" src=\"https:\/\/diarioavanzada.com.mx\/wp-content\/uploads\/2025\/06\/Realizan-Taller-de-Inteligencia-Emocional-y-Resolucion-de-Conflictos-1024x683.jpg\" alt=\"\" class=\"wp-image-90271\" srcset=\"https:\/\/diarioavanzada.com.mx\/wp-content\/uploads\/2025\/06\/Realizan-Taller-de-Inteligencia-Emocional-y-Resolucion-de-Conflictos-1024x683.jpg 1024w, https:\/\/diarioavanzada.com.mx\/wp-content\/uploads\/2025\/06\/Realizan-Taller-de-Inteligencia-Emocional-y-Resolucion-de-Conflictos-300x200.jpg 300w, https:\/\/diarioavanzada.com.mx\/wp-content\/uploads\/2025\/06\/Realizan-Taller-de-Inteligencia-Emocional-y-Resolucion-de-Conflictos-768x512.jpg 768w, https:\/\/diarioavanzada.com.mx\/wp-content\/uploads\/2025\/06\/Realizan-Taller-de-Inteligencia-Emocional-y-Resolucion-de-Conflictos-1536x1024.jpg 1536w, https:\/\/diarioavanzada.com.mx\/wp-content\/uploads\/2025\/06\/Realizan-Taller-de-Inteligencia-Emocional-y-Resolucion-de-Conflictos-2048x1365.jpg 2048w, https:\/\/diarioavanzada.com.mx\/wp-content\/uploads\/2025\/06\/Realizan-Taller-de-Inteligencia-Emocional-y-Resolucion-de-Conflictos-1200x800.jpg 1200w\" sizes=\"auto, (max-width: 1024px) 100vw, 1024px\" \/><\/figure>\n\n\n\n<figure class=\"wp-block-image size-large\"><img loading=\"lazy\" decoding=\"async\" width=\"1024\" height=\"683\" src=\"https:\/\/diarioavanzada.com.mx\/wp-content\/uploads\/2025\/06\/Realizan-Taller-de-Inteligencia-Emocional-y-Resolucion-de-Conflictos_La-Villa_Carlos-1024x683.jpg\" alt=\"\" class=\"wp-image-90272\" srcset=\"https:\/\/diarioavanzada.com.mx\/wp-content\/uploads\/2025\/06\/Realizan-Taller-de-Inteligencia-Emocional-y-Resolucion-de-Conflictos_La-Villa_Carlos-1024x683.jpg 1024w, https:\/\/diarioavanzada.com.mx\/wp-content\/uploads\/2025\/06\/Realizan-Taller-de-Inteligencia-Emocional-y-Resolucion-de-Conflictos_La-Villa_Carlos-300x200.jpg 300w, https:\/\/diarioavanzada.com.mx\/wp-content\/uploads\/2025\/06\/Realizan-Taller-de-Inteligencia-Emocional-y-Resolucion-de-Conflictos_La-Villa_Carlos-768x512.jpg 768w, https:\/\/diarioavanzada.com.mx\/wp-content\/uploads\/2025\/06\/Realizan-Taller-de-Inteligencia-Emocional-y-Resolucion-de-Conflictos_La-Villa_Carlos-1536x1024.jpg 1536w, https:\/\/diarioavanzada.com.mx\/wp-content\/uploads\/2025\/06\/Realizan-Taller-de-Inteligencia-Emocional-y-Resolucion-de-Conflictos_La-Villa_Carlos-2048x1366.jpg 2048w, https:\/\/diarioavanzada.com.mx\/wp-content\/uploads\/2025\/06\/Realizan-Taller-de-Inteligencia-Emocional-y-Resolucion-de-Conflictos_La-Villa_Carlos-1200x800.jpg 1200w\" sizes=\"auto, (max-width: 1024px) 100vw, 1024px\" \/><\/figure>\n\n\n\n<figure class=\"wp-block-image size-large\"><img loading=\"lazy\" decoding=\"async\" width=\"1024\" height=\"683\" src=\"https:\/\/diarioavanzada.com.mx\/wp-content\/uploads\/2025\/06\/Realizan-Taller-de-Inteligencia-Emocional-y-Resolucion-de-Conflictos_La-Villa_Hernan-1024x683.jpg\" alt=\"\" class=\"wp-image-90274\" srcset=\"https:\/\/diarioavanzada.com.mx\/wp-content\/uploads\/2025\/06\/Realizan-Taller-de-Inteligencia-Emocional-y-Resolucion-de-Conflictos_La-Villa_Hernan-1024x683.jpg 1024w, https:\/\/diarioavanzada.com.mx\/wp-content\/uploads\/2025\/06\/Realizan-Taller-de-Inteligencia-Emocional-y-Resolucion-de-Conflictos_La-Villa_Hernan-300x200.jpg 300w, https:\/\/diarioavanzada.com.mx\/wp-content\/uploads\/2025\/06\/Realizan-Taller-de-Inteligencia-Emocional-y-Resolucion-de-Conflictos_La-Villa_Hernan-768x512.jpg 768w, https:\/\/diarioavanzada.com.mx\/wp-content\/uploads\/2025\/06\/Realizan-Taller-de-Inteligencia-Emocional-y-Resolucion-de-Conflictos_La-Villa_Hernan-1536x1024.jpg 1536w, https:\/\/diarioavanzada.com.mx\/wp-content\/uploads\/2025\/06\/Realizan-Taller-de-Inteligencia-Emocional-y-Resolucion-de-Conflictos_La-Villa_Hernan-2048x1365.jpg 2048w, https:\/\/diarioavanzada.com.mx\/wp-content\/uploads\/2025\/06\/Realizan-Taller-de-Inteligencia-Emocional-y-Resolucion-de-Conflictos_La-Villa_Hernan-1200x800.jpg 1200w\" sizes=\"auto, (max-width: 1024px) 100vw, 1024px\" \/><\/figure>\n\n\n\n<figure class=\"wp-block-image size-large\"><img loading=\"lazy\" decoding=\"async\" width=\"1024\" height=\"683\" src=\"https:\/\/diarioavanzada.com.mx\/wp-content\/uploads\/2025\/06\/Realizan-Taller-de-Inteligencia-Emocional-y-Resolucion-de-Conflictos_La-Villa_a-1024x683.jpg\" alt=\"\" class=\"wp-image-90277\" srcset=\"https:\/\/diarioavanzada.com.mx\/wp-content\/uploads\/2025\/06\/Realizan-Taller-de-Inteligencia-Emocional-y-Resolucion-de-Conflictos_La-Villa_a-1024x683.jpg 1024w, https:\/\/diarioavanzada.com.mx\/wp-content\/uploads\/2025\/06\/Realizan-Taller-de-Inteligencia-Emocional-y-Resolucion-de-Conflictos_La-Villa_a-300x200.jpg 300w, https:\/\/diarioavanzada.com.mx\/wp-content\/uploads\/2025\/06\/Realizan-Taller-de-Inteligencia-Emocional-y-Resolucion-de-Conflictos_La-Villa_a-768x512.jpg 768w, https:\/\/diarioavanzada.com.mx\/wp-content\/uploads\/2025\/06\/Realizan-Taller-de-Inteligencia-Emocional-y-Resolucion-de-Conflictos_La-Villa_a-1536x1024.jpg 1536w, https:\/\/diarioavanzada.com.mx\/wp-content\/uploads\/2025\/06\/Realizan-Taller-de-Inteligencia-Emocional-y-Resolucion-de-Conflictos_La-Villa_a-2048x1365.jpg 2048w, https:\/\/diarioavanzada.com.mx\/wp-content\/uploads\/2025\/06\/Realizan-Taller-de-Inteligencia-Emocional-y-Resolucion-de-Conflictos_La-Villa_a-1200x800.jpg 1200w\" sizes=\"auto, (max-width: 1024px) 100vw, 1024px\" \/><\/figure>\n<div class=\"fb-background-color\">\n\t\t\t  <div \n\t\t\t  \tclass = \"fb-comments\" \n\t\t\t  \tdata-href = \"https:\/\/diarioavanzada.com.mx\/?p=90266\"\n\t\t\t  \tdata-numposts = \"10\"\n\t\t\t  \tdata-lazy = \"true\"\n\t\t\t\tdata-colorscheme = \"light\"\n\t\t\t\tdata-order-by = \"social\"\n\t\t\t\tdata-mobile=true>\n\t\t\t  <\/div><\/div>\n\t\t  <style>\n\t\t    .fb-background-color {\n\t\t\t\tbackground:  !important;\n\t\t\t}\n\t\t\t.fb_iframe_widget_fluid_desktop iframe {\n\t\t\t    width: 100% !important;\n\t\t\t}\n\t\t  <\/style>\n\t\t  ","protected":false},"excerpt":{"rendered":"<p>En Tecom\u00e1n destac\u00f3 la gran participaci\u00f3n de trabajadoras y trabajadores en el \u201cTaller de Inteligencia Emocional y Resoluci\u00f3n de Conflictos en las Organizaciones\u201d. Colima, M\u00e9xico, Comunicado (13\/06\/2025).- Con una participaci\u00f3n r\u00e9cord de 94 universitarios del campus Tecom\u00e1n, este jueves dio inicio el \u201cTaller de Inteligencia Emocional y Resoluci\u00f3n de Conflictos en las Organizaciones\u201d, impulsado por [&hellip;]<\/p>\n","protected":false},"author":7,"featured_media":90275,"comment_status":"closed","ping_status":"closed","sticky":false,"template":"","format":"standard","meta":{"_coblocks_attr":"","_coblocks_dimensions":"","_coblocks_responsive_height":"","_coblocks_accordion_ie_support":"","_crdt_document":"","advanced_seo_description":"","jetpack_seo_html_title":"","jetpack_seo_noindex":false,"_jetpack_memberships_contains_paid_content":false,"footnotes":""},"categories":[19,209,7],"tags":[],"class_list":["post-90266","post","type-post","status-publish","format-standard","has-post-thumbnail","hentry","category-colima","category-importantes","category-noticias"],"jetpack_featured_media_url":"https:\/\/diarioavanzada.com.mx\/wp-content\/uploads\/2025\/06\/Realizan-Taller-de-Inteligencia-Emocional-y-Resolucion-de-Conflictos_Tecoman.jpg","jetpack-related-posts":[],"jetpack_sharing_enabled":true,"amp_enabled":true,"_links":{"self":[{"href":"https:\/\/diarioavanzada.com.mx\/index.php?rest_route=\/wp\/v2\/posts\/90266","targetHints":{"allow":["GET"]}}],"collection":[{"href":"https:\/\/diarioavanzada.com.mx\/index.php?rest_route=\/wp\/v2\/posts"}],"about":[{"href":"https:\/\/diarioavanzada.com.mx\/index.php?rest_route=\/wp\/v2\/types\/post"}],"author":[{"embeddable":true,"href":"https:\/\/diarioavanzada.com.mx\/index.php?rest_route=\/wp\/v2\/users\/7"}],"replies":[{"embeddable":true,"href":"https:\/\/diarioavanzada.com.mx\/index.php?rest_route=%2Fwp%2Fv2%2Fcomments&post=90266"}],"version-history":[{"count":5,"href":"https:\/\/diarioavanzada.com.mx\/index.php?rest_route=\/wp\/v2\/posts\/90266\/revisions"}],"predecessor-version":[{"id":90278,"href":"https:\/\/diarioavanzada.com.mx\/index.php?rest_route=\/wp\/v2\/posts\/90266\/revisions\/90278"}],"wp:featuredmedia":[{"embeddable":true,"href":"https:\/\/diarioavanzada.com.mx\/index.php?rest_route=\/wp\/v2\/media\/90275"}],"wp:attachment":[{"href":"https:\/\/diarioavanzada.com.mx\/index.php?rest_route=%2Fwp%2Fv2%2Fmedia&parent=90266"}],"wp:term":[{"taxonomy":"category","embeddable":true,"href":"https:\/\/diarioavanzada.com.mx\/index.php?rest_route=%2Fwp%2Fv2%2Fcategories&post=90266"},{"taxonomy":"post_tag","embeddable":true,"href":"https:\/\/diarioavanzada.com.mx\/index.php?rest_route=%2Fwp%2Fv2%2Ftags&post=90266"}],"curies":[{"name":"wp","href":"https:\/\/api.w.org\/{rel}","templated":true}]}}