{"id":90248,"date":"2025-06-13T18:10:29","date_gmt":"2025-06-14T00:10:29","guid":{"rendered":"https:\/\/diarioavanzada.com.mx\/?p=90248"},"modified":"2025-06-13T18:10:31","modified_gmt":"2025-06-14T00:10:31","slug":"concluye-con-exito-colaboracion-internacional-coil-en-artes-visuales-entre-mexico-y-chile","status":"publish","type":"post","link":"https:\/\/diarioavanzada.com.mx\/?p=90248","title":{"rendered":"Concluye con \u00e9xito colaboraci\u00f3n internacional COIL en Artes Visuales entre M\u00e9xico y Chile"},"content":{"rendered":"\n<p class=\"wp-block-paragraph\"><em>La experiencia integr\u00f3 contenidos de las asignaturas Taller de Nuevas Tecnolog\u00edas y Animaci\u00f3n Digital, y se estructur\u00f3 en siete actividades centradas en el dise\u00f1o, trazado y animaci\u00f3n de personajes inspirados en la fauna representativa de M\u00e9xico y Chile.<\/em><\/p>\n\n\n\n<p class=\"wp-block-paragraph\">Colima, M\u00e9xico, Comunicado (13\/06\/2025).- Con resultados altamente positivos concluy\u00f3 recientemente la experiencia de Colaboraci\u00f3n Internacional en L\u00ednea (COIL) entre la Licenciatura en Artes Visuales de la Universidad de Colima y el Instituto Profesional DUOC UC de Vi\u00f1a del Mar, Chile.<\/p>\n\n\n\n<p class=\"wp-block-paragraph\">COIL (<em>Collaborative Online International Learning<\/em>) es una metodolog\u00eda de ense\u00f1anza que fomenta la colaboraci\u00f3n internacional en entornos virtuales. Se trata de un enfoque en el que estudiantes y profesores de diferentes pa\u00edses trabajan juntos en proyectos acad\u00e9micos dentro de una materia. No es necesario que las asignaturas sean del mismo campo de estudio, lo que permite experiencias interdisciplinarias<\/p>\n\n\n\n<p class=\"wp-block-paragraph\">Durante 4 semanas, 2 grupos de estudiantes de ambas instituciones participaron en actividades acad\u00e9micas conjuntas, bajo la gu\u00eda del Ing. Heriberto Santos Soto, por parte de la Universidad de Colima, y del Mtro. Luis Eduardo Saavedra Apablaza, desde la instituci\u00f3n chilena.<\/p>\n\n\n\n<p class=\"wp-block-paragraph\"><a>La experiencia integr\u00f3 contenidos de las asignaturas Taller de Nuevas Tecnolog\u00edas y Animaci\u00f3n Digital, y se estructur\u00f3 en siete actividades centradas en el dise\u00f1o, trazado y animaci\u00f3n de personajes inspirados en la fauna representativa de M\u00e9xico y Chile.<\/a><\/p>\n\n\n\n<p class=\"wp-block-paragraph\">El Ing. Santos Soto destac\u00f3 que uno de los logros m\u00e1s significativos fue el aprendizaje pr\u00e1ctico en animaci\u00f3n digital 2D, as\u00ed como el enriquecimiento cultural derivado de la colaboraci\u00f3n internacional. \u201cFue una experiencia muy satisfactoria. Los estudiantes no solo desarrollaron nuevas habilidades t\u00e9cnicas, sino que tambi\u00e9n formaron v\u00ednculos que pueden evolucionar en proyectos colaborativos futuros\u201d, coment\u00f3.<\/p>\n\n\n\n<p class=\"wp-block-paragraph\">Entre los desaf\u00edos enfrentados, el docente mencion\u00f3 la diferencia de huso horario, ya que los estudiantes chilenos tienen dos horas de adelanto. Sin embargo, subray\u00f3 que la coordinaci\u00f3n fue posible con buena comunicaci\u00f3n y organizaci\u00f3n. Asimismo, hizo una invitaci\u00f3n a otros docentes a involucrarse en iniciativas COIL: \u201cLa convocatoria es abierta. Solo hay que investigar un poco, escribir un correo manifestando el inter\u00e9s y te vinculan con un profesor af\u00edn. A partir de ah\u00ed, todo fluye\u201d, explic\u00f3.<\/p>\n\n\n\n<p class=\"wp-block-paragraph\">El cierre de la actividad cont\u00f3 con la presencia de Rafael Covarrubias Ram\u00edrez, director del Instituto Universitario de Bellas Artes, y de Antonio Carranza, coordinador del Departamento de Artes Visuales, quienes reconocieron el compromiso y creatividad de los estudiantes participantes.<\/p>\n\n\n\n<figure class=\"wp-block-image size-large\"><img loading=\"lazy\" decoding=\"async\" width=\"1024\" height=\"768\" src=\"https:\/\/diarioavanzada.com.mx\/wp-content\/uploads\/2025\/06\/Clases-COIL-COIL-en-Artes-Visuales-entre-Mexico-y-Chile_a-1024x768.jpg\" alt=\"\" class=\"wp-image-90250\" srcset=\"https:\/\/diarioavanzada.com.mx\/wp-content\/uploads\/2025\/06\/Clases-COIL-COIL-en-Artes-Visuales-entre-Mexico-y-Chile_a-1024x768.jpg 1024w, https:\/\/diarioavanzada.com.mx\/wp-content\/uploads\/2025\/06\/Clases-COIL-COIL-en-Artes-Visuales-entre-Mexico-y-Chile_a-300x225.jpg 300w, https:\/\/diarioavanzada.com.mx\/wp-content\/uploads\/2025\/06\/Clases-COIL-COIL-en-Artes-Visuales-entre-Mexico-y-Chile_a-768x576.jpg 768w, https:\/\/diarioavanzada.com.mx\/wp-content\/uploads\/2025\/06\/Clases-COIL-COIL-en-Artes-Visuales-entre-Mexico-y-Chile_a-1536x1152.jpg 1536w, https:\/\/diarioavanzada.com.mx\/wp-content\/uploads\/2025\/06\/Clases-COIL-COIL-en-Artes-Visuales-entre-Mexico-y-Chile_a-1200x900.jpg?crop=1 1200w, https:\/\/diarioavanzada.com.mx\/wp-content\/uploads\/2025\/06\/Clases-COIL-COIL-en-Artes-Visuales-entre-Mexico-y-Chile_a-800x600.jpg?crop=1 800w, https:\/\/diarioavanzada.com.mx\/wp-content\/uploads\/2025\/06\/Clases-COIL-COIL-en-Artes-Visuales-entre-Mexico-y-Chile_a-600x450.jpg?crop=1 600w, https:\/\/diarioavanzada.com.mx\/wp-content\/uploads\/2025\/06\/Clases-COIL-COIL-en-Artes-Visuales-entre-Mexico-y-Chile_a-400x300.jpg?crop=1 400w, https:\/\/diarioavanzada.com.mx\/wp-content\/uploads\/2025\/06\/Clases-COIL-COIL-en-Artes-Visuales-entre-Mexico-y-Chile_a-200x150.jpg?crop=1 200w, https:\/\/diarioavanzada.com.mx\/wp-content\/uploads\/2025\/06\/Clases-COIL-COIL-en-Artes-Visuales-entre-Mexico-y-Chile_a.jpg 1600w\" sizes=\"auto, (max-width: 1024px) 100vw, 1024px\" \/><\/figure>\n\n\n\n<figure class=\"wp-block-image size-large\"><img loading=\"lazy\" decoding=\"async\" width=\"892\" height=\"1024\" src=\"https:\/\/diarioavanzada.com.mx\/wp-content\/uploads\/2025\/06\/Clases-COIL-COIL-en-Artes-Visuales-entre-Mexico-y-Chile_b-892x1024.jpg\" alt=\"\" class=\"wp-image-90253\" srcset=\"https:\/\/diarioavanzada.com.mx\/wp-content\/uploads\/2025\/06\/Clases-COIL-COIL-en-Artes-Visuales-entre-Mexico-y-Chile_b-892x1024.jpg 892w, https:\/\/diarioavanzada.com.mx\/wp-content\/uploads\/2025\/06\/Clases-COIL-COIL-en-Artes-Visuales-entre-Mexico-y-Chile_b-261x300.jpg 261w, https:\/\/diarioavanzada.com.mx\/wp-content\/uploads\/2025\/06\/Clases-COIL-COIL-en-Artes-Visuales-entre-Mexico-y-Chile_b-768x881.jpg 768w, https:\/\/diarioavanzada.com.mx\/wp-content\/uploads\/2025\/06\/Clases-COIL-COIL-en-Artes-Visuales-entre-Mexico-y-Chile_b.jpg 1200w\" sizes=\"auto, (max-width: 892px) 100vw, 892px\" \/><\/figure>\n\n\n\n<figure class=\"wp-block-image size-large\"><img loading=\"lazy\" decoding=\"async\" width=\"989\" height=\"1024\" src=\"https:\/\/diarioavanzada.com.mx\/wp-content\/uploads\/2025\/06\/Clases-COIL-COIL-en-Artes-Visuales-entre-Mexico-y-Chile_c-989x1024.jpg\" alt=\"\" class=\"wp-image-90254\" srcset=\"https:\/\/diarioavanzada.com.mx\/wp-content\/uploads\/2025\/06\/Clases-COIL-COIL-en-Artes-Visuales-entre-Mexico-y-Chile_c-989x1024.jpg 989w, https:\/\/diarioavanzada.com.mx\/wp-content\/uploads\/2025\/06\/Clases-COIL-COIL-en-Artes-Visuales-entre-Mexico-y-Chile_c-290x300.jpg 290w, https:\/\/diarioavanzada.com.mx\/wp-content\/uploads\/2025\/06\/Clases-COIL-COIL-en-Artes-Visuales-entre-Mexico-y-Chile_c-768x796.jpg 768w, https:\/\/diarioavanzada.com.mx\/wp-content\/uploads\/2025\/06\/Clases-COIL-COIL-en-Artes-Visuales-entre-Mexico-y-Chile_c.jpg 1200w\" sizes=\"auto, (max-width: 989px) 100vw, 989px\" \/><\/figure>\n\n\n\n<p class=\"wp-block-paragraph\"><\/p>\n<div class=\"fb-background-color\">\n\t\t\t  <div \n\t\t\t  \tclass = \"fb-comments\" \n\t\t\t  \tdata-href = \"https:\/\/diarioavanzada.com.mx\/?p=90248\"\n\t\t\t  \tdata-numposts = \"10\"\n\t\t\t  \tdata-lazy = \"true\"\n\t\t\t\tdata-colorscheme = \"light\"\n\t\t\t\tdata-order-by = \"social\"\n\t\t\t\tdata-mobile=true>\n\t\t\t  <\/div><\/div>\n\t\t  <style>\n\t\t    .fb-background-color {\n\t\t\t\tbackground:  !important;\n\t\t\t}\n\t\t\t.fb_iframe_widget_fluid_desktop iframe {\n\t\t\t    width: 100% !important;\n\t\t\t}\n\t\t  <\/style>\n\t\t  ","protected":false},"excerpt":{"rendered":"<p>La experiencia integr\u00f3 contenidos de las asignaturas Taller de Nuevas Tecnolog\u00edas y Animaci\u00f3n Digital, y se estructur\u00f3 en siete actividades centradas en el dise\u00f1o, trazado y animaci\u00f3n de personajes inspirados en la fauna representativa de M\u00e9xico y Chile. Colima, M\u00e9xico, Comunicado (13\/06\/2025).- Con resultados altamente positivos concluy\u00f3 recientemente la experiencia de Colaboraci\u00f3n Internacional en L\u00ednea [&hellip;]<\/p>\n","protected":false},"author":7,"featured_media":90251,"comment_status":"closed","ping_status":"closed","sticky":false,"template":"","format":"standard","meta":{"_coblocks_attr":"","_coblocks_dimensions":"","_coblocks_responsive_height":"","_coblocks_accordion_ie_support":"","_crdt_document":"","advanced_seo_description":"","jetpack_seo_html_title":"","jetpack_seo_noindex":false,"_jetpack_memberships_contains_paid_content":false,"footnotes":""},"categories":[19,209,7],"tags":[],"class_list":["post-90248","post","type-post","status-publish","format-standard","has-post-thumbnail","hentry","category-colima","category-importantes","category-noticias"],"jetpack_featured_media_url":"https:\/\/diarioavanzada.com.mx\/wp-content\/uploads\/2025\/06\/Clases-COIL-COIL-en-Artes-Visuales-entre-Mexico-y-Chile.jpg","jetpack-related-posts":[],"jetpack_sharing_enabled":true,"amp_enabled":true,"_links":{"self":[{"href":"https:\/\/diarioavanzada.com.mx\/index.php?rest_route=\/wp\/v2\/posts\/90248","targetHints":{"allow":["GET"]}}],"collection":[{"href":"https:\/\/diarioavanzada.com.mx\/index.php?rest_route=\/wp\/v2\/posts"}],"about":[{"href":"https:\/\/diarioavanzada.com.mx\/index.php?rest_route=\/wp\/v2\/types\/post"}],"author":[{"embeddable":true,"href":"https:\/\/diarioavanzada.com.mx\/index.php?rest_route=\/wp\/v2\/users\/7"}],"replies":[{"embeddable":true,"href":"https:\/\/diarioavanzada.com.mx\/index.php?rest_route=%2Fwp%2Fv2%2Fcomments&post=90248"}],"version-history":[{"count":4,"href":"https:\/\/diarioavanzada.com.mx\/index.php?rest_route=\/wp\/v2\/posts\/90248\/revisions"}],"predecessor-version":[{"id":90256,"href":"https:\/\/diarioavanzada.com.mx\/index.php?rest_route=\/wp\/v2\/posts\/90248\/revisions\/90256"}],"wp:featuredmedia":[{"embeddable":true,"href":"https:\/\/diarioavanzada.com.mx\/index.php?rest_route=\/wp\/v2\/media\/90251"}],"wp:attachment":[{"href":"https:\/\/diarioavanzada.com.mx\/index.php?rest_route=%2Fwp%2Fv2%2Fmedia&parent=90248"}],"wp:term":[{"taxonomy":"category","embeddable":true,"href":"https:\/\/diarioavanzada.com.mx\/index.php?rest_route=%2Fwp%2Fv2%2Fcategories&post=90248"},{"taxonomy":"post_tag","embeddable":true,"href":"https:\/\/diarioavanzada.com.mx\/index.php?rest_route=%2Fwp%2Fv2%2Ftags&post=90248"}],"curies":[{"name":"wp","href":"https:\/\/api.w.org\/{rel}","templated":true}]}}