{"id":90168,"date":"2025-06-13T10:50:56","date_gmt":"2025-06-13T16:50:56","guid":{"rendered":"https:\/\/diarioavanzada.com.mx\/?p=90168"},"modified":"2025-06-13T10:53:52","modified_gmt":"2025-06-13T16:53:52","slug":"riult-rivera-acusa-guerra-sucia-tras-resultados-favorables-en-encuesta-de-rubrum","status":"publish","type":"post","link":"https:\/\/diarioavanzada.com.mx\/?p=90168","title":{"rendered":"Riult Rivera acusa \u201cguerra sucia\u201d tras resultados favorables en encuesta"},"content":{"rendered":"\n<p class=\"p1 wp-block-paragraph\">Colima, M\u00e9xico, Avanzada (13\/06\/2025).- El presidente municipal de Colima, Riult Rivera, denunci\u00f3 p\u00fablicamente una campa\u00f1a de \u201cguerra sucia\u201d en su contra, impulsada \u2014dijo\u2014 por intereses pol\u00edtico-partidistas que se sintieron afectados por los recientes resultados de una encuesta nacional realizada por la empresa Rubrum, donde su administraci\u00f3n fue ubicada entre las 10 mejor evaluadas del pa\u00eds.<\/p>\n\n\n\n<p class=\"p1 wp-block-paragraph\">En un mensaje dirigido a la ciudadan\u00eda, Rivera aclar\u00f3 que las llamadas telef\u00f3nicas que se han realizado bajo el nombre de la encuestadora \u201cRubrum\u201d no fueron generadas por su gobierno ni tienen relaci\u00f3n con dicha empresa. \u201cSolo buscan da\u00f1ar y demeritar nuestro trabajo\u201d, se\u00f1al\u00f3.<\/p>\n\n\n\n<p class=\"p1 wp-block-paragraph\">El alcalde atribuy\u00f3 estas acciones a intereses \u201cperversos\u201d que pretenden ensuciar la imagen de su administraci\u00f3n. No obstante, asegur\u00f3 que no caer\u00e1n en distracciones ni en la l\u00f3gica de los ataques: \u201cNuestra prioridad seguir\u00e1 siendo trabajar con honestidad, transparencia y dedicaci\u00f3n\u201d.<\/p>\n\n\n\n<p class=\"p1 wp-block-paragraph\">Rivera exhort\u00f3 a la poblaci\u00f3n a no dejarse enga\u00f1ar, mantenerse informada a trav\u00e9s de canales oficiales y evitar compartir datos personales ante llamadas sospechosas.<\/p>\n\n\n\n<p class=\"p1 wp-block-paragraph\"><\/p>\n<div class=\"fb-background-color\">\n\t\t\t  <div \n\t\t\t  \tclass = \"fb-comments\" \n\t\t\t  \tdata-href = \"https:\/\/diarioavanzada.com.mx\/?p=90168\"\n\t\t\t  \tdata-numposts = \"10\"\n\t\t\t  \tdata-lazy = \"true\"\n\t\t\t\tdata-colorscheme = \"light\"\n\t\t\t\tdata-order-by = \"social\"\n\t\t\t\tdata-mobile=true>\n\t\t\t  <\/div><\/div>\n\t\t  <style>\n\t\t    .fb-background-color {\n\t\t\t\tbackground:  !important;\n\t\t\t}\n\t\t\t.fb_iframe_widget_fluid_desktop iframe {\n\t\t\t    width: 100% !important;\n\t\t\t}\n\t\t  <\/style>\n\t\t  ","protected":false},"excerpt":{"rendered":"<p>Colima, M\u00e9xico, Avanzada (13\/06\/2025).- El presidente municipal de Colima, Riult Rivera, denunci\u00f3 p\u00fablicamente una campa\u00f1a de \u201cguerra sucia\u201d en su contra, impulsada \u2014dijo\u2014 por intereses pol\u00edtico-partidistas que se sintieron afectados por los recientes resultados de una encuesta nacional realizada por la empresa Rubrum, donde su administraci\u00f3n fue ubicada entre las 10 mejor evaluadas del pa\u00eds. [&hellip;]<\/p>\n","protected":false},"author":7,"featured_media":90167,"comment_status":"closed","ping_status":"closed","sticky":false,"template":"","format":"standard","meta":{"_coblocks_attr":"","_coblocks_dimensions":"","_coblocks_responsive_height":"","_coblocks_accordion_ie_support":"","_crdt_document":"","advanced_seo_description":"","jetpack_seo_html_title":"","jetpack_seo_noindex":false,"_jetpack_memberships_contains_paid_content":false,"footnotes":""},"categories":[19,209,7],"tags":[210],"class_list":["post-90168","post","type-post","status-publish","format-standard","has-post-thumbnail","hentry","category-colima","category-importantes","category-noticias","tag-portada"],"jetpack_featured_media_url":"https:\/\/diarioavanzada.com.mx\/wp-content\/uploads\/2025\/06\/img_4606-1.jpg","jetpack-related-posts":[],"jetpack_sharing_enabled":true,"amp_enabled":true,"_links":{"self":[{"href":"https:\/\/diarioavanzada.com.mx\/index.php?rest_route=\/wp\/v2\/posts\/90168","targetHints":{"allow":["GET"]}}],"collection":[{"href":"https:\/\/diarioavanzada.com.mx\/index.php?rest_route=\/wp\/v2\/posts"}],"about":[{"href":"https:\/\/diarioavanzada.com.mx\/index.php?rest_route=\/wp\/v2\/types\/post"}],"author":[{"embeddable":true,"href":"https:\/\/diarioavanzada.com.mx\/index.php?rest_route=\/wp\/v2\/users\/7"}],"replies":[{"embeddable":true,"href":"https:\/\/diarioavanzada.com.mx\/index.php?rest_route=%2Fwp%2Fv2%2Fcomments&post=90168"}],"version-history":[{"count":2,"href":"https:\/\/diarioavanzada.com.mx\/index.php?rest_route=\/wp\/v2\/posts\/90168\/revisions"}],"predecessor-version":[{"id":90170,"href":"https:\/\/diarioavanzada.com.mx\/index.php?rest_route=\/wp\/v2\/posts\/90168\/revisions\/90170"}],"wp:featuredmedia":[{"embeddable":true,"href":"https:\/\/diarioavanzada.com.mx\/index.php?rest_route=\/wp\/v2\/media\/90167"}],"wp:attachment":[{"href":"https:\/\/diarioavanzada.com.mx\/index.php?rest_route=%2Fwp%2Fv2%2Fmedia&parent=90168"}],"wp:term":[{"taxonomy":"category","embeddable":true,"href":"https:\/\/diarioavanzada.com.mx\/index.php?rest_route=%2Fwp%2Fv2%2Fcategories&post=90168"},{"taxonomy":"post_tag","embeddable":true,"href":"https:\/\/diarioavanzada.com.mx\/index.php?rest_route=%2Fwp%2Fv2%2Ftags&post=90168"}],"curies":[{"name":"wp","href":"https:\/\/api.w.org\/{rel}","templated":true}]}}