{"id":90025,"date":"2025-06-12T16:36:25","date_gmt":"2025-06-12T22:36:25","guid":{"rendered":"https:\/\/diarioavanzada.com.mx\/?p=90025"},"modified":"2025-06-13T07:28:56","modified_gmt":"2025-06-13T13:28:56","slug":"detienen-a-sacerdote-de-los-legionarios-de-cristo-por-presunto-abuso-sexual-cometido-hace-20-anos","status":"publish","type":"post","link":"https:\/\/diarioavanzada.com.mx\/?p=90025","title":{"rendered":"Detienen a sacerdote de los Legionarios de Cristo por presunto abuso sexual cometido hace 20 a\u00f1os"},"content":{"rendered":"\n<p class=\"p1 wp-block-paragraph\">M\u00e9xico, Avanzada (12\/06\/2025).- Un sacerdote perteneciente a la Congregaci\u00f3n de los Legionarios de Cristo fue detenido la noche del 11 de junio por autoridades civiles, tras una denuncia por presunto abuso sexual contra un menor de edad, hecho que habr\u00eda ocurrido hace aproximadamente dos d\u00e9cadas, inform\u00f3 oficialmente la organizaci\u00f3n religiosa mediante un comunicado.<\/p>\n\n\n\n<p class=\"p1 wp-block-paragraph\">De acuerdo con el documento difundido este 12 de junio, la congregaci\u00f3n afirm\u00f3 que desde que tuvieron conocimiento del caso han intentado esclarecer la situaci\u00f3n. Sin embargo, se\u00f1alaron que hasta el momento no han recibido informaci\u00f3n oficial por parte de las autoridades.<\/p>\n\n\n\n<p class=\"p1 wp-block-paragraph\">\u201cEstamos en plena disposici\u00f3n para colaborar con las autoridades civiles para el esclarecimiento de la denuncia\u201d, indicaron los Legionarios de Cristo, quienes tambi\u00e9n reiteraron su compromiso con la protecci\u00f3n de menores y personas vulnerables, as\u00ed como con una cultura de prevenci\u00f3n y transparencia.<\/p>\n\n\n\n<p class=\"p1 wp-block-paragraph\">El comunicado, firmado por Pablo P\u00e9rez de la Vega, responsable de Comunicaci\u00f3n Institucional del Territorio de M\u00e9xico y Centroam\u00e9rica, no precisa el nombre del sacerdote detenido ni el lugar donde ocurrieron los hechos, aunque s\u00ed resalta que la denuncia corresponde a una situaci\u00f3n ocurrida aproximadamente hace 20 a\u00f1os.<\/p>\n\n\n\n<p class=\"p1 wp-block-paragraph\">Este nuevo caso se suma a otros se\u00f1alamientos hist\u00f3ricos de abuso sexual dentro de la misma congregaci\u00f3n, lo que vuelve a poner en el centro del debate la necesidad de mayor rendici\u00f3n de cuentas por parte de instituciones religiosas.<\/p>\n\n\n\n<p class=\"p1 wp-block-paragraph\"><\/p>\n<div class=\"fb-background-color\">\n\t\t\t  <div \n\t\t\t  \tclass = \"fb-comments\" \n\t\t\t  \tdata-href = \"https:\/\/diarioavanzada.com.mx\/?p=90025\"\n\t\t\t  \tdata-numposts = \"10\"\n\t\t\t  \tdata-lazy = \"true\"\n\t\t\t\tdata-colorscheme = \"light\"\n\t\t\t\tdata-order-by = \"social\"\n\t\t\t\tdata-mobile=true>\n\t\t\t  <\/div><\/div>\n\t\t  <style>\n\t\t    .fb-background-color {\n\t\t\t\tbackground:  !important;\n\t\t\t}\n\t\t\t.fb_iframe_widget_fluid_desktop iframe {\n\t\t\t    width: 100% !important;\n\t\t\t}\n\t\t  <\/style>\n\t\t  ","protected":false},"excerpt":{"rendered":"<p>M\u00e9xico, Avanzada (12\/06\/2025).- Un sacerdote perteneciente a la Congregaci\u00f3n de los Legionarios de Cristo fue detenido la noche del 11 de junio por autoridades civiles, tras una denuncia por presunto abuso sexual contra un menor de edad, hecho que habr\u00eda ocurrido hace aproximadamente dos d\u00e9cadas, inform\u00f3 oficialmente la organizaci\u00f3n religiosa mediante un comunicado. De acuerdo [&hellip;]<\/p>\n","protected":false},"author":7,"featured_media":90029,"comment_status":"closed","ping_status":"closed","sticky":false,"template":"","format":"standard","meta":{"_coblocks_attr":"","_coblocks_dimensions":"","_coblocks_responsive_height":"","_coblocks_accordion_ie_support":"","_crdt_document":"","advanced_seo_description":"","jetpack_seo_html_title":"","jetpack_seo_noindex":false,"_jetpack_memberships_contains_paid_content":false,"footnotes":""},"categories":[209,7,231],"tags":[],"class_list":["post-90025","post","type-post","status-publish","format-standard","has-post-thumbnail","hentry","category-importantes","category-noticias","category-seguridad"],"jetpack_featured_media_url":"https:\/\/diarioavanzada.com.mx\/wp-content\/uploads\/2025\/06\/img_3212-8-1.png","jetpack-related-posts":[],"jetpack_sharing_enabled":true,"amp_enabled":true,"_links":{"self":[{"href":"https:\/\/diarioavanzada.com.mx\/index.php?rest_route=\/wp\/v2\/posts\/90025","targetHints":{"allow":["GET"]}}],"collection":[{"href":"https:\/\/diarioavanzada.com.mx\/index.php?rest_route=\/wp\/v2\/posts"}],"about":[{"href":"https:\/\/diarioavanzada.com.mx\/index.php?rest_route=\/wp\/v2\/types\/post"}],"author":[{"embeddable":true,"href":"https:\/\/diarioavanzada.com.mx\/index.php?rest_route=\/wp\/v2\/users\/7"}],"replies":[{"embeddable":true,"href":"https:\/\/diarioavanzada.com.mx\/index.php?rest_route=%2Fwp%2Fv2%2Fcomments&post=90025"}],"version-history":[{"count":1,"href":"https:\/\/diarioavanzada.com.mx\/index.php?rest_route=\/wp\/v2\/posts\/90025\/revisions"}],"predecessor-version":[{"id":90028,"href":"https:\/\/diarioavanzada.com.mx\/index.php?rest_route=\/wp\/v2\/posts\/90025\/revisions\/90028"}],"wp:featuredmedia":[{"embeddable":true,"href":"https:\/\/diarioavanzada.com.mx\/index.php?rest_route=\/wp\/v2\/media\/90029"}],"wp:attachment":[{"href":"https:\/\/diarioavanzada.com.mx\/index.php?rest_route=%2Fwp%2Fv2%2Fmedia&parent=90025"}],"wp:term":[{"taxonomy":"category","embeddable":true,"href":"https:\/\/diarioavanzada.com.mx\/index.php?rest_route=%2Fwp%2Fv2%2Fcategories&post=90025"},{"taxonomy":"post_tag","embeddable":true,"href":"https:\/\/diarioavanzada.com.mx\/index.php?rest_route=%2Fwp%2Fv2%2Ftags&post=90025"}],"curies":[{"name":"wp","href":"https:\/\/api.w.org\/{rel}","templated":true}]}}