{"id":89996,"date":"2025-06-12T09:55:54","date_gmt":"2025-06-12T15:55:54","guid":{"rendered":"https:\/\/diarioavanzada.com.mx\/?p=89996"},"modified":"2025-06-12T09:55:54","modified_gmt":"2025-06-12T15:55:54","slug":"sin-aire-acondicionado-en-hospital-materno-infantil-del-imss-bienestar-de-villa-de-alvarez","status":"publish","type":"post","link":"https:\/\/diarioavanzada.com.mx\/?p=89996","title":{"rendered":"Sin aire acondicionado en Hospital Materno Infantil del IMSS-Bienestar de Villa de \u00c1lvarez"},"content":{"rendered":"\n<p class=\"p1 wp-block-paragraph\">Colima, M\u00e9xico, Avanzada (12\/06\/2025).- Familiares de pacientes internados en el hospital materno infantil del IMSS-Bienestar en Villa de \u00c1lvarez denunciaron la falta de aire acondicionado en el \u00e1rea de hospitalizaci\u00f3n, una situaci\u00f3n que, aseguran, se ha prolongado por m\u00e1s de diez d\u00edas y que en medio de las altas temperaturas representa un riesgo para la salud de los internados y para el personal m\u00e9dico.<\/p>\n\n\n\n<p class=\"p1 wp-block-paragraph\">Ante lo insoportable del calor, las autoridades del hospital autorizaron a los familiares a llevar ventiladores port\u00e1tiles. Sin embargo, estos resultan insuficientes y, en un intento por mejorar la ventilaci\u00f3n, se han dejado abiertas las puertas de las salas, lo que ha provocado la entrada de insectos, poniendo en riesgo la higiene y la seguridad sanitaria del \u00e1rea.<\/p>\n\n\n\n<p class=\"p1 wp-block-paragraph\">La ausencia de aire acondicionado en zonas hospitalarias puede tener consecuencias graves. Pacientes con enfermedades cr\u00f3nicas o inmunodeprimidos pueden descompensarse, y el ambiente c\u00e1lido y h\u00famedo favorece la proliferaci\u00f3n de bacterias, hongos y virus, elevando el riesgo de infecciones intrahospitalarias. Tambi\u00e9n compromete el funcionamiento de algunos equipos m\u00e9dicos y el almacenamiento adecuado de medicamentos.<\/p>\n\n\n\n<p class=\"p1 wp-block-paragraph\">Adem\u00e1s, las condiciones extremas afectan la capacidad del personal para trabajar de manera segura y eficaz, pues el calor prolongado puede provocar fatiga, errores en la atenci\u00f3n y disminuir la calidad del servicio.<\/p>\n\n\n\n<p class=\"p1 wp-block-paragraph\">Las familias afectadas hicieron un llamado urgente a las autoridades del IMSS-Bienestar para que atiendan de inmediato esta situaci\u00f3n, pues consideran que se pone en riesgo la integridad f\u00edsica de los pacientes y se transgreden los est\u00e1ndares b\u00e1sicos de calidad en la atenci\u00f3n m\u00e9dica.<\/p>\n\n\n\n<p class=\"p1 wp-block-paragraph\"><\/p>\n<div class=\"fb-background-color\">\n\t\t\t  <div \n\t\t\t  \tclass = \"fb-comments\" \n\t\t\t  \tdata-href = \"https:\/\/diarioavanzada.com.mx\/?p=89996\"\n\t\t\t  \tdata-numposts = \"10\"\n\t\t\t  \tdata-lazy = \"true\"\n\t\t\t\tdata-colorscheme = \"light\"\n\t\t\t\tdata-order-by = \"social\"\n\t\t\t\tdata-mobile=true>\n\t\t\t  <\/div><\/div>\n\t\t  <style>\n\t\t    .fb-background-color {\n\t\t\t\tbackground:  !important;\n\t\t\t}\n\t\t\t.fb_iframe_widget_fluid_desktop iframe {\n\t\t\t    width: 100% !important;\n\t\t\t}\n\t\t  <\/style>\n\t\t  ","protected":false},"excerpt":{"rendered":"<p>Colima, M\u00e9xico, Avanzada (12\/06\/2025).- Familiares de pacientes internados en el hospital materno infantil del IMSS-Bienestar en Villa de \u00c1lvarez denunciaron la falta de aire acondicionado en el \u00e1rea de hospitalizaci\u00f3n, una situaci\u00f3n que, aseguran, se ha prolongado por m\u00e1s de diez d\u00edas y que en medio de las altas temperaturas representa un riesgo para la [&hellip;]<\/p>\n","protected":false},"author":7,"featured_media":89995,"comment_status":"closed","ping_status":"closed","sticky":false,"template":"","format":"standard","meta":{"_coblocks_attr":"","_coblocks_dimensions":"","_coblocks_responsive_height":"","_coblocks_accordion_ie_support":"","_crdt_document":"","advanced_seo_description":"","jetpack_seo_html_title":"","jetpack_seo_noindex":false,"_jetpack_memberships_contains_paid_content":false,"footnotes":""},"categories":[19,209,7,27],"tags":[210],"class_list":["post-89996","post","type-post","status-publish","format-standard","has-post-thumbnail","hentry","category-colima","category-importantes","category-noticias","category-salud","tag-portada"],"jetpack_featured_media_url":"https:\/\/diarioavanzada.com.mx\/wp-content\/uploads\/2025\/06\/img_4553-1.jpg","jetpack-related-posts":[],"jetpack_sharing_enabled":true,"amp_enabled":true,"_links":{"self":[{"href":"https:\/\/diarioavanzada.com.mx\/index.php?rest_route=\/wp\/v2\/posts\/89996","targetHints":{"allow":["GET"]}}],"collection":[{"href":"https:\/\/diarioavanzada.com.mx\/index.php?rest_route=\/wp\/v2\/posts"}],"about":[{"href":"https:\/\/diarioavanzada.com.mx\/index.php?rest_route=\/wp\/v2\/types\/post"}],"author":[{"embeddable":true,"href":"https:\/\/diarioavanzada.com.mx\/index.php?rest_route=\/wp\/v2\/users\/7"}],"replies":[{"embeddable":true,"href":"https:\/\/diarioavanzada.com.mx\/index.php?rest_route=%2Fwp%2Fv2%2Fcomments&post=89996"}],"version-history":[{"count":0,"href":"https:\/\/diarioavanzada.com.mx\/index.php?rest_route=\/wp\/v2\/posts\/89996\/revisions"}],"wp:featuredmedia":[{"embeddable":true,"href":"https:\/\/diarioavanzada.com.mx\/index.php?rest_route=\/wp\/v2\/media\/89995"}],"wp:attachment":[{"href":"https:\/\/diarioavanzada.com.mx\/index.php?rest_route=%2Fwp%2Fv2%2Fmedia&parent=89996"}],"wp:term":[{"taxonomy":"category","embeddable":true,"href":"https:\/\/diarioavanzada.com.mx\/index.php?rest_route=%2Fwp%2Fv2%2Fcategories&post=89996"},{"taxonomy":"post_tag","embeddable":true,"href":"https:\/\/diarioavanzada.com.mx\/index.php?rest_route=%2Fwp%2Fv2%2Ftags&post=89996"}],"curies":[{"name":"wp","href":"https:\/\/api.w.org\/{rel}","templated":true}]}}