{"id":89800,"date":"2025-06-10T21:43:37","date_gmt":"2025-06-11T03:43:37","guid":{"rendered":"https:\/\/diarioavanzada.com.mx\/?p=89800"},"modified":"2025-06-10T21:43:37","modified_gmt":"2025-06-11T03:43:37","slug":"lorenzo-meyer-se-despide-de-aristegui-noticias-luego-de-una-decada-como-colaborador","status":"publish","type":"post","link":"https:\/\/diarioavanzada.com.mx\/?p=89800","title":{"rendered":"Lorenzo Meyer se despide de Aristegui Noticias luego de una d\u00e9cada como colaborador"},"content":{"rendered":"\n<p class=\"p1 wp-block-paragraph\">M\u00e9xico, Avanzada (10\/06\/2025).- El reconocido historiador y analista pol\u00edtico Lorenzo Meyer anunci\u00f3 este lunes el fin de su colaboraci\u00f3n con el equipo de Aristegui Noticias, luego de m\u00e1s de diez a\u00f1os de participaci\u00f3n constante en el espacio encabezado por la periodista Carmen Aristegui.<\/p>\n\n\n\n<p class=\"p1 wp-block-paragraph\">En una carta le\u00edda al aire por Aristegui, Meyer explic\u00f3 que su decisi\u00f3n responde a un cambio de contexto en el pa\u00eds y a la percepci\u00f3n de que sus intervenciones ya no encuentran el mismo eco entre la audiencia del programa. \u201cLas circunstancias del pa\u00eds han cambiado de manera sustantiva\u201d, se\u00f1al\u00f3, y agreg\u00f3 que su participaci\u00f3n \u201cha perdido sentido\u201d.<\/p>\n\n\n\n<p class=\"p1 wp-block-paragraph\">Meyer expres\u00f3 su agradecimiento a Carmen Aristegui por la disposici\u00f3n a escuchar y tomar en cuenta sus opiniones a lo largo del tiempo compartido, as\u00ed como a la audiencia y a los colaboradores del espacio informativo. \u201cGracias a quienes escucharon, comentaron y acompa\u00f1aron mis intervenciones\u201d, escribi\u00f3.<\/p>\n\n\n\n<p class=\"p1 wp-block-paragraph\">El acad\u00e9mico cerr\u00f3 su mensaje reiterando su compromiso con una mirada cr\u00edtica sobre la realidad nacional e internacional, orientada por la historia, la justicia social y los valores democr\u00e1ticos. \u201cMe retiro de este espacio con gratitud. Le deseo lo mejor a Carmen y a su audiencia\u201d.<\/p>\n\n\n\n<p class=\"p1 wp-block-paragraph\">c: El historiador Lorenzo Meyer anunci\u00f3 su salida de Aristegui Noticias, se\u00f1alando que su voz ya no resuena como antes entre la audiencia del programa.<\/p>\n<div class=\"fb-background-color\">\n\t\t\t  <div \n\t\t\t  \tclass = \"fb-comments\" \n\t\t\t  \tdata-href = \"https:\/\/diarioavanzada.com.mx\/?p=89800\"\n\t\t\t  \tdata-numposts = \"10\"\n\t\t\t  \tdata-lazy = \"true\"\n\t\t\t\tdata-colorscheme = \"light\"\n\t\t\t\tdata-order-by = \"social\"\n\t\t\t\tdata-mobile=true>\n\t\t\t  <\/div><\/div>\n\t\t  <style>\n\t\t    .fb-background-color {\n\t\t\t\tbackground:  !important;\n\t\t\t}\n\t\t\t.fb_iframe_widget_fluid_desktop iframe {\n\t\t\t    width: 100% !important;\n\t\t\t}\n\t\t  <\/style>\n\t\t  ","protected":false},"excerpt":{"rendered":"<p>M\u00e9xico, Avanzada (10\/06\/2025).- El reconocido historiador y analista pol\u00edtico Lorenzo Meyer anunci\u00f3 este lunes el fin de su colaboraci\u00f3n con el equipo de Aristegui Noticias, luego de m\u00e1s de diez a\u00f1os de participaci\u00f3n constante en el espacio encabezado por la periodista Carmen Aristegui. En una carta le\u00edda al aire por Aristegui, Meyer explic\u00f3 que su [&hellip;]<\/p>\n","protected":false},"author":7,"featured_media":89799,"comment_status":"closed","ping_status":"closed","sticky":false,"template":"","format":"standard","meta":{"_coblocks_attr":"","_coblocks_dimensions":"","_coblocks_responsive_height":"","_coblocks_accordion_ie_support":"","_crdt_document":"","advanced_seo_description":"","jetpack_seo_html_title":"","jetpack_seo_noindex":false,"_jetpack_memberships_contains_paid_content":false,"footnotes":""},"categories":[209,22,7],"tags":[210],"class_list":["post-89800","post","type-post","status-publish","format-standard","has-post-thumbnail","hentry","category-importantes","category-nacion","category-noticias","tag-portada"],"jetpack_featured_media_url":"https:\/\/diarioavanzada.com.mx\/wp-content\/uploads\/2025\/06\/img_4432-1.jpg","jetpack-related-posts":[],"jetpack_sharing_enabled":true,"amp_enabled":true,"_links":{"self":[{"href":"https:\/\/diarioavanzada.com.mx\/index.php?rest_route=\/wp\/v2\/posts\/89800","targetHints":{"allow":["GET"]}}],"collection":[{"href":"https:\/\/diarioavanzada.com.mx\/index.php?rest_route=\/wp\/v2\/posts"}],"about":[{"href":"https:\/\/diarioavanzada.com.mx\/index.php?rest_route=\/wp\/v2\/types\/post"}],"author":[{"embeddable":true,"href":"https:\/\/diarioavanzada.com.mx\/index.php?rest_route=\/wp\/v2\/users\/7"}],"replies":[{"embeddable":true,"href":"https:\/\/diarioavanzada.com.mx\/index.php?rest_route=%2Fwp%2Fv2%2Fcomments&post=89800"}],"version-history":[{"count":0,"href":"https:\/\/diarioavanzada.com.mx\/index.php?rest_route=\/wp\/v2\/posts\/89800\/revisions"}],"wp:featuredmedia":[{"embeddable":true,"href":"https:\/\/diarioavanzada.com.mx\/index.php?rest_route=\/wp\/v2\/media\/89799"}],"wp:attachment":[{"href":"https:\/\/diarioavanzada.com.mx\/index.php?rest_route=%2Fwp%2Fv2%2Fmedia&parent=89800"}],"wp:term":[{"taxonomy":"category","embeddable":true,"href":"https:\/\/diarioavanzada.com.mx\/index.php?rest_route=%2Fwp%2Fv2%2Fcategories&post=89800"},{"taxonomy":"post_tag","embeddable":true,"href":"https:\/\/diarioavanzada.com.mx\/index.php?rest_route=%2Fwp%2Fv2%2Ftags&post=89800"}],"curies":[{"name":"wp","href":"https:\/\/api.w.org\/{rel}","templated":true}]}}