{"id":89774,"date":"2025-06-10T19:33:00","date_gmt":"2025-06-11T01:33:00","guid":{"rendered":"https:\/\/diarioavanzada.com.mx\/?p=89774"},"modified":"2025-06-10T19:33:04","modified_gmt":"2025-06-11T01:33:04","slug":"estudiantes-promueven-la-diversidad-cultural-mundial-en-la-international-fair","status":"publish","type":"post","link":"https:\/\/diarioavanzada.com.mx\/?p=89774","title":{"rendered":"Estudiantes promueven la diversidad cultural mundial en la \u201cInternational Fair\u201d"},"content":{"rendered":"\n<p class=\"wp-block-paragraph\"><em>La actividad acad\u00e9mica fortaleci\u00f3 habilidades comunicativas en ingl\u00e9s mientras acerc\u00f3 tradiciones de seis pa\u00edses a la comunidad estudiantil.<\/em><\/p>\n\n\n\n<p class=\"wp-block-paragraph\">Colima, M\u00e9xico, Comunicado (10\/06\/2025).- Estudiantes del Bachillerato 4 de la Universidad de Colima llevaron a cabo en estos d\u00edas el proyecto \u201cInternational Fair\u201d, una exposici\u00f3n cultural que recre\u00f3 las tradiciones, gastronom\u00eda y costumbres de seis pa\u00edses mediante stands tem\u00e1ticos que transportaron a los visitantes a diferentes rincones del mundo.<\/p>\n\n\n\n<p class=\"wp-block-paragraph\">La iniciativa, desarrollada como parte de la asignatura de <em>Ingl\u00e9s IV<\/em>, permiti\u00f3 al estudiantado practicar este idioma mediante presentaciones orales, al tiempo que desarroll\u00f3 competencias como el trabajo en equipo, liderazgo, la tolerancia, creatividad y capacidad organizativa.<\/p>\n\n\n\n<p class=\"wp-block-paragraph\">Asistieron al evento: Carlos Alberto Montes, delegado de Villa de \u00c1lvarez; Jorge Silva, por parte de la Direcci\u00f3n General de Educaci\u00f3n Media Superior; Flor Silva, de la Oficina de Internacionalizaci\u00f3n y Cooperaci\u00f3n Acad\u00e9mica; Elisa Quiles, directora de la Facultad de Lenguas Extranjeras; C\u00e9sar Alejandro Meza, director del bachillerato 4 y Jaime Novela, presidente de la FEC.<\/p>\n\n\n\n<p class=\"wp-block-paragraph\">Los y las asistentes conocieron las particularidades culturales de Irlanda, Jamaica, Canad\u00e1, Nueva Zelanda, Sud\u00e1frica e Inglaterra a trav\u00e9s de stands creativos que incluyeron muestras gastron\u00f3micas, vestimenta tradicional, m\u00fasica y expresiones art\u00edsticas t\u00edpicas de cada naci\u00f3n.<\/p>\n\n\n\n<p class=\"wp-block-paragraph\">Coordin\u00f3 el proyecto Samantha Lizette V\u00e1zquez M\u00e1rquez, docente de ingl\u00e9s, quien destac\u00f3 el valor pedag\u00f3gico de esta metodolog\u00eda experiencial para el aprendizaje del idioma. La estrategia, a\u00f1adi\u00f3, combina el desarrollo de competencias ling\u00fc\u00edsticas con la promoci\u00f3n del entendimiento intercultural, preparando a los y las estudiantes para un mundo cada vez m\u00e1s globalizado.<\/p>\n\n\n\n<figure class=\"wp-block-image size-large\"><img loading=\"lazy\" decoding=\"async\" width=\"1024\" height=\"768\" src=\"https:\/\/diarioavanzada.com.mx\/wp-content\/uploads\/2025\/06\/Feria-internacional-en-el-Bachillerato-4_a-1024x768.jpg\" alt=\"\" class=\"wp-image-89776\" srcset=\"https:\/\/diarioavanzada.com.mx\/wp-content\/uploads\/2025\/06\/Feria-internacional-en-el-Bachillerato-4_a-1024x768.jpg 1024w, https:\/\/diarioavanzada.com.mx\/wp-content\/uploads\/2025\/06\/Feria-internacional-en-el-Bachillerato-4_a-300x225.jpg 300w, https:\/\/diarioavanzada.com.mx\/wp-content\/uploads\/2025\/06\/Feria-internacional-en-el-Bachillerato-4_a-768x576.jpg 768w, https:\/\/diarioavanzada.com.mx\/wp-content\/uploads\/2025\/06\/Feria-internacional-en-el-Bachillerato-4_a-800x600.jpg?crop=1 800w, https:\/\/diarioavanzada.com.mx\/wp-content\/uploads\/2025\/06\/Feria-internacional-en-el-Bachillerato-4_a-600x450.jpg?crop=1 600w, https:\/\/diarioavanzada.com.mx\/wp-content\/uploads\/2025\/06\/Feria-internacional-en-el-Bachillerato-4_a-400x300.jpg?crop=1 400w, https:\/\/diarioavanzada.com.mx\/wp-content\/uploads\/2025\/06\/Feria-internacional-en-el-Bachillerato-4_a-200x150.jpg?crop=1 200w, https:\/\/diarioavanzada.com.mx\/wp-content\/uploads\/2025\/06\/Feria-internacional-en-el-Bachillerato-4_a.jpg 1154w\" sizes=\"auto, (max-width: 1024px) 100vw, 1024px\" \/><\/figure>\n\n\n\n<figure class=\"wp-block-image size-large\"><img loading=\"lazy\" decoding=\"async\" width=\"1024\" height=\"768\" src=\"https:\/\/diarioavanzada.com.mx\/wp-content\/uploads\/2025\/06\/Feria-internacional-en-el-Bachillerato-4-1024x768.jpg\" alt=\"\" class=\"wp-image-89777\" srcset=\"https:\/\/diarioavanzada.com.mx\/wp-content\/uploads\/2025\/06\/Feria-internacional-en-el-Bachillerato-4-1024x768.jpg 1024w, https:\/\/diarioavanzada.com.mx\/wp-content\/uploads\/2025\/06\/Feria-internacional-en-el-Bachillerato-4-300x225.jpg 300w, https:\/\/diarioavanzada.com.mx\/wp-content\/uploads\/2025\/06\/Feria-internacional-en-el-Bachillerato-4-768x576.jpg 768w, https:\/\/diarioavanzada.com.mx\/wp-content\/uploads\/2025\/06\/Feria-internacional-en-el-Bachillerato-4-800x600.jpg?crop=1 800w, https:\/\/diarioavanzada.com.mx\/wp-content\/uploads\/2025\/06\/Feria-internacional-en-el-Bachillerato-4-600x450.jpg?crop=1 600w, https:\/\/diarioavanzada.com.mx\/wp-content\/uploads\/2025\/06\/Feria-internacional-en-el-Bachillerato-4-400x300.jpg?crop=1 400w, https:\/\/diarioavanzada.com.mx\/wp-content\/uploads\/2025\/06\/Feria-internacional-en-el-Bachillerato-4-200x150.jpg?crop=1 200w, https:\/\/diarioavanzada.com.mx\/wp-content\/uploads\/2025\/06\/Feria-internacional-en-el-Bachillerato-4.jpg 1154w\" sizes=\"auto, (max-width: 1024px) 100vw, 1024px\" \/><\/figure>\n\n\n\n<figure class=\"wp-block-image size-large\"><img loading=\"lazy\" decoding=\"async\" width=\"1024\" height=\"768\" src=\"https:\/\/diarioavanzada.com.mx\/wp-content\/uploads\/2025\/06\/Feria-internacional-en-el-Bachillerato-4_b-1024x768.jpg\" alt=\"\" class=\"wp-image-89778\" srcset=\"https:\/\/diarioavanzada.com.mx\/wp-content\/uploads\/2025\/06\/Feria-internacional-en-el-Bachillerato-4_b-1024x768.jpg 1024w, https:\/\/diarioavanzada.com.mx\/wp-content\/uploads\/2025\/06\/Feria-internacional-en-el-Bachillerato-4_b-300x225.jpg 300w, https:\/\/diarioavanzada.com.mx\/wp-content\/uploads\/2025\/06\/Feria-internacional-en-el-Bachillerato-4_b-768x576.jpg 768w, https:\/\/diarioavanzada.com.mx\/wp-content\/uploads\/2025\/06\/Feria-internacional-en-el-Bachillerato-4_b-800x600.jpg?crop=1 800w, https:\/\/diarioavanzada.com.mx\/wp-content\/uploads\/2025\/06\/Feria-internacional-en-el-Bachillerato-4_b-600x450.jpg?crop=1 600w, https:\/\/diarioavanzada.com.mx\/wp-content\/uploads\/2025\/06\/Feria-internacional-en-el-Bachillerato-4_b-400x300.jpg?crop=1 400w, https:\/\/diarioavanzada.com.mx\/wp-content\/uploads\/2025\/06\/Feria-internacional-en-el-Bachillerato-4_b-200x150.jpg?crop=1 200w, https:\/\/diarioavanzada.com.mx\/wp-content\/uploads\/2025\/06\/Feria-internacional-en-el-Bachillerato-4_b.jpg 1154w\" sizes=\"auto, (max-width: 1024px) 100vw, 1024px\" \/><\/figure>\n<div class=\"fb-background-color\">\n\t\t\t  <div \n\t\t\t  \tclass = \"fb-comments\" \n\t\t\t  \tdata-href = \"https:\/\/diarioavanzada.com.mx\/?p=89774\"\n\t\t\t  \tdata-numposts = \"10\"\n\t\t\t  \tdata-lazy = \"true\"\n\t\t\t\tdata-colorscheme = \"light\"\n\t\t\t\tdata-order-by = \"social\"\n\t\t\t\tdata-mobile=true>\n\t\t\t  <\/div><\/div>\n\t\t  <style>\n\t\t    .fb-background-color {\n\t\t\t\tbackground:  !important;\n\t\t\t}\n\t\t\t.fb_iframe_widget_fluid_desktop iframe {\n\t\t\t    width: 100% !important;\n\t\t\t}\n\t\t  <\/style>\n\t\t  ","protected":false},"excerpt":{"rendered":"<p>La actividad acad\u00e9mica fortaleci\u00f3 habilidades comunicativas en ingl\u00e9s mientras acerc\u00f3 tradiciones de seis pa\u00edses a la comunidad estudiantil. Colima, M\u00e9xico, Comunicado (10\/06\/2025).- Estudiantes del Bachillerato 4 de la Universidad de Colima llevaron a cabo en estos d\u00edas el proyecto \u201cInternational Fair\u201d, una exposici\u00f3n cultural que recre\u00f3 las tradiciones, gastronom\u00eda y costumbres de seis pa\u00edses mediante [&hellip;]<\/p>\n","protected":false},"author":7,"featured_media":89780,"comment_status":"closed","ping_status":"closed","sticky":false,"template":"","format":"standard","meta":{"_coblocks_attr":"","_coblocks_dimensions":"","_coblocks_responsive_height":"","_coblocks_accordion_ie_support":"","_crdt_document":"","advanced_seo_description":"","jetpack_seo_html_title":"","jetpack_seo_noindex":false,"_jetpack_memberships_contains_paid_content":false,"footnotes":""},"categories":[19,209,7],"tags":[],"class_list":["post-89774","post","type-post","status-publish","format-standard","has-post-thumbnail","hentry","category-colima","category-importantes","category-noticias"],"jetpack_featured_media_url":"https:\/\/diarioavanzada.com.mx\/wp-content\/uploads\/2025\/06\/Feria-internacional-en-el-Bachillerato-4_d.jpg","jetpack-related-posts":[],"jetpack_sharing_enabled":true,"amp_enabled":true,"_links":{"self":[{"href":"https:\/\/diarioavanzada.com.mx\/index.php?rest_route=\/wp\/v2\/posts\/89774","targetHints":{"allow":["GET"]}}],"collection":[{"href":"https:\/\/diarioavanzada.com.mx\/index.php?rest_route=\/wp\/v2\/posts"}],"about":[{"href":"https:\/\/diarioavanzada.com.mx\/index.php?rest_route=\/wp\/v2\/types\/post"}],"author":[{"embeddable":true,"href":"https:\/\/diarioavanzada.com.mx\/index.php?rest_route=\/wp\/v2\/users\/7"}],"replies":[{"embeddable":true,"href":"https:\/\/diarioavanzada.com.mx\/index.php?rest_route=%2Fwp%2Fv2%2Fcomments&post=89774"}],"version-history":[{"count":3,"href":"https:\/\/diarioavanzada.com.mx\/index.php?rest_route=\/wp\/v2\/posts\/89774\/revisions"}],"predecessor-version":[{"id":89781,"href":"https:\/\/diarioavanzada.com.mx\/index.php?rest_route=\/wp\/v2\/posts\/89774\/revisions\/89781"}],"wp:featuredmedia":[{"embeddable":true,"href":"https:\/\/diarioavanzada.com.mx\/index.php?rest_route=\/wp\/v2\/media\/89780"}],"wp:attachment":[{"href":"https:\/\/diarioavanzada.com.mx\/index.php?rest_route=%2Fwp%2Fv2%2Fmedia&parent=89774"}],"wp:term":[{"taxonomy":"category","embeddable":true,"href":"https:\/\/diarioavanzada.com.mx\/index.php?rest_route=%2Fwp%2Fv2%2Fcategories&post=89774"},{"taxonomy":"post_tag","embeddable":true,"href":"https:\/\/diarioavanzada.com.mx\/index.php?rest_route=%2Fwp%2Fv2%2Ftags&post=89774"}],"curies":[{"name":"wp","href":"https:\/\/api.w.org\/{rel}","templated":true}]}}