{"id":89766,"date":"2025-06-10T19:27:38","date_gmt":"2025-06-11T01:27:38","guid":{"rendered":"https:\/\/diarioavanzada.com.mx\/?p=89766"},"modified":"2025-06-10T19:27:41","modified_gmt":"2025-06-11T01:27:41","slug":"realiza-udec-exitoso-coloquio-de-vinculacion-fime-2025","status":"publish","type":"post","link":"https:\/\/diarioavanzada.com.mx\/?p=89766","title":{"rendered":"Realiza UdeC exitoso Coloquio de Vinculaci\u00f3n FIME 2025"},"content":{"rendered":"\n<p class=\"wp-block-paragraph\" id=\"block-b795ee0c-8381-4b8d-be77-6f197fdcf75d\"><em>\u201cEn estas sesiones ofrecieron a las y los estudiantes la posibilidad de establecer v\u00ednculos directos con representantes del \u00e1mbito laboral y explorar oportunidades reales de inserci\u00f3n profesional\u201d: Martha Evangelista, organizadora.<\/em><\/p>\n\n\n\n<p class=\"wp-block-paragraph\">Colima, M\u00e9xico, Comunicado (10\/06\/2025).- Durante tres d\u00edas, estudiantes de las ingenier\u00edas en Computaci\u00f3n Inteligente, en Sistemas Electr\u00f3nicos y Telecomunicaciones, Ingenier\u00eda Mec\u00e1nica y Electricista e Ingenier\u00eda en Mecatr\u00f3nica de la Universidad de Colima (UdeC), participaron en el esperado Coloquio de Vinculaci\u00f3n FIME 2025, que cada a\u00f1o realiza esta comunidad universitaria.<\/p>\n\n\n\n<p class=\"wp-block-paragraph\">\u00c9ste es un evento vital para estudiantes pr\u00f3ximos a egresar, principalmente, pero en esta edici\u00f3n acudieron j\u00f3venes de semestres anteriores por el gran valor de los contenidos compartidos, pues el coloquio vincula la formaci\u00f3n acad\u00e9mica con los retos y oportunidades del entorno profesional.<\/p>\n\n\n\n<p class=\"wp-block-paragraph\">Esto lo inform\u00f3 la profesora de la Facultad de Ingenier\u00eda Mec\u00e1nica y El\u00e9ctrica (FIME), Martha Evangelista Salazar, quien se\u00f1al\u00f3 que tuvieron una fuerte participaci\u00f3n en las charlas, paneles y espacios de di\u00e1logo donde se relacionaron universidad, industria y sociedad.<\/p>\n\n\n\n<p class=\"wp-block-paragraph\">Se presentaron ante los y las estudiantes las empresas: Hyperox Soluciones de Ciberseguridad, PREDIK Data-Driven, BMW Group Planta San Luis Potos\u00ed y VAUXOO, las cuales desarrollan ciberseguridad, an\u00e1lisis de datos para la toma de decisiones, transformaci\u00f3n digital en la industria automotriz y soluciones empresariales tecnol\u00f3gicas.<\/p>\n\n\n\n<p class=\"wp-block-paragraph\">Para mostrar sus modelos de operaci\u00f3n, infraestructura, desaf\u00edos actuales y las oportunidades profesionales, las empresas de TRACSA, Grupo PiSA (en modalidad virtual), FORENTEC, y MEGA tambi\u00e9n se hicieron presentes.<\/p>\n\n\n\n<p class=\"wp-block-paragraph\">Estas empresas, mencion\u00f3 la profesora, realizaron entrevistas y procesos de reclutamiento en diversas \u00e1reas de la facultad. \u201cEn estas sesiones ofrecieron a las y los estudiantes la posibilidad de establecer v\u00ednculos directos con representantes del \u00e1mbito laboral y explorar oportunidades reales de inserci\u00f3n profesional\u201d, dijo.<\/p>\n\n\n\n<p class=\"wp-block-paragraph\">Adem\u00e1s, reconoci\u00f3 que el coloquio contin\u00faa posicion\u00e1ndose como un espacio estrat\u00e9gico para el desarrollo integral de la comunidad estudiantil al integrar conocimiento, experiencia y proyecci\u00f3n hacia el futuro profesional.<\/p>\n\n\n\n<p class=\"wp-block-paragraph\">Enfatiz\u00f3 que este espacio se ha consolidado como un referente en la articulaci\u00f3n entre la formaci\u00f3n acad\u00e9mica y el entorno profesional. En este sentido, el \u00faltimo d\u00eda de actividades incluy\u00f3 la participaci\u00f3n de la plataforma Talent Ucol, una herramienta institucional orientada a facilitar la vinculaci\u00f3n profesional de estudiantes y egresados mediante oportunidades laborales, programas de pr\u00e1cticas y servicios de orientaci\u00f3n.<\/p>\n\n\n\n<p class=\"wp-block-paragraph\">De igual manera, se presentaron la empresa HOLCIM con sus programas de incorporaci\u00f3n de talento joven, EPAM Systems y las posibilidades que ofrece la ingenier\u00eda de prompts en el campo de la inteligencia artificial. La empresa Pe\u00f1a Colorada abord\u00f3 una charla con los indicadores y herramientas de an\u00e1lisis en la eficiencia de procesos industriales y tambi\u00e9n participaron la FEUC, S\u00faper Kiosko, as\u00ed como la Comisi\u00f3n de Derechos Humanos del Estado de Colima.<\/p>\n\n\n\n<p class=\"wp-block-paragraph\">En el arranque del coloquio participaron el delegado del campus Coquimatl\u00e1n, Omar Brizuela Padilla, en representaci\u00f3n del rector de la UdeC; el director de la FIME, V\u00edctor Castillo Topete; el director General de Vinculaci\u00f3n, \u00d3scar Solorio P\u00e9rez; la presidenta de la FEUC, Carolina Venegas Ochoa; el director General de Servicio Social y Pr\u00e1ctica Profesional, Valentino Morent\u00edn Ballesteros y, en representaci\u00f3n de director general de Educaci\u00f3n Superior de la UdeC, Eriberto Cruz Beltr\u00e1n.<\/p>\n\n\n\n<figure class=\"wp-block-image size-large\"><img loading=\"lazy\" decoding=\"async\" width=\"1024\" height=\"765\" src=\"https:\/\/diarioavanzada.com.mx\/wp-content\/uploads\/2025\/06\/Realiza-UdeC-exitoso-Coloquio-de-Vinculacion-FIME-2025_d-1024x765.jpg\" alt=\"\" class=\"wp-image-89769\" srcset=\"https:\/\/diarioavanzada.com.mx\/wp-content\/uploads\/2025\/06\/Realiza-UdeC-exitoso-Coloquio-de-Vinculacion-FIME-2025_d-1024x765.jpg 1024w, https:\/\/diarioavanzada.com.mx\/wp-content\/uploads\/2025\/06\/Realiza-UdeC-exitoso-Coloquio-de-Vinculacion-FIME-2025_d-300x224.jpg 300w, https:\/\/diarioavanzada.com.mx\/wp-content\/uploads\/2025\/06\/Realiza-UdeC-exitoso-Coloquio-de-Vinculacion-FIME-2025_d-768x574.jpg 768w, https:\/\/diarioavanzada.com.mx\/wp-content\/uploads\/2025\/06\/Realiza-UdeC-exitoso-Coloquio-de-Vinculacion-FIME-2025_d-1536x1148.jpg 1536w, https:\/\/diarioavanzada.com.mx\/wp-content\/uploads\/2025\/06\/Realiza-UdeC-exitoso-Coloquio-de-Vinculacion-FIME-2025_d-400x300.jpg?crop=1 400w, https:\/\/diarioavanzada.com.mx\/wp-content\/uploads\/2025\/06\/Realiza-UdeC-exitoso-Coloquio-de-Vinculacion-FIME-2025_d-200x150.jpg?crop=1 200w, https:\/\/diarioavanzada.com.mx\/wp-content\/uploads\/2025\/06\/Realiza-UdeC-exitoso-Coloquio-de-Vinculacion-FIME-2025_d-1200x896.jpg 1200w, https:\/\/diarioavanzada.com.mx\/wp-content\/uploads\/2025\/06\/Realiza-UdeC-exitoso-Coloquio-de-Vinculacion-FIME-2025_d.jpg 2048w\" sizes=\"auto, (max-width: 1024px) 100vw, 1024px\" \/><\/figure>\n\n\n\n<figure class=\"wp-block-image size-large\"><img loading=\"lazy\" decoding=\"async\" width=\"1024\" height=\"795\" src=\"https:\/\/diarioavanzada.com.mx\/wp-content\/uploads\/2025\/06\/Realiza-UdeC-exitoso-Coloquio-de-Vinculacion-FIME-2025_e-1024x795.jpg\" alt=\"\" class=\"wp-image-89770\" srcset=\"https:\/\/diarioavanzada.com.mx\/wp-content\/uploads\/2025\/06\/Realiza-UdeC-exitoso-Coloquio-de-Vinculacion-FIME-2025_e-1024x795.jpg 1024w, https:\/\/diarioavanzada.com.mx\/wp-content\/uploads\/2025\/06\/Realiza-UdeC-exitoso-Coloquio-de-Vinculacion-FIME-2025_e-300x233.jpg 300w, https:\/\/diarioavanzada.com.mx\/wp-content\/uploads\/2025\/06\/Realiza-UdeC-exitoso-Coloquio-de-Vinculacion-FIME-2025_e-768x596.jpg 768w, https:\/\/diarioavanzada.com.mx\/wp-content\/uploads\/2025\/06\/Realiza-UdeC-exitoso-Coloquio-de-Vinculacion-FIME-2025_e-1536x1193.jpg 1536w, https:\/\/diarioavanzada.com.mx\/wp-content\/uploads\/2025\/06\/Realiza-UdeC-exitoso-Coloquio-de-Vinculacion-FIME-2025_e-1200x932.jpg 1200w, https:\/\/diarioavanzada.com.mx\/wp-content\/uploads\/2025\/06\/Realiza-UdeC-exitoso-Coloquio-de-Vinculacion-FIME-2025_e.jpg 2048w\" sizes=\"auto, (max-width: 1024px) 100vw, 1024px\" \/><\/figure>\n\n\n\n<figure class=\"wp-block-image size-large\"><img loading=\"lazy\" decoding=\"async\" width=\"1024\" height=\"765\" src=\"https:\/\/diarioavanzada.com.mx\/wp-content\/uploads\/2025\/06\/Realiza-UdeC-exitoso-Coloquio-de-Vinculacion-FIME-2025_f-1024x765.jpg\" alt=\"\" class=\"wp-image-89772\" srcset=\"https:\/\/diarioavanzada.com.mx\/wp-content\/uploads\/2025\/06\/Realiza-UdeC-exitoso-Coloquio-de-Vinculacion-FIME-2025_f-1024x765.jpg 1024w, https:\/\/diarioavanzada.com.mx\/wp-content\/uploads\/2025\/06\/Realiza-UdeC-exitoso-Coloquio-de-Vinculacion-FIME-2025_f-300x224.jpg 300w, https:\/\/diarioavanzada.com.mx\/wp-content\/uploads\/2025\/06\/Realiza-UdeC-exitoso-Coloquio-de-Vinculacion-FIME-2025_f-768x574.jpg 768w, https:\/\/diarioavanzada.com.mx\/wp-content\/uploads\/2025\/06\/Realiza-UdeC-exitoso-Coloquio-de-Vinculacion-FIME-2025_f-1536x1148.jpg 1536w, https:\/\/diarioavanzada.com.mx\/wp-content\/uploads\/2025\/06\/Realiza-UdeC-exitoso-Coloquio-de-Vinculacion-FIME-2025_f-400x300.jpg?crop=1 400w, https:\/\/diarioavanzada.com.mx\/wp-content\/uploads\/2025\/06\/Realiza-UdeC-exitoso-Coloquio-de-Vinculacion-FIME-2025_f-200x150.jpg?crop=1 200w, https:\/\/diarioavanzada.com.mx\/wp-content\/uploads\/2025\/06\/Realiza-UdeC-exitoso-Coloquio-de-Vinculacion-FIME-2025_f-1200x896.jpg 1200w, https:\/\/diarioavanzada.com.mx\/wp-content\/uploads\/2025\/06\/Realiza-UdeC-exitoso-Coloquio-de-Vinculacion-FIME-2025_f.jpg 2048w\" sizes=\"auto, (max-width: 1024px) 100vw, 1024px\" \/><\/figure>\n<div class=\"fb-background-color\">\n\t\t\t  <div \n\t\t\t  \tclass = \"fb-comments\" \n\t\t\t  \tdata-href = \"https:\/\/diarioavanzada.com.mx\/?p=89766\"\n\t\t\t  \tdata-numposts = \"10\"\n\t\t\t  \tdata-lazy = \"true\"\n\t\t\t\tdata-colorscheme = \"light\"\n\t\t\t\tdata-order-by = \"social\"\n\t\t\t\tdata-mobile=true>\n\t\t\t  <\/div><\/div>\n\t\t  <style>\n\t\t    .fb-background-color {\n\t\t\t\tbackground:  !important;\n\t\t\t}\n\t\t\t.fb_iframe_widget_fluid_desktop iframe {\n\t\t\t    width: 100% !important;\n\t\t\t}\n\t\t  <\/style>\n\t\t  ","protected":false},"excerpt":{"rendered":"<p>\u201cEn estas sesiones ofrecieron a las y los estudiantes la posibilidad de establecer v\u00ednculos directos con representantes del \u00e1mbito laboral y explorar oportunidades reales de inserci\u00f3n profesional\u201d: Martha Evangelista, organizadora. Colima, M\u00e9xico, Comunicado (10\/06\/2025).- Durante tres d\u00edas, estudiantes de las ingenier\u00edas en Computaci\u00f3n Inteligente, en Sistemas Electr\u00f3nicos y Telecomunicaciones, Ingenier\u00eda Mec\u00e1nica y Electricista e Ingenier\u00eda [&hellip;]<\/p>\n","protected":false},"author":7,"featured_media":89768,"comment_status":"closed","ping_status":"closed","sticky":false,"template":"","format":"standard","meta":{"_coblocks_attr":"","_coblocks_dimensions":"","_coblocks_responsive_height":"","_coblocks_accordion_ie_support":"","_crdt_document":"","advanced_seo_description":"","jetpack_seo_html_title":"","jetpack_seo_noindex":false,"_jetpack_memberships_contains_paid_content":false,"footnotes":""},"categories":[19,209,7],"tags":[],"class_list":["post-89766","post","type-post","status-publish","format-standard","has-post-thumbnail","hentry","category-colima","category-importantes","category-noticias"],"jetpack_featured_media_url":"https:\/\/diarioavanzada.com.mx\/wp-content\/uploads\/2025\/06\/Realiza-UdeC-exitoso-Coloquio-de-Vinculacion-FIME-2025_b.jpg","jetpack-related-posts":[],"jetpack_sharing_enabled":true,"amp_enabled":true,"_links":{"self":[{"href":"https:\/\/diarioavanzada.com.mx\/index.php?rest_route=\/wp\/v2\/posts\/89766","targetHints":{"allow":["GET"]}}],"collection":[{"href":"https:\/\/diarioavanzada.com.mx\/index.php?rest_route=\/wp\/v2\/posts"}],"about":[{"href":"https:\/\/diarioavanzada.com.mx\/index.php?rest_route=\/wp\/v2\/types\/post"}],"author":[{"embeddable":true,"href":"https:\/\/diarioavanzada.com.mx\/index.php?rest_route=\/wp\/v2\/users\/7"}],"replies":[{"embeddable":true,"href":"https:\/\/diarioavanzada.com.mx\/index.php?rest_route=%2Fwp%2Fv2%2Fcomments&post=89766"}],"version-history":[{"count":3,"href":"https:\/\/diarioavanzada.com.mx\/index.php?rest_route=\/wp\/v2\/posts\/89766\/revisions"}],"predecessor-version":[{"id":89773,"href":"https:\/\/diarioavanzada.com.mx\/index.php?rest_route=\/wp\/v2\/posts\/89766\/revisions\/89773"}],"wp:featuredmedia":[{"embeddable":true,"href":"https:\/\/diarioavanzada.com.mx\/index.php?rest_route=\/wp\/v2\/media\/89768"}],"wp:attachment":[{"href":"https:\/\/diarioavanzada.com.mx\/index.php?rest_route=%2Fwp%2Fv2%2Fmedia&parent=89766"}],"wp:term":[{"taxonomy":"category","embeddable":true,"href":"https:\/\/diarioavanzada.com.mx\/index.php?rest_route=%2Fwp%2Fv2%2Fcategories&post=89766"},{"taxonomy":"post_tag","embeddable":true,"href":"https:\/\/diarioavanzada.com.mx\/index.php?rest_route=%2Fwp%2Fv2%2Ftags&post=89766"}],"curies":[{"name":"wp","href":"https:\/\/api.w.org\/{rel}","templated":true}]}}