{"id":89714,"date":"2025-06-10T16:56:04","date_gmt":"2025-06-10T22:56:04","guid":{"rendered":"https:\/\/diarioavanzada.com.mx\/?p=89714"},"modified":"2025-06-10T17:00:06","modified_gmt":"2025-06-10T23:00:06","slug":"colima-no-reporta-robos-violentos-de-vehiculos-desde-2019-manipulan-cifras-acusa-causa-en-comun","status":"publish","type":"post","link":"https:\/\/diarioavanzada.com.mx\/?p=89714","title":{"rendered":"Colima no reporta robos violentos de veh\u00edculos desde 2019; manipulan cifras, acusa Causa en Com\u00fan"},"content":{"rendered":"\n<p class=\"p1 wp-block-paragraph\">Colima, M\u00e9xico, Avanzada (10\/06\/2025).- A pesar de vivir una crisis sostenida de violencia, Colima no reporta desde 2019 ni un solo caso de robo de veh\u00edculo con violencia, seg\u00fan cifras oficiales del gobierno federal. As\u00ed lo revela el bolet\u00edn 195 de Causa en Com\u00fan, organizaci\u00f3n civil que advierte sobre la manipulaci\u00f3n sistem\u00e1tica de los datos delictivos para simular avances en materia de seguridad.<\/p>\n\n\n\n<p class=\"p1 wp-block-paragraph\">El informe sostiene que la subestimaci\u00f3n, el ocultamiento y la reclasificaci\u00f3n de delitos impiden confiar en las estad\u00edsticas oficiales. En el caso de Colima, uno de los estados con mayores tasas de homicidio por cada 100 mil habitantes, el dato de \u201ccero robos de veh\u00edculo con violencia\u201d resulta no solo inveros\u00edmil, sino revelador de un patr\u00f3n nacional de alteraci\u00f3n de cifras.<\/p>\n\n\n\n<p class=\"p1 wp-block-paragraph\">La organizaci\u00f3n revis\u00f3 los registros del primer cuatrimestre de 2025 publicados por el Secretariado Ejecutivo del Sistema Nacional de Seguridad P\u00fablica (SESNSP) y el Registro Nacional de Personas Desaparecidas y No Localizadas (RNPDNO), y encontr\u00f3 m\u00faltiples anomal\u00edas en entidades como Jalisco, Puebla, San Luis Potos\u00ed, Morelos y tambi\u00e9n Colima.<\/p>\n\n\n\n<p class=\"p1 wp-block-paragraph\">A nivel nacional, m\u00e1s del 93% de los delitos no se denuncian, y cuando s\u00ed se reportan, los gobiernos locales y federal tienden a reclasificarlos en otras categor\u00edas, o simplemente omitirlos. Por ejemplo, el delito de extorsi\u00f3n, uno de los m\u00e1s comunes en el pa\u00eds, presenta una de las tasas de subregistro m\u00e1s altas; en Chihuahua, apenas se reconocieron tres v\u00edctimas en el cuatrimestre.<\/p>\n\n\n\n<p class=\"p1 wp-block-paragraph\">En contraste con el promedio nacional de 396 casos de robo a transe\u00fante con violencia por entidad, Nayarit \u2014al igual que Colima\u2014 no report\u00f3 ninguno. Lo mismo ocurre con robo a transportista con violencia, que no aparece en 14 estados, incluidos los fronterizos.<\/p>\n\n\n\n<p class=\"p1 wp-block-paragraph\">Causa en Com\u00fan denuncia que estas omisiones tienen fines propagand\u00edsticos y representan un grave obst\u00e1culo para el dise\u00f1o de pol\u00edticas p\u00fablicas eficaces. Por ello, propone:<\/p>\n\n\n\n<p class=\"p3 wp-block-paragraph\">1. Impulsar un programa nacional que fomente la denuncia ciudadana.<\/p>\n\n\n\n<p class=\"p3 wp-block-paragraph\">2. Establecer criterios claros y homologados en la recopilaci\u00f3n y clasificaci\u00f3n de datos.<\/p>\n\n\n\n<p class=\"p3 wp-block-paragraph\">3. Investigar posibles manipulaciones y depurar los registros oficiales.<\/p>\n\n\n\n<p class=\"p3 wp-block-paragraph\">4. Capacitar adecuadamente a los funcionarios responsables de la estad\u00edstica delictiva.<\/p>\n\n\n\n<p class=\"p1 wp-block-paragraph\">El caso de Colima, con su alarmante disparidad entre la violencia vivida y la violencia registrada, es un ejemplo claro de c\u00f3mo las cifras pueden ser usadas para negar la realidad.<\/p>\n\n\n\n<p class=\"wp-block-paragraph\"><em>*En la fotograf\u00eda: La gobernadora de Colima, Indira Vizca\u00edno Silva y el Fiscal General del Estado, Bryant Alejandro Garc\u00eda Ram\u00edrez.<\/em><\/p>\n\n\n\n<p class=\"p1 wp-block-paragraph\"><\/p>\n\n\n\n<figure class=\"wp-block-image size-large\"><img loading=\"lazy\" decoding=\"async\" width=\"724\" height=\"1024\" src=\"https:\/\/diarioavanzada.com.mx\/wp-content\/uploads\/2025\/06\/07f10a3d-0e2c-4ac4-a779-8ca4885316be-1-724x1024.jpg\" class=\"wp-image-89716\" srcset=\"https:\/\/diarioavanzada.com.mx\/wp-content\/uploads\/2025\/06\/07f10a3d-0e2c-4ac4-a779-8ca4885316be-1-724x1024.jpg 724w, https:\/\/diarioavanzada.com.mx\/wp-content\/uploads\/2025\/06\/07f10a3d-0e2c-4ac4-a779-8ca4885316be-1-212x300.jpg 212w, https:\/\/diarioavanzada.com.mx\/wp-content\/uploads\/2025\/06\/07f10a3d-0e2c-4ac4-a779-8ca4885316be-1-768x1086.jpg 768w, https:\/\/diarioavanzada.com.mx\/wp-content\/uploads\/2025\/06\/07f10a3d-0e2c-4ac4-a779-8ca4885316be-1-1087x1536.jpg 1087w, https:\/\/diarioavanzada.com.mx\/wp-content\/uploads\/2025\/06\/07f10a3d-0e2c-4ac4-a779-8ca4885316be-1.jpg 1132w\" sizes=\"auto, (max-width: 724px) 100vw, 724px\" \/><\/figure>\n\n\n\n<figure class=\"wp-block-image size-large\"><img loading=\"lazy\" decoding=\"async\" width=\"724\" height=\"1024\" src=\"https:\/\/diarioavanzada.com.mx\/wp-content\/uploads\/2025\/06\/658c22ae-f405-4d71-b71d-2c4f90c42af2-1-724x1024.jpg\" class=\"wp-image-89717\" srcset=\"https:\/\/diarioavanzada.com.mx\/wp-content\/uploads\/2025\/06\/658c22ae-f405-4d71-b71d-2c4f90c42af2-1-724x1024.jpg 724w, https:\/\/diarioavanzada.com.mx\/wp-content\/uploads\/2025\/06\/658c22ae-f405-4d71-b71d-2c4f90c42af2-1-212x300.jpg 212w, https:\/\/diarioavanzada.com.mx\/wp-content\/uploads\/2025\/06\/658c22ae-f405-4d71-b71d-2c4f90c42af2-1-768x1086.jpg 768w, https:\/\/diarioavanzada.com.mx\/wp-content\/uploads\/2025\/06\/658c22ae-f405-4d71-b71d-2c4f90c42af2-1-1087x1536.jpg 1087w, https:\/\/diarioavanzada.com.mx\/wp-content\/uploads\/2025\/06\/658c22ae-f405-4d71-b71d-2c4f90c42af2-1.jpg 1132w\" sizes=\"auto, (max-width: 724px) 100vw, 724px\" \/><\/figure>\n<div class=\"fb-background-color\">\n\t\t\t  <div \n\t\t\t  \tclass = \"fb-comments\" \n\t\t\t  \tdata-href = \"https:\/\/diarioavanzada.com.mx\/?p=89714\"\n\t\t\t  \tdata-numposts = \"10\"\n\t\t\t  \tdata-lazy = \"true\"\n\t\t\t\tdata-colorscheme = \"light\"\n\t\t\t\tdata-order-by = \"social\"\n\t\t\t\tdata-mobile=true>\n\t\t\t  <\/div><\/div>\n\t\t  <style>\n\t\t    .fb-background-color {\n\t\t\t\tbackground:  !important;\n\t\t\t}\n\t\t\t.fb_iframe_widget_fluid_desktop iframe {\n\t\t\t    width: 100% !important;\n\t\t\t}\n\t\t  <\/style>\n\t\t  ","protected":false},"excerpt":{"rendered":"<p>Colima, M\u00e9xico, Avanzada (10\/06\/2025).- A pesar de vivir una crisis sostenida de violencia, Colima no reporta desde 2019 ni un solo caso de robo de veh\u00edculo con violencia, seg\u00fan cifras oficiales del gobierno federal. As\u00ed lo revela el bolet\u00edn 195 de Causa en Com\u00fan, organizaci\u00f3n civil que advierte sobre la manipulaci\u00f3n sistem\u00e1tica de los datos [&hellip;]<\/p>\n","protected":false},"author":7,"featured_media":89713,"comment_status":"closed","ping_status":"closed","sticky":false,"template":"","format":"standard","meta":{"_coblocks_attr":"","_coblocks_dimensions":"","_coblocks_responsive_height":"","_coblocks_accordion_ie_support":"","_crdt_document":"","advanced_seo_description":"","jetpack_seo_html_title":"","jetpack_seo_noindex":false,"_jetpack_memberships_contains_paid_content":false,"footnotes":""},"categories":[19,209,7,231],"tags":[210],"class_list":["post-89714","post","type-post","status-publish","format-standard","has-post-thumbnail","hentry","category-colima","category-importantes","category-noticias","category-seguridad","tag-portada"],"jetpack_featured_media_url":"https:\/\/diarioavanzada.com.mx\/wp-content\/uploads\/2025\/06\/img_4412-1.jpg","jetpack-related-posts":[],"jetpack_sharing_enabled":true,"amp_enabled":true,"_links":{"self":[{"href":"https:\/\/diarioavanzada.com.mx\/index.php?rest_route=\/wp\/v2\/posts\/89714","targetHints":{"allow":["GET"]}}],"collection":[{"href":"https:\/\/diarioavanzada.com.mx\/index.php?rest_route=\/wp\/v2\/posts"}],"about":[{"href":"https:\/\/diarioavanzada.com.mx\/index.php?rest_route=\/wp\/v2\/types\/post"}],"author":[{"embeddable":true,"href":"https:\/\/diarioavanzada.com.mx\/index.php?rest_route=\/wp\/v2\/users\/7"}],"replies":[{"embeddable":true,"href":"https:\/\/diarioavanzada.com.mx\/index.php?rest_route=%2Fwp%2Fv2%2Fcomments&post=89714"}],"version-history":[{"count":2,"href":"https:\/\/diarioavanzada.com.mx\/index.php?rest_route=\/wp\/v2\/posts\/89714\/revisions"}],"predecessor-version":[{"id":89718,"href":"https:\/\/diarioavanzada.com.mx\/index.php?rest_route=\/wp\/v2\/posts\/89714\/revisions\/89718"}],"wp:featuredmedia":[{"embeddable":true,"href":"https:\/\/diarioavanzada.com.mx\/index.php?rest_route=\/wp\/v2\/media\/89713"}],"wp:attachment":[{"href":"https:\/\/diarioavanzada.com.mx\/index.php?rest_route=%2Fwp%2Fv2%2Fmedia&parent=89714"}],"wp:term":[{"taxonomy":"category","embeddable":true,"href":"https:\/\/diarioavanzada.com.mx\/index.php?rest_route=%2Fwp%2Fv2%2Fcategories&post=89714"},{"taxonomy":"post_tag","embeddable":true,"href":"https:\/\/diarioavanzada.com.mx\/index.php?rest_route=%2Fwp%2Fv2%2Ftags&post=89714"}],"curies":[{"name":"wp","href":"https:\/\/api.w.org\/{rel}","templated":true}]}}