{"id":89662,"date":"2025-06-09T23:14:07","date_gmt":"2025-06-10T05:14:07","guid":{"rendered":"https:\/\/diarioavanzada.com.mx\/?p=89662"},"modified":"2025-06-09T23:14:07","modified_gmt":"2025-06-10T05:14:07","slug":"canasta-basica-cuesta-menos-de-910-pesos-en-todo-el-pais-informa-profeco","status":"publish","type":"post","link":"https:\/\/diarioavanzada.com.mx\/?p=89662","title":{"rendered":"Canasta b\u00e1sica cuesta menos de $910 pesos en todo el pa\u00eds, informa Profeco"},"content":{"rendered":"\n<p class=\"p1 wp-block-paragraph\">M\u00e9xico, Avanzada (09\/06\/2025).- El precio promedio de la canasta b\u00e1sica en M\u00e9xico se mantiene por debajo del l\u00edmite establecido en el Paquete Contra la Inflaci\u00f3n y la Carest\u00eda (PACIC), asegur\u00f3 el titular de la Procuradur\u00eda Federal del Consumidor (Profeco), Iv\u00e1n Escalante Ruiz, durante su participaci\u00f3n en la conferencia Ma\u00f1anera del Pueblo, encabezada por la Presidenta Claudia Sheinbaum Pardo.<\/p>\n\n\n\n<p class=\"p1 wp-block-paragraph\">Escalante detall\u00f3 que, del 26 al 30 de mayo, el costo de la canasta de 24 productos esenciales se ubic\u00f3 por debajo de los $910 pesos en todas las regiones del pa\u00eds: en el Norte fue de $869.52, en el Sureste $824.90, en el Centro $862.58 y en el Centro Norte $852.65.<\/p>\n\n\n\n<p class=\"p1 wp-block-paragraph\">El procurador subray\u00f3 que el precio m\u00e1s bajo se localiz\u00f3 en Bodega Aurrera Universidad, en Acapulco, Guerrero, con $708.50 pesos; mientras que el m\u00e1s alto fue de $992.80 en Walmart Hermosillo, Sonora.<\/p>\n\n\n\n<p class=\"p1 wp-block-paragraph\">En el monitoreo por ciudades, en Huixquilucan, Estado de M\u00e9xico, el precio oscil\u00f3 entre $858.05 y $931.95 pesos; en Le\u00f3n, Guanajuato, entre $828.90 y $917.65; y en Solidaridad, Quintana Roo, entre $780.50 y $856.60 pesos, manteni\u00e9ndose todos dentro del margen del PACIC.<\/p>\n\n\n\n<p class=\"p1 wp-block-paragraph\">Respecto al precio de la tortilla en tortiller\u00edas, el promedio nacional fue de $23.87 pesos por kilo. Los precios m\u00e1s bajos se registraron en Tlaxcala, Coyoac\u00e1n y Oaxaca, entre $19 y $20 pesos. Los m\u00e1s altos, de $28 pesos, se ubicaron en La Paz, Tampico y Veracruz.<\/p>\n\n\n\n<p class=\"p1 wp-block-paragraph\">En cuanto a los combustibles, Escalante inform\u00f3 que el precio promedio nacional de la gasolina regular fue de $23.58 pesos al 6 de junio. Detall\u00f3 que marcas como Rendichicas, Oxxo Gas, Petro Seven, CorpoGas y Pemex han mostrado reducciones de hasta dos pesos por litro en comparaci\u00f3n con febrero.<\/p>\n\n\n\n<p class=\"p1 wp-block-paragraph\">El precio m\u00e1s justo, de $23.19, se registr\u00f3 en una estaci\u00f3n Pemex en Corregidora, Quer\u00e9taro, y el m\u00e1s alto, de $24.99, en una estaci\u00f3n Petromax en Chihuahua, Chihuahua.<\/p>\n\n\n\n<p class=\"p1 wp-block-paragraph\">Finalmente, el procurador agradeci\u00f3 a la Presidenta Sheinbaum la reanudaci\u00f3n de la impresi\u00f3n de la Revista del Consumidor, detenida desde abril de 2020 por la pandemia. La edici\u00f3n de junio de 2025, n\u00famero 580, estar\u00e1 disponible de forma gratuita en librer\u00edas del Fondo de Cultura Econ\u00f3mica y en las oficinas de Profeco.<\/p>\n\n\n\n<p class=\"p1 wp-block-paragraph\"><\/p>\n\n\n\n<p class=\"wp-block-paragraph\"><\/p>\n<div class=\"fb-background-color\">\n\t\t\t  <div \n\t\t\t  \tclass = \"fb-comments\" \n\t\t\t  \tdata-href = \"https:\/\/diarioavanzada.com.mx\/?p=89662\"\n\t\t\t  \tdata-numposts = \"10\"\n\t\t\t  \tdata-lazy = \"true\"\n\t\t\t\tdata-colorscheme = \"light\"\n\t\t\t\tdata-order-by = \"social\"\n\t\t\t\tdata-mobile=true>\n\t\t\t  <\/div><\/div>\n\t\t  <style>\n\t\t    .fb-background-color {\n\t\t\t\tbackground:  !important;\n\t\t\t}\n\t\t\t.fb_iframe_widget_fluid_desktop iframe {\n\t\t\t    width: 100% !important;\n\t\t\t}\n\t\t  <\/style>\n\t\t  ","protected":false},"excerpt":{"rendered":"<p>M\u00e9xico, Avanzada (09\/06\/2025).- El precio promedio de la canasta b\u00e1sica en M\u00e9xico se mantiene por debajo del l\u00edmite establecido en el Paquete Contra la Inflaci\u00f3n y la Carest\u00eda (PACIC), asegur\u00f3 el titular de la Procuradur\u00eda Federal del Consumidor (Profeco), Iv\u00e1n Escalante Ruiz, durante su participaci\u00f3n en la conferencia Ma\u00f1anera del Pueblo, encabezada por la Presidenta [&hellip;]<\/p>\n","protected":false},"author":7,"featured_media":89661,"comment_status":"closed","ping_status":"closed","sticky":false,"template":"","format":"standard","meta":{"_coblocks_attr":"","_coblocks_dimensions":"","_coblocks_responsive_height":"","_coblocks_accordion_ie_support":"","_crdt_document":"","advanced_seo_description":"","jetpack_seo_html_title":"","jetpack_seo_noindex":false,"_jetpack_memberships_contains_paid_content":false,"footnotes":""},"categories":[209,22,7],"tags":[210],"class_list":["post-89662","post","type-post","status-publish","format-standard","has-post-thumbnail","hentry","category-importantes","category-nacion","category-noticias","tag-portada"],"jetpack_featured_media_url":"https:\/\/diarioavanzada.com.mx\/wp-content\/uploads\/2025\/06\/1bfa3ac1-361a-4b16-9f0f-29e9e7a69275-1.jpg","jetpack-related-posts":[],"jetpack_sharing_enabled":true,"amp_enabled":true,"_links":{"self":[{"href":"https:\/\/diarioavanzada.com.mx\/index.php?rest_route=\/wp\/v2\/posts\/89662","targetHints":{"allow":["GET"]}}],"collection":[{"href":"https:\/\/diarioavanzada.com.mx\/index.php?rest_route=\/wp\/v2\/posts"}],"about":[{"href":"https:\/\/diarioavanzada.com.mx\/index.php?rest_route=\/wp\/v2\/types\/post"}],"author":[{"embeddable":true,"href":"https:\/\/diarioavanzada.com.mx\/index.php?rest_route=\/wp\/v2\/users\/7"}],"replies":[{"embeddable":true,"href":"https:\/\/diarioavanzada.com.mx\/index.php?rest_route=%2Fwp%2Fv2%2Fcomments&post=89662"}],"version-history":[{"count":0,"href":"https:\/\/diarioavanzada.com.mx\/index.php?rest_route=\/wp\/v2\/posts\/89662\/revisions"}],"wp:featuredmedia":[{"embeddable":true,"href":"https:\/\/diarioavanzada.com.mx\/index.php?rest_route=\/wp\/v2\/media\/89661"}],"wp:attachment":[{"href":"https:\/\/diarioavanzada.com.mx\/index.php?rest_route=%2Fwp%2Fv2%2Fmedia&parent=89662"}],"wp:term":[{"taxonomy":"category","embeddable":true,"href":"https:\/\/diarioavanzada.com.mx\/index.php?rest_route=%2Fwp%2Fv2%2Fcategories&post=89662"},{"taxonomy":"post_tag","embeddable":true,"href":"https:\/\/diarioavanzada.com.mx\/index.php?rest_route=%2Fwp%2Fv2%2Ftags&post=89662"}],"curies":[{"name":"wp","href":"https:\/\/api.w.org\/{rel}","templated":true}]}}