{"id":89469,"date":"2025-06-08T15:56:05","date_gmt":"2025-06-08T21:56:05","guid":{"rendered":"https:\/\/diarioavanzada.com.mx\/?p=89469"},"modified":"2025-06-08T15:56:05","modified_gmt":"2025-06-08T21:56:05","slug":"esta-semana-con-rosa-e-indira-paulina-rubio-13-muertos-y-espinoza-paz","status":"publish","type":"post","link":"https:\/\/diarioavanzada.com.mx\/?p=89469","title":{"rendered":"Esta semana con Rosa e Indira: Paulina Rubio, 13 muertos y Espinoza Paz"},"content":{"rendered":"\n<p class=\"p1 wp-block-paragraph\">Colima, M\u00e9xico, Avanzada (08\/06\/2025).- En una semana marcada por una sangrienta escalada de violencia, con 13 personas asesinadas y 5 heridas en distintos puntos del estado, la gobernadora de Colima, Indira Vizca\u00edno Silva y la alcaldesa de Manzanillo, Rosa Mar\u00eda Bayardo Cabrera, mantuvieron una agenda centrada en eventos protocolarios y espect\u00e1culos que, para muchos ciudadanos, contrastan de manera dolorosa con la cruda realidad de inseguridad que se vive en las calles.<\/p>\n\n\n\n<p class=\"p1 wp-block-paragraph\">Este martes, la gobernadora Vizca\u00edno particip\u00f3 en el arranque del boteo del Telet\u00f3n, en el que, visiblemente conmovida, expres\u00f3 su solidaridad con los ni\u00f1os que podr\u00edan beneficiarse de un futuro centro de rehabilitaci\u00f3n en Colima. Sin embargo, el discurso emotivo y el acto protocolario contrastaron con las m\u00faltiples tragedias que han afectado a los ni\u00f1os en Colima, muchos de los cuales se encuentran en la orfandad o fueron heridos por el fuego cruzado del crimen organizado. De ellos, nada se dijo.<\/p>\n\n\n\n<p class=\"p1 wp-block-paragraph\">Mientras tanto, los eventos de seguridad que requieren su atenci\u00f3n \u2014como el fortalecimiento de la estrategia contra el crimen\u2014 han quedado relegados en el orden de prioridades. Durante los \u00faltimos seis d\u00edas, se registraron asesinatos pr\u00e1cticamente a diario, con escenas violentas que se repiten en los municipios de Colima, Manzanillo, Tecom\u00e1n y Villa de \u00c1lvarez.<\/p>\n\n\n\n<p class=\"p1 wp-block-paragraph\">En Prados del Sur, una mujer fue asesinada y una menor result\u00f3 herida por disparos. En la colonia Vista del Mar de Manzanillo, dos hombres fueron baleados. En la colonia F\u00e1tima, en Colima, una persona trans fue ejecutada en un local de comida. Y en la delegaci\u00f3n de Santiago, tambi\u00e9n en Manzanillo, una mujer fue golpeada y baleada, quedando gravemente herida.<\/p>\n\n\n\n<p class=\"p1 wp-block-paragraph\">Pese a este panorama, la alcaldesa Rosa Mar\u00eda Bayardo Cabrera ha optado por seguir con actividades recreativas y espect\u00e1culos musicales. El viernes en Villa de \u00c1lvarez, se present\u00f3 Espinoza Paz, y el s\u00e1bado en Manzanillo, Paulina Rubio, en eventos financiados con recursos p\u00fablicos. Mientras el municipio enfrenta una de las peores crisis de violencia en su historia reciente \u2014con cinco asesinatos y tres heridos esta semana en Manzanillo\u2014 la prioridad parece ser otra.<\/p>\n\n\n\n<p class=\"p1 wp-block-paragraph\">Los hechos violentos que se registraron durante la semana: cuerpos abandonados, personas asesinadas en plena v\u00eda p\u00fablica, y hasta restos humanos \u2014como un cr\u00e1neo humano localizado en Tepames\u2014 dejaron una estela de horror que parece no tener fin.<\/p>\n\n\n\n<p class=\"p1 wp-block-paragraph\">El silencio de las autoridades estatales y municipales frente a esta tragedia ha generado creciente indignaci\u00f3n entre ciudadanos, activistas y colectivos de v\u00edctimas, quienes se\u00f1alan la indiferencia institucional ante el sufrimiento de las familias colimenses, particularmente de las m\u00e1s vulnerables.<\/p>\n\n\n\n<p class=\"p1 wp-block-paragraph\">En Colima, mientras se reparten discursos emotivos y se aplauden conciertos, la violencia no da tregua. Y quienes deber\u00edan estar al frente de una estrategia integral de seguridad parecen m\u00e1s interesados en los reflectores que en las vidas que se apagan d\u00eda con d\u00eda.<\/p>\n\n\n\n<p class=\"wp-block-paragraph\"><\/p>\n<div class=\"fb-background-color\">\n\t\t\t  <div \n\t\t\t  \tclass = \"fb-comments\" \n\t\t\t  \tdata-href = \"https:\/\/diarioavanzada.com.mx\/?p=89469\"\n\t\t\t  \tdata-numposts = \"10\"\n\t\t\t  \tdata-lazy = \"true\"\n\t\t\t\tdata-colorscheme = \"light\"\n\t\t\t\tdata-order-by = \"social\"\n\t\t\t\tdata-mobile=true>\n\t\t\t  <\/div><\/div>\n\t\t  <style>\n\t\t    .fb-background-color {\n\t\t\t\tbackground:  !important;\n\t\t\t}\n\t\t\t.fb_iframe_widget_fluid_desktop iframe {\n\t\t\t    width: 100% !important;\n\t\t\t}\n\t\t  <\/style>\n\t\t  ","protected":false},"excerpt":{"rendered":"<p>Colima, M\u00e9xico, Avanzada (08\/06\/2025).- En una semana marcada por una sangrienta escalada de violencia, con 13 personas asesinadas y 5 heridas en distintos puntos del estado, la gobernadora de Colima, Indira Vizca\u00edno Silva y la alcaldesa de Manzanillo, Rosa Mar\u00eda Bayardo Cabrera, mantuvieron una agenda centrada en eventos protocolarios y espect\u00e1culos que, para muchos ciudadanos, [&hellip;]<\/p>\n","protected":false},"author":7,"featured_media":89471,"comment_status":"closed","ping_status":"closed","sticky":false,"template":"","format":"standard","meta":{"_coblocks_attr":"","_coblocks_dimensions":"","_coblocks_responsive_height":"","_coblocks_accordion_ie_support":"","_crdt_document":"","advanced_seo_description":"","jetpack_seo_html_title":"","jetpack_seo_noindex":false,"_jetpack_memberships_contains_paid_content":false,"footnotes":""},"categories":[19,209,7,231],"tags":[210],"class_list":["post-89469","post","type-post","status-publish","format-standard","has-post-thumbnail","hentry","category-colima","category-importantes","category-noticias","category-seguridad","tag-portada"],"jetpack_featured_media_url":"https:\/\/diarioavanzada.com.mx\/wp-content\/uploads\/2025\/06\/img_4261-1.jpg","jetpack-related-posts":[],"jetpack_sharing_enabled":true,"amp_enabled":true,"_links":{"self":[{"href":"https:\/\/diarioavanzada.com.mx\/index.php?rest_route=\/wp\/v2\/posts\/89469","targetHints":{"allow":["GET"]}}],"collection":[{"href":"https:\/\/diarioavanzada.com.mx\/index.php?rest_route=\/wp\/v2\/posts"}],"about":[{"href":"https:\/\/diarioavanzada.com.mx\/index.php?rest_route=\/wp\/v2\/types\/post"}],"author":[{"embeddable":true,"href":"https:\/\/diarioavanzada.com.mx\/index.php?rest_route=\/wp\/v2\/users\/7"}],"replies":[{"embeddable":true,"href":"https:\/\/diarioavanzada.com.mx\/index.php?rest_route=%2Fwp%2Fv2%2Fcomments&post=89469"}],"version-history":[{"count":2,"href":"https:\/\/diarioavanzada.com.mx\/index.php?rest_route=\/wp\/v2\/posts\/89469\/revisions"}],"predecessor-version":[{"id":89472,"href":"https:\/\/diarioavanzada.com.mx\/index.php?rest_route=\/wp\/v2\/posts\/89469\/revisions\/89472"}],"wp:featuredmedia":[{"embeddable":true,"href":"https:\/\/diarioavanzada.com.mx\/index.php?rest_route=\/wp\/v2\/media\/89471"}],"wp:attachment":[{"href":"https:\/\/diarioavanzada.com.mx\/index.php?rest_route=%2Fwp%2Fv2%2Fmedia&parent=89469"}],"wp:term":[{"taxonomy":"category","embeddable":true,"href":"https:\/\/diarioavanzada.com.mx\/index.php?rest_route=%2Fwp%2Fv2%2Fcategories&post=89469"},{"taxonomy":"post_tag","embeddable":true,"href":"https:\/\/diarioavanzada.com.mx\/index.php?rest_route=%2Fwp%2Fv2%2Ftags&post=89469"}],"curies":[{"name":"wp","href":"https:\/\/api.w.org\/{rel}","templated":true}]}}