{"id":89460,"date":"2025-06-08T14:40:19","date_gmt":"2025-06-08T20:40:19","guid":{"rendered":"https:\/\/diarioavanzada.com.mx\/?p=89460"},"modified":"2025-06-08T14:52:09","modified_gmt":"2025-06-08T20:52:09","slug":"tormenta-tropical-barbara-se-aproxima-a-colima-se-convertiria-en-huracan-categoria-1","status":"publish","type":"post","link":"https:\/\/diarioavanzada.com.mx\/?p=89460","title":{"rendered":"Tormenta tropical Barbara se aproxima a Colima; se convertir\u00eda en hurac\u00e1n categor\u00eda 1"},"content":{"rendered":"\n<p class=\"p1 wp-block-paragraph\">Colima, M\u00e9xico, Avanzada (08\/06\/2025).- La tormenta tropical Barbara contin\u00faa su desplazamiento hacia el oeste-noroeste con vientos sostenidos de 95 km\/h y rachas de hasta 110 km\/h, y se espera que evolucione a hurac\u00e1n categor\u00eda 1 en las pr\u00f3ximas horas, de acuerdo con el Servicio Meteorol\u00f3gico Nacional (SMN).<\/p>\n\n\n\n<p class=\"p1 wp-block-paragraph\">A las 10:00 horas, el centro del sistema se ubicaba a 360 kil\u00f3metros al sur-sureste de Manzanillo, Colima, y a 265 kil\u00f3metros al sur de Punta San Telmo, Michoac\u00e1n. El SMN prev\u00e9 que su intensidad aumente durante la tarde-noche de este s\u00e1bado o en la madrugada del domingo.<\/p>\n\n\n\n<p class=\"p1 wp-block-paragraph\">En Colima, as\u00ed como en los estados de Jalisco, Michoac\u00e1n y Guerrero, se esperan lluvias muy fuertes (50 a 75 mm) acompa\u00f1adas de descargas el\u00e9ctricas, as\u00ed como vientos de entre 40 y 60 km\/h con rachas que podr\u00edan alcanzar los 90 km\/h.<\/p>\n\n\n\n<p class=\"p1 wp-block-paragraph\">Adem\u00e1s, se pronostica oleaje elevado de 4.0 a 5.0 metros en las costas de Colima, Michoac\u00e1n y Guerrero, y de 3.0 a 4.0 metros en las playas de Jalisco.<\/p>\n\n\n\n<p class=\"p1 wp-block-paragraph\">Las autoridades federales y estatales han exhortado a la poblaci\u00f3n a extremar precauciones ante el riesgo de deslaves, incremento en r\u00edos y arroyos, as\u00ed como encharcamientos en zonas urbanas. Tambi\u00e9n se recomienda evitar actividades mar\u00edtimas y mantenerse atentos a los comunicados de Protecci\u00f3n Civil.<\/p>\n\n\n\n<p class=\"p1 wp-block-paragraph\">Las autoridades meteorol\u00f3gicas continuar\u00e1n monitoreando la evoluci\u00f3n de Barbara y emitir\u00e1n nuevos reportes conforme se presenten cambios en su trayectoria o intensidad.<\/p>\n\n\n\n<p class=\"p1 wp-block-paragraph\"><\/p>\n<div class=\"fb-background-color\">\n\t\t\t  <div \n\t\t\t  \tclass = \"fb-comments\" \n\t\t\t  \tdata-href = \"https:\/\/diarioavanzada.com.mx\/?p=89460\"\n\t\t\t  \tdata-numposts = \"10\"\n\t\t\t  \tdata-lazy = \"true\"\n\t\t\t\tdata-colorscheme = \"light\"\n\t\t\t\tdata-order-by = \"social\"\n\t\t\t\tdata-mobile=true>\n\t\t\t  <\/div><\/div>\n\t\t  <style>\n\t\t    .fb-background-color {\n\t\t\t\tbackground:  !important;\n\t\t\t}\n\t\t\t.fb_iframe_widget_fluid_desktop iframe {\n\t\t\t    width: 100% !important;\n\t\t\t}\n\t\t  <\/style>\n\t\t  ","protected":false},"excerpt":{"rendered":"<p>Colima, M\u00e9xico, Avanzada (08\/06\/2025).- La tormenta tropical Barbara contin\u00faa su desplazamiento hacia el oeste-noroeste con vientos sostenidos de 95 km\/h y rachas de hasta 110 km\/h, y se espera que evolucione a hurac\u00e1n categor\u00eda 1 en las pr\u00f3ximas horas, de acuerdo con el Servicio Meteorol\u00f3gico Nacional (SMN). A las 10:00 horas, el centro del sistema [&hellip;]<\/p>\n","protected":false},"author":7,"featured_media":89459,"comment_status":"closed","ping_status":"closed","sticky":false,"template":"","format":"standard","meta":{"_coblocks_attr":"","_coblocks_dimensions":"","_coblocks_responsive_height":"","_coblocks_accordion_ie_support":"","_crdt_document":"","advanced_seo_description":"","jetpack_seo_html_title":"","jetpack_seo_noindex":false,"_jetpack_memberships_contains_paid_content":false,"footnotes":""},"categories":[19,209,7,231],"tags":[210],"class_list":["post-89460","post","type-post","status-publish","format-standard","has-post-thumbnail","hentry","category-colima","category-importantes","category-noticias","category-seguridad","tag-portada"],"jetpack_featured_media_url":"https:\/\/diarioavanzada.com.mx\/wp-content\/uploads\/2025\/06\/img_4252-1.jpg","jetpack-related-posts":[],"jetpack_sharing_enabled":true,"amp_enabled":true,"_links":{"self":[{"href":"https:\/\/diarioavanzada.com.mx\/index.php?rest_route=\/wp\/v2\/posts\/89460","targetHints":{"allow":["GET"]}}],"collection":[{"href":"https:\/\/diarioavanzada.com.mx\/index.php?rest_route=\/wp\/v2\/posts"}],"about":[{"href":"https:\/\/diarioavanzada.com.mx\/index.php?rest_route=\/wp\/v2\/types\/post"}],"author":[{"embeddable":true,"href":"https:\/\/diarioavanzada.com.mx\/index.php?rest_route=\/wp\/v2\/users\/7"}],"replies":[{"embeddable":true,"href":"https:\/\/diarioavanzada.com.mx\/index.php?rest_route=%2Fwp%2Fv2%2Fcomments&post=89460"}],"version-history":[{"count":1,"href":"https:\/\/diarioavanzada.com.mx\/index.php?rest_route=\/wp\/v2\/posts\/89460\/revisions"}],"predecessor-version":[{"id":89461,"href":"https:\/\/diarioavanzada.com.mx\/index.php?rest_route=\/wp\/v2\/posts\/89460\/revisions\/89461"}],"wp:featuredmedia":[{"embeddable":true,"href":"https:\/\/diarioavanzada.com.mx\/index.php?rest_route=\/wp\/v2\/media\/89459"}],"wp:attachment":[{"href":"https:\/\/diarioavanzada.com.mx\/index.php?rest_route=%2Fwp%2Fv2%2Fmedia&parent=89460"}],"wp:term":[{"taxonomy":"category","embeddable":true,"href":"https:\/\/diarioavanzada.com.mx\/index.php?rest_route=%2Fwp%2Fv2%2Fcategories&post=89460"},{"taxonomy":"post_tag","embeddable":true,"href":"https:\/\/diarioavanzada.com.mx\/index.php?rest_route=%2Fwp%2Fv2%2Ftags&post=89460"}],"curies":[{"name":"wp","href":"https:\/\/api.w.org\/{rel}","templated":true}]}}