{"id":89431,"date":"2025-06-08T09:13:18","date_gmt":"2025-06-08T15:13:18","guid":{"rendered":"https:\/\/diarioavanzada.com.mx\/?p=89431"},"modified":"2025-06-08T10:32:57","modified_gmt":"2025-06-08T16:32:57","slug":"imss-colima-rescinde-contrato-a-empresa-de-seguridad-tras-agresion-a-derechohabiente","status":"publish","type":"post","link":"https:\/\/diarioavanzada.com.mx\/?p=89431","title":{"rendered":"IMSS Colima rescinde contrato a empresa de seguridad tras agresi\u00f3n a derechohabiente"},"content":{"rendered":"\n<p class=\"p1 wp-block-paragraph\">Colima, M\u00e9xico, Avanzada (08\/06\/2025).- La titular del Instituto Mexicano del Seguro Social (IMSS) en Colima, Dra. F\u00e1tima Borrego P\u00e9rez, inform\u00f3 que, ante un incidente de agresi\u00f3n cometido por elementos de seguridad privada contra un derechohabiente en el Hospital General de Zona N\u00ba 1 en Villa de \u00c1lvarez, se ha tomado la decisi\u00f3n de concluir la relaci\u00f3n contractual con la empresa responsable, Hidalgo Vigueras Consultores.<\/p>\n\n\n\n<p class=\"p1 wp-block-paragraph\">\u201cEl IMSS expresa su rechazo absoluto ante cualquier acto de agresi\u00f3n o conducta que trasgreda la dignidad y los derechos humanos dentro de sus instalaciones\u201d, afirm\u00f3 Borrego P\u00e9rez. La funcionaria subray\u00f3 que el Instituto no colaborar\u00e1 con empresas que omitan capacitar adecuadamente a su personal en materia de derechos humanos, y reiter\u00f3 que ya se ha establecido contacto con la persona afectada, a quien se le brinda acompa\u00f1amiento institucional con sensibilidad y responsabilidad.<\/p>\n\n\n\n<p class=\"p1 wp-block-paragraph\">Como medida preventiva, el resguardo de la unidad m\u00e9dica ser\u00e1 asumido de manera temporal por la Corporaci\u00f3n de Protecci\u00f3n Federal, dependiente de la Secretar\u00eda de Seguridad y Protecci\u00f3n Ciudadana.<\/p>\n\n\n\n<p class=\"p1 wp-block-paragraph\">La agresi\u00f3n ocurri\u00f3 el pasado viernes 6 de junio cuando un usuario del hospital fue sometido con violencia f\u00edsica por personal de seguridad privada, en medio de una discusi\u00f3n dentro de las instalaciones. El hecho fue videograbado por testigos y se difundi\u00f3 ampliamente en redes sociales, generando indignaci\u00f3n y cr\u00edticas por el actuar de los guardias. La v\u00edctima, habr\u00eda exigido le surtieran su receta m\u00e9dica cuando ocurri\u00f3 el altercado.<\/p>\n\n\n\n<p class=\"p1 wp-block-paragraph\">El IMSS en Colima reiter\u00f3 su \u201ccompromiso inquebrantable con una atenci\u00f3n digna, humana y respetuosa\u201d y enfatiz\u00f3 que no se tolerar\u00e1n actos de violencia en ninguna de sus unidades.<\/p>\n\n\n\n<figure class=\"wp-block-embed is-type-wp-embed is-provider-diario-avanzada wp-block-embed-diario-avanzada\"><div class=\"wp-block-embed__wrapper\">\n<blockquote class=\"wp-embedded-content\" data-secret=\"01AtXsqbFg\"><a href=\"https:\/\/diarioavanzada.com.mx\/?p=89428\">\u201cTengo miedo de volver al Seguro\u201d: v\u00edctima de agresi\u00f3n en el IMSS<\/a><\/blockquote><iframe loading=\"lazy\" class=\"wp-embedded-content\" sandbox=\"allow-scripts\" security=\"restricted\" style=\"position: absolute; visibility: hidden;\" title=\"&#8220;\u201cTengo miedo de volver al Seguro\u201d: v\u00edctima de agresi\u00f3n en el IMSS&#8221; &#8212; Diario Avanzada\" src=\"https:\/\/diarioavanzada.com.mx\/?p=89428&#038;embed=true#?secret=HVpfnHrqhE#?secret=01AtXsqbFg\" data-secret=\"01AtXsqbFg\" width=\"600\" height=\"338\" frameborder=\"0\" marginwidth=\"0\" marginheight=\"0\" scrolling=\"no\"><\/iframe>\n<\/div><\/figure>\n<div class=\"fb-background-color\">\n\t\t\t  <div \n\t\t\t  \tclass = \"fb-comments\" \n\t\t\t  \tdata-href = \"https:\/\/diarioavanzada.com.mx\/?p=89431\"\n\t\t\t  \tdata-numposts = \"10\"\n\t\t\t  \tdata-lazy = \"true\"\n\t\t\t\tdata-colorscheme = \"light\"\n\t\t\t\tdata-order-by = \"social\"\n\t\t\t\tdata-mobile=true>\n\t\t\t  <\/div><\/div>\n\t\t  <style>\n\t\t    .fb-background-color {\n\t\t\t\tbackground:  !important;\n\t\t\t}\n\t\t\t.fb_iframe_widget_fluid_desktop iframe {\n\t\t\t    width: 100% !important;\n\t\t\t}\n\t\t  <\/style>\n\t\t  ","protected":false},"excerpt":{"rendered":"<p>Colima, M\u00e9xico, Avanzada (08\/06\/2025).- La titular del Instituto Mexicano del Seguro Social (IMSS) en Colima, Dra. F\u00e1tima Borrego P\u00e9rez, inform\u00f3 que, ante un incidente de agresi\u00f3n cometido por elementos de seguridad privada contra un derechohabiente en el Hospital General de Zona N\u00ba 1 en Villa de \u00c1lvarez, se ha tomado la decisi\u00f3n de concluir la [&hellip;]<\/p>\n","protected":false},"author":7,"featured_media":89430,"comment_status":"closed","ping_status":"closed","sticky":false,"template":"","format":"standard","meta":{"_coblocks_attr":"","_coblocks_dimensions":"","_coblocks_responsive_height":"","_coblocks_accordion_ie_support":"","_crdt_document":"","advanced_seo_description":"","jetpack_seo_html_title":"","jetpack_seo_noindex":false,"_jetpack_memberships_contains_paid_content":false,"footnotes":""},"categories":[19,209,7,27],"tags":[210],"class_list":["post-89431","post","type-post","status-publish","format-standard","has-post-thumbnail","hentry","category-colima","category-importantes","category-noticias","category-salud","tag-portada"],"jetpack_featured_media_url":"https:\/\/diarioavanzada.com.mx\/wp-content\/uploads\/2025\/06\/img_4220-1.jpg","jetpack-related-posts":[],"jetpack_sharing_enabled":true,"amp_enabled":true,"_links":{"self":[{"href":"https:\/\/diarioavanzada.com.mx\/index.php?rest_route=\/wp\/v2\/posts\/89431","targetHints":{"allow":["GET"]}}],"collection":[{"href":"https:\/\/diarioavanzada.com.mx\/index.php?rest_route=\/wp\/v2\/posts"}],"about":[{"href":"https:\/\/diarioavanzada.com.mx\/index.php?rest_route=\/wp\/v2\/types\/post"}],"author":[{"embeddable":true,"href":"https:\/\/diarioavanzada.com.mx\/index.php?rest_route=\/wp\/v2\/users\/7"}],"replies":[{"embeddable":true,"href":"https:\/\/diarioavanzada.com.mx\/index.php?rest_route=%2Fwp%2Fv2%2Fcomments&post=89431"}],"version-history":[{"count":1,"href":"https:\/\/diarioavanzada.com.mx\/index.php?rest_route=\/wp\/v2\/posts\/89431\/revisions"}],"predecessor-version":[{"id":89441,"href":"https:\/\/diarioavanzada.com.mx\/index.php?rest_route=\/wp\/v2\/posts\/89431\/revisions\/89441"}],"wp:featuredmedia":[{"embeddable":true,"href":"https:\/\/diarioavanzada.com.mx\/index.php?rest_route=\/wp\/v2\/media\/89430"}],"wp:attachment":[{"href":"https:\/\/diarioavanzada.com.mx\/index.php?rest_route=%2Fwp%2Fv2%2Fmedia&parent=89431"}],"wp:term":[{"taxonomy":"category","embeddable":true,"href":"https:\/\/diarioavanzada.com.mx\/index.php?rest_route=%2Fwp%2Fv2%2Fcategories&post=89431"},{"taxonomy":"post_tag","embeddable":true,"href":"https:\/\/diarioavanzada.com.mx\/index.php?rest_route=%2Fwp%2Fv2%2Ftags&post=89431"}],"curies":[{"name":"wp","href":"https:\/\/api.w.org\/{rel}","templated":true}]}}