{"id":89404,"date":"2025-06-07T23:15:33","date_gmt":"2025-06-08T05:15:33","guid":{"rendered":"https:\/\/diarioavanzada.com.mx\/?p=89404"},"modified":"2025-06-07T23:16:55","modified_gmt":"2025-06-08T05:16:55","slug":"por-venganza-quema-oficinas-y-auto-de-su-exjefe-tras-ser-despedido","status":"publish","type":"post","link":"https:\/\/diarioavanzada.com.mx\/?p=89404","title":{"rendered":"Por venganza, quema oficinas y auto de su exjefe tras ser despedido"},"content":{"rendered":"\n<p class=\"p1 wp-block-paragraph\">Sonora, Avanzada (06\/06\/2025).- La Unidad Especializada en Combate al Secuestro (UECS) de la Fiscal\u00eda General de Justicia del Estado de Sonora ejecut\u00f3 una orden de cateo en Hermosillo, donde fue detenido Francisco \u201cN\u201d, de 37 a\u00f1os, por su presunta participaci\u00f3n en los delitos de tentativa de extorsi\u00f3n agravada y da\u00f1os.<\/p>\n\n\n\n<p class=\"p1 wp-block-paragraph\">La detenci\u00f3n ocurri\u00f3 en coordinaci\u00f3n con la Agencia Ministerial de Investigaci\u00f3n Criminal (AMIC), la Secretar\u00eda de la Defensa Nacional (Sedena) y la Guardia Nacional, en seguimiento a los hechos ocurridos el pasado 4 de abril, cuando el imputado, tras ser despedido, ingres\u00f3 a las oficinas de su exempleador, Mario Guillermo \u201cN\u201d, y provoc\u00f3 un incendio en el inmueble y en un veh\u00edculo del afectado.<\/p>\n\n\n\n<p class=\"p1 wp-block-paragraph\">Posteriormente, Francisco \u201cN\u201d habr\u00eda enviado mensajes por WhatsApp exigiendo dinero, con la amenaza de incitar a los trabajadores a manifestarse contra la v\u00edctima.<\/p>\n\n\n\n<p class=\"p1 wp-block-paragraph\">Durante el cateo fueron asegurados varios objetos como tel\u00e9fonos celulares, tarjetas SIM, recipientes con residuos de combustible, una c\u00e1mara de video, un veh\u00edculo Chevrolet Beat gris y prendas de vestir que podr\u00edan estar relacionadas con los hechos.<\/p>\n\n\n\n<p class=\"p1 wp-block-paragraph\">El detenido, quien ya contaba con antecedentes penales por incumplimiento de obligaciones y lesiones, qued\u00f3 a disposici\u00f3n del Ministerio P\u00fablico junto con los indicios asegurados, para el desarrollo del proceso penal correspondiente.<\/p>\n\n\n\n<p class=\"p1 wp-block-paragraph\">La Fiscal\u00eda de Sonora reiter\u00f3 su compromiso de actuar con firmeza frente a delitos que alteran la seguridad en el \u00e1mbito laboral.<\/p>\n\n\n\n<p class=\"p1 wp-block-paragraph\"><\/p>\n\n\n\n<p class=\"p1 wp-block-paragraph\"><\/p>\n<div class=\"fb-background-color\">\n\t\t\t  <div \n\t\t\t  \tclass = \"fb-comments\" \n\t\t\t  \tdata-href = \"https:\/\/diarioavanzada.com.mx\/?p=89404\"\n\t\t\t  \tdata-numposts = \"10\"\n\t\t\t  \tdata-lazy = \"true\"\n\t\t\t\tdata-colorscheme = \"light\"\n\t\t\t\tdata-order-by = \"social\"\n\t\t\t\tdata-mobile=true>\n\t\t\t  <\/div><\/div>\n\t\t  <style>\n\t\t    .fb-background-color {\n\t\t\t\tbackground:  !important;\n\t\t\t}\n\t\t\t.fb_iframe_widget_fluid_desktop iframe {\n\t\t\t    width: 100% !important;\n\t\t\t}\n\t\t  <\/style>\n\t\t  ","protected":false},"excerpt":{"rendered":"<p>Sonora, Avanzada (06\/06\/2025).- La Unidad Especializada en Combate al Secuestro (UECS) de la Fiscal\u00eda General de Justicia del Estado de Sonora ejecut\u00f3 una orden de cateo en Hermosillo, donde fue detenido Francisco \u201cN\u201d, de 37 a\u00f1os, por su presunta participaci\u00f3n en los delitos de tentativa de extorsi\u00f3n agravada y da\u00f1os. La detenci\u00f3n ocurri\u00f3 en coordinaci\u00f3n [&hellip;]<\/p>\n","protected":false},"author":7,"featured_media":89403,"comment_status":"closed","ping_status":"closed","sticky":false,"template":"","format":"standard","meta":{"_coblocks_attr":"","_coblocks_dimensions":"","_coblocks_responsive_height":"","_coblocks_accordion_ie_support":"","_crdt_document":"","advanced_seo_description":"","jetpack_seo_html_title":"","jetpack_seo_noindex":false,"_jetpack_memberships_contains_paid_content":false,"footnotes":""},"categories":[209,22,7,231],"tags":[],"class_list":["post-89404","post","type-post","status-publish","format-standard","has-post-thumbnail","hentry","category-importantes","category-nacion","category-noticias","category-seguridad"],"jetpack_featured_media_url":"https:\/\/diarioavanzada.com.mx\/wp-content\/uploads\/2025\/06\/img_4175-1.jpg","jetpack-related-posts":[],"jetpack_sharing_enabled":true,"amp_enabled":true,"_links":{"self":[{"href":"https:\/\/diarioavanzada.com.mx\/index.php?rest_route=\/wp\/v2\/posts\/89404","targetHints":{"allow":["GET"]}}],"collection":[{"href":"https:\/\/diarioavanzada.com.mx\/index.php?rest_route=\/wp\/v2\/posts"}],"about":[{"href":"https:\/\/diarioavanzada.com.mx\/index.php?rest_route=\/wp\/v2\/types\/post"}],"author":[{"embeddable":true,"href":"https:\/\/diarioavanzada.com.mx\/index.php?rest_route=\/wp\/v2\/users\/7"}],"replies":[{"embeddable":true,"href":"https:\/\/diarioavanzada.com.mx\/index.php?rest_route=%2Fwp%2Fv2%2Fcomments&post=89404"}],"version-history":[{"count":2,"href":"https:\/\/diarioavanzada.com.mx\/index.php?rest_route=\/wp\/v2\/posts\/89404\/revisions"}],"predecessor-version":[{"id":89415,"href":"https:\/\/diarioavanzada.com.mx\/index.php?rest_route=\/wp\/v2\/posts\/89404\/revisions\/89415"}],"wp:featuredmedia":[{"embeddable":true,"href":"https:\/\/diarioavanzada.com.mx\/index.php?rest_route=\/wp\/v2\/media\/89403"}],"wp:attachment":[{"href":"https:\/\/diarioavanzada.com.mx\/index.php?rest_route=%2Fwp%2Fv2%2Fmedia&parent=89404"}],"wp:term":[{"taxonomy":"category","embeddable":true,"href":"https:\/\/diarioavanzada.com.mx\/index.php?rest_route=%2Fwp%2Fv2%2Fcategories&post=89404"},{"taxonomy":"post_tag","embeddable":true,"href":"https:\/\/diarioavanzada.com.mx\/index.php?rest_route=%2Fwp%2Fv2%2Ftags&post=89404"}],"curies":[{"name":"wp","href":"https:\/\/api.w.org\/{rel}","templated":true}]}}