{"id":89382,"date":"2025-06-07T21:16:02","date_gmt":"2025-06-08T03:16:02","guid":{"rendered":"https:\/\/diarioavanzada.com.mx\/?p=89382"},"modified":"2025-06-07T21:21:55","modified_gmt":"2025-06-08T03:21:55","slug":"pibe-arcega-presenta-mostro-un-viaje-musical-intimo-y-experimental-en-el-pablo-silva","status":"publish","type":"post","link":"https:\/\/diarioavanzada.com.mx\/?p=89382","title":{"rendered":"Pibe \u00c1rcega presenta Mostro, un viaje musical \u00edntimo y experimental, en el \u201cPablo Silva\u201d"},"content":{"rendered":"\n<p class=\"wp-block-paragraph\"><em>\u201cHa sido un viaje muy satisfactorio, aunque lento. Pero este tipo de procesos creativos no deben forzarse. Hay que permitir que fluyan, aunque tomen uno, dos o hasta tres a\u00f1os en concretarse\u201d, se\u00f1al\u00f3<\/em><\/p>\n\n\n\n<p class=\"wp-block-paragraph\">Colima, M\u00e9xico, Comunicado (07\/06\/2025).- Este viernes, en el Foro \u201cPablo Silva\u201d, se present\u00f3 el armonicista colimense Pibe \u00c1rcega con su proyecto <em>Mostro<\/em>, una propuesta musical que fusiona g\u00e9neros como blues, jazz, electr\u00f3nica y hip hop. El concierto, que tuvo una duraci\u00f3n de casi una hora, fue disfrutado por un p\u00fablico mayoritariamente compuesto por j\u00f3venes universitarios. La actividad fue organizada por la Direcci\u00f3n General de Difusi\u00f3n Cultural de la Universidad de Colima.<\/p>\n\n\n\n<p class=\"wp-block-paragraph\">Al iniciar la presentaci\u00f3n, \u00c1rcega comparti\u00f3 con el p\u00fablico que <em>Mostro<\/em> surgi\u00f3 de un proceso creativo profundo que lo llev\u00f3 a cuestionar y soltar viejas ideas, h\u00e1bitos y conceptos sobre c\u00f3mo hacer m\u00fasica. Invit\u00f3 a los asistentes a cerrar los ojos, concentrarse en su respiraci\u00f3n y dejarse llevar por las primeras notas, transformando as\u00ed el concierto en una experiencia inmersiva.<\/p>\n\n\n\n<p class=\"wp-block-paragraph\">En entrevista posterior, el m\u00fasico expres\u00f3 su satisfacci\u00f3n por llevar este proyecto desde su concepci\u00f3n -a mediados de 2023- hasta su presentaci\u00f3n en el Foro \u201cPablo Silva\u201d. \u201cHa sido un viaje muy satisfactorio, aunque lento. Pero este tipo de procesos creativos no deben forzarse. Hay que permitir que fluyan, aunque tomen uno, dos o hasta tres a\u00f1os en concretarse\u201d, se\u00f1al\u00f3.<\/p>\n\n\n\n<p class=\"wp-block-paragraph\">Detall\u00f3 que la idea inicial de <em>Mostro<\/em> surgi\u00f3 en agosto del a\u00f1o pasado. Tras meses de trabajo, lanz\u00f3 un EP en noviembre de 2024 a trav\u00e9s de plataformas como Spotify. \u201cA partir de ah\u00ed comenc\u00e9 a preparar la puesta en escena, dise\u00f1ando la parte visual, incorporando remixes de m\u00fasica que ya hab\u00eda creado antes. Fueron alrededor de siete u ocho meses de trabajo constante, entre cuatro y cinco horas diarias\u201d, comparti\u00f3.<\/p>\n\n\n\n<p class=\"wp-block-paragraph\">Agradeci\u00f3 el respaldo de la Universidad de Colima, en especial a la Direcci\u00f3n General de Difusi\u00f3n Cultural, al equipo t\u00e9cnico del Foro y a su esposa Diana Pe\u00f1a, colaboradora de Universo 94.9, quien lo acompa\u00f1\u00f3 en la gesti\u00f3n del proyecto. \u201cMi hijo tambi\u00e9n me apoya en la parte visual, con fotograf\u00edas y <em>stop motion<\/em>. En ese sentido, funcionamos un poco como una empresa familiar\u201d, dijo.<\/p>\n\n\n\n<p class=\"wp-block-paragraph\">\u00c1rcega explic\u00f3 que, para llevar su propuesta al escenario, ha tenido que prepararse no solo musicalmente, sino tambi\u00e9n en lo f\u00edsico y emocional. \u201cEn la arm\u00f3nica, la respiraci\u00f3n lo es todo. He tenido que mejorar mi condici\u00f3n f\u00edsica, bajar de peso, hacer ejercicio y estudiar tres horas diarias. Tambi\u00e9n dej\u00e9 h\u00e1bitos que no me ayudaban y me he enfocado en desarrollar un lenguaje esc\u00e9nico que permita que el concierto sea disfrutable de principio a fin\u201d.<\/p>\n\n\n\n<p class=\"wp-block-paragraph\">Finalmente, el m\u00fasico subray\u00f3 la importancia de la autocr\u00edtica en cualquier presentaci\u00f3n art\u00edstica. \u201cEs fundamental pensar qu\u00e9 puede funcionar o no sobre el escenario. Invito al p\u00fablico a escuchar <em>Mostro<\/em>, as\u00ed como mis otras propuestas en Spotify, donde me pueden encontrar como ParceGad\u201d.<\/p>\n\n\n\n<p class=\"wp-block-paragraph\">Pibe \u00c1rcega es un armonicista con proyecci\u00f3n nacional. Ha compartido escenario con destacadas bandas de jazz y electr\u00f3nica en M\u00e9xico, colaborado con el rapero GeraMX y participado en la banda sonora de la pel\u00edcula de Netflix <em>Fiesta en la madriguera<\/em>. Adem\u00e1s, es colaborador habitual en producciones radiof\u00f3nicas como Sesiones de Jazz y Blues y Vibraci\u00f3n Azul, transmitidas por Universo 94.9.<\/p>\n\n\n\n<figure class=\"wp-block-image size-large\"><img loading=\"lazy\" decoding=\"async\" width=\"1024\" height=\"683\" src=\"https:\/\/diarioavanzada.com.mx\/wp-content\/uploads\/2025\/06\/Pibe-Arcega-ofrece-concierto-Mostro-en-el-Pablo-Silva_Pibe-1024x683.jpg\" alt=\"\" class=\"wp-image-89384\" srcset=\"https:\/\/diarioavanzada.com.mx\/wp-content\/uploads\/2025\/06\/Pibe-Arcega-ofrece-concierto-Mostro-en-el-Pablo-Silva_Pibe-1024x683.jpg 1024w, https:\/\/diarioavanzada.com.mx\/wp-content\/uploads\/2025\/06\/Pibe-Arcega-ofrece-concierto-Mostro-en-el-Pablo-Silva_Pibe-300x200.jpg 300w, https:\/\/diarioavanzada.com.mx\/wp-content\/uploads\/2025\/06\/Pibe-Arcega-ofrece-concierto-Mostro-en-el-Pablo-Silva_Pibe-768x512.jpg 768w, https:\/\/diarioavanzada.com.mx\/wp-content\/uploads\/2025\/06\/Pibe-Arcega-ofrece-concierto-Mostro-en-el-Pablo-Silva_Pibe-1536x1024.jpg 1536w, https:\/\/diarioavanzada.com.mx\/wp-content\/uploads\/2025\/06\/Pibe-Arcega-ofrece-concierto-Mostro-en-el-Pablo-Silva_Pibe-2048x1366.jpg 2048w, https:\/\/diarioavanzada.com.mx\/wp-content\/uploads\/2025\/06\/Pibe-Arcega-ofrece-concierto-Mostro-en-el-Pablo-Silva_Pibe-1200x800.jpg 1200w\" sizes=\"auto, (max-width: 1024px) 100vw, 1024px\" \/><\/figure>\n\n\n\n<figure class=\"wp-block-image size-large\"><img loading=\"lazy\" decoding=\"async\" width=\"1024\" height=\"683\" src=\"https:\/\/diarioavanzada.com.mx\/wp-content\/uploads\/2025\/06\/Pibe-Arcega-ofrece-concierto-Mostro-en-el-Pablo-Silva-1024x683.jpg\" alt=\"\" class=\"wp-image-89386\" srcset=\"https:\/\/diarioavanzada.com.mx\/wp-content\/uploads\/2025\/06\/Pibe-Arcega-ofrece-concierto-Mostro-en-el-Pablo-Silva-1024x683.jpg 1024w, https:\/\/diarioavanzada.com.mx\/wp-content\/uploads\/2025\/06\/Pibe-Arcega-ofrece-concierto-Mostro-en-el-Pablo-Silva-300x200.jpg 300w, https:\/\/diarioavanzada.com.mx\/wp-content\/uploads\/2025\/06\/Pibe-Arcega-ofrece-concierto-Mostro-en-el-Pablo-Silva-768x512.jpg 768w, https:\/\/diarioavanzada.com.mx\/wp-content\/uploads\/2025\/06\/Pibe-Arcega-ofrece-concierto-Mostro-en-el-Pablo-Silva-1536x1024.jpg 1536w, https:\/\/diarioavanzada.com.mx\/wp-content\/uploads\/2025\/06\/Pibe-Arcega-ofrece-concierto-Mostro-en-el-Pablo-Silva-2048x1365.jpg 2048w, https:\/\/diarioavanzada.com.mx\/wp-content\/uploads\/2025\/06\/Pibe-Arcega-ofrece-concierto-Mostro-en-el-Pablo-Silva-1200x800.jpg 1200w\" sizes=\"auto, (max-width: 1024px) 100vw, 1024px\" \/><\/figure>\n\n\n\n<figure class=\"wp-block-image size-large\"><img loading=\"lazy\" decoding=\"async\" width=\"1024\" height=\"683\" src=\"https:\/\/diarioavanzada.com.mx\/wp-content\/uploads\/2025\/06\/Pibe-Arcega-ofrece-concierto-Mostro-en-el-Pablo-Silva_a-1024x683.jpg\" alt=\"\" class=\"wp-image-89387\" srcset=\"https:\/\/diarioavanzada.com.mx\/wp-content\/uploads\/2025\/06\/Pibe-Arcega-ofrece-concierto-Mostro-en-el-Pablo-Silva_a-1024x683.jpg 1024w, https:\/\/diarioavanzada.com.mx\/wp-content\/uploads\/2025\/06\/Pibe-Arcega-ofrece-concierto-Mostro-en-el-Pablo-Silva_a-300x200.jpg 300w, https:\/\/diarioavanzada.com.mx\/wp-content\/uploads\/2025\/06\/Pibe-Arcega-ofrece-concierto-Mostro-en-el-Pablo-Silva_a-768x512.jpg 768w, https:\/\/diarioavanzada.com.mx\/wp-content\/uploads\/2025\/06\/Pibe-Arcega-ofrece-concierto-Mostro-en-el-Pablo-Silva_a-1536x1024.jpg 1536w, https:\/\/diarioavanzada.com.mx\/wp-content\/uploads\/2025\/06\/Pibe-Arcega-ofrece-concierto-Mostro-en-el-Pablo-Silva_a-2048x1365.jpg 2048w, https:\/\/diarioavanzada.com.mx\/wp-content\/uploads\/2025\/06\/Pibe-Arcega-ofrece-concierto-Mostro-en-el-Pablo-Silva_a-1200x800.jpg 1200w\" sizes=\"auto, (max-width: 1024px) 100vw, 1024px\" \/><\/figure>\n<div class=\"fb-background-color\">\n\t\t\t  <div \n\t\t\t  \tclass = \"fb-comments\" \n\t\t\t  \tdata-href = \"https:\/\/diarioavanzada.com.mx\/?p=89382\"\n\t\t\t  \tdata-numposts = \"10\"\n\t\t\t  \tdata-lazy = \"true\"\n\t\t\t\tdata-colorscheme = \"light\"\n\t\t\t\tdata-order-by = \"social\"\n\t\t\t\tdata-mobile=true>\n\t\t\t  <\/div><\/div>\n\t\t  <style>\n\t\t    .fb-background-color {\n\t\t\t\tbackground:  !important;\n\t\t\t}\n\t\t\t.fb_iframe_widget_fluid_desktop iframe {\n\t\t\t    width: 100% !important;\n\t\t\t}\n\t\t  <\/style>\n\t\t  ","protected":false},"excerpt":{"rendered":"<p>\u201cHa sido un viaje muy satisfactorio, aunque lento. Pero este tipo de procesos creativos no deben forzarse. Hay que permitir que fluyan, aunque tomen uno, dos o hasta tres a\u00f1os en concretarse\u201d, se\u00f1al\u00f3 Colima, M\u00e9xico, Comunicado (07\/06\/2025).- Este viernes, en el Foro \u201cPablo Silva\u201d, se present\u00f3 el armonicista colimense Pibe \u00c1rcega con su proyecto Mostro, [&hellip;]<\/p>\n","protected":false},"author":7,"featured_media":89388,"comment_status":"closed","ping_status":"closed","sticky":false,"template":"","format":"standard","meta":{"_coblocks_attr":"","_coblocks_dimensions":"","_coblocks_responsive_height":"","_coblocks_accordion_ie_support":"","_crdt_document":"","advanced_seo_description":"","jetpack_seo_html_title":"","jetpack_seo_noindex":false,"_jetpack_memberships_contains_paid_content":false,"footnotes":""},"categories":[19,209],"tags":[],"class_list":["post-89382","post","type-post","status-publish","format-standard","has-post-thumbnail","hentry","category-colima","category-importantes"],"jetpack_featured_media_url":"https:\/\/diarioavanzada.com.mx\/wp-content\/uploads\/2025\/06\/Pibe-Arcega-ofrece-concierto-Mostro-en-el-Pablo-Silva_b.jpg","jetpack-related-posts":[],"jetpack_sharing_enabled":true,"amp_enabled":true,"_links":{"self":[{"href":"https:\/\/diarioavanzada.com.mx\/index.php?rest_route=\/wp\/v2\/posts\/89382","targetHints":{"allow":["GET"]}}],"collection":[{"href":"https:\/\/diarioavanzada.com.mx\/index.php?rest_route=\/wp\/v2\/posts"}],"about":[{"href":"https:\/\/diarioavanzada.com.mx\/index.php?rest_route=\/wp\/v2\/types\/post"}],"author":[{"embeddable":true,"href":"https:\/\/diarioavanzada.com.mx\/index.php?rest_route=\/wp\/v2\/users\/7"}],"replies":[{"embeddable":true,"href":"https:\/\/diarioavanzada.com.mx\/index.php?rest_route=%2Fwp%2Fv2%2Fcomments&post=89382"}],"version-history":[{"count":5,"href":"https:\/\/diarioavanzada.com.mx\/index.php?rest_route=\/wp\/v2\/posts\/89382\/revisions"}],"predecessor-version":[{"id":89402,"href":"https:\/\/diarioavanzada.com.mx\/index.php?rest_route=\/wp\/v2\/posts\/89382\/revisions\/89402"}],"wp:featuredmedia":[{"embeddable":true,"href":"https:\/\/diarioavanzada.com.mx\/index.php?rest_route=\/wp\/v2\/media\/89388"}],"wp:attachment":[{"href":"https:\/\/diarioavanzada.com.mx\/index.php?rest_route=%2Fwp%2Fv2%2Fmedia&parent=89382"}],"wp:term":[{"taxonomy":"category","embeddable":true,"href":"https:\/\/diarioavanzada.com.mx\/index.php?rest_route=%2Fwp%2Fv2%2Fcategories&post=89382"},{"taxonomy":"post_tag","embeddable":true,"href":"https:\/\/diarioavanzada.com.mx\/index.php?rest_route=%2Fwp%2Fv2%2Ftags&post=89382"}],"curies":[{"name":"wp","href":"https:\/\/api.w.org\/{rel}","templated":true}]}}