{"id":89372,"date":"2025-06-07T21:11:31","date_gmt":"2025-06-08T03:11:31","guid":{"rendered":"https:\/\/diarioavanzada.com.mx\/?p=89372"},"modified":"2025-06-07T21:11:35","modified_gmt":"2025-06-08T03:11:35","slug":"promueve-rector-curso-de-politica-y-cultura-mexicana-para-dreamers-en-california","status":"publish","type":"post","link":"https:\/\/diarioavanzada.com.mx\/?p=89372","title":{"rendered":"Promueve rector curso de pol\u00edtica y cultura mexicana para Dreamers, en California"},"content":{"rendered":"\n<p class=\"wp-block-paragraph\"><em>L\u00edderes colimenses en Los \u00c1ngeles entregaron al rector dos reconocimientos por su labor al frente de la UdeC, su compromiso con la promoci\u00f3n de la cultura mexicana y por fortalecer los v\u00ednculos entre la instituci\u00f3n educativa y las comunidades migrantes.<\/em><\/p>\n\n\n\n<p class=\"wp-block-paragraph\">Colima, M\u00e9xico, Comunicado (07\/06\/2025).- En el segundo d\u00eda de su gira de trabajo por California, Estados Unidos, el rector de la Universidad de Colima (UdeC), Dr. Christian Jorge Torres Ortiz Zerme\u00f1o, llev\u00f3 a cabo una intensa agenda de actividades institucionales en Los \u00c1ngeles, enfocadas en promover el curso \u201cPol\u00edtica y Cultura Mexicana para J\u00f3venes DREAMERS\u201d y en estrechar lazos con autoridades locales, medios de comunicaci\u00f3n y la comunidad colimense radicada en esta ciudad.<\/p>\n\n\n\n<p class=\"wp-block-paragraph\">Una de estas actividades fue la visita al Ayuntamiento de Los \u00c1ngeles, donde el rector fue recibido por el concejal Curren D. Price, Jr., reconocido por su labor en favor de las comunidades migrantes y la inclusi\u00f3n social. Durante el encuentro, dialogaron sobre la importancia de generar oportunidades educativas binacionales y el papel fundamental que juegan las universidades p\u00fablicas en el acompa\u00f1amiento de los j\u00f3venes migrantes.<\/p>\n\n\n\n<p class=\"wp-block-paragraph\">Tambi\u00e9n se entrevist\u00f3 con el Sr. Jos\u00e9 Ugarte, director de Participaci\u00f3n Comunitaria y subdirector de personal, del mismo concejo de Los \u00c1ngeles. \u00c9l expres\u00f3 su reconocimiento al trabajo que la Universidad de Colima ha venido desarrollando con las juventudes de origen mexicano a trav\u00e9s del curso \u201cPol\u00edtica y Cultura Mexicana para J\u00f3venes DREAMERS\u201d.<\/p>\n\n\n\n<p class=\"wp-block-paragraph\">M\u00e1s tarde, el rector fue entrevistado por medios locales como la Radio Comunitaria de Los \u00c1ngeles y Noticias Punto Visi\u00f3n, donde explic\u00f3 los alcances del programa acad\u00e9mico, comparti\u00f3 testimonios de estudiantes participantes, y reiter\u00f3 el compromiso de la UdeC con una internacionalizaci\u00f3n solidaria, incluyente y con sentido social.<\/p>\n\n\n\n<p class=\"wp-block-paragraph\">La jornada concluy\u00f3 con una reuni\u00f3n con l\u00edderes colimenses radicados en Los \u00c1ngeles. All\u00ed, el rector comparti\u00f3 los detalles del curso \u201cPol\u00edtica y Cultura Mexicana para J\u00f3venes DREAMERS\u201d, para que las y los l\u00edderes apoyen en la difusi\u00f3n con su comunidad, invit\u00e1ndolos a convertirse en aliados activos para fortalecer la presencia de la universidad en el extranjero.<\/p>\n\n\n\n<p class=\"wp-block-paragraph\">Los l\u00edderes colimenses entregaron al rector dos reconocimientos por su destacada labor al frente de la Universidad de Colima, su compromiso con la promoci\u00f3n de la cultura mexicana y por el impulso constante para fortalecer los v\u00ednculos entre la instituci\u00f3n educativa y las comunidades migrantes.<\/p>\n\n\n\n<figure class=\"wp-block-image size-large\"><img loading=\"lazy\" decoding=\"async\" width=\"875\" height=\"1024\" src=\"https:\/\/diarioavanzada.com.mx\/wp-content\/uploads\/2025\/06\/Segundo-dia-de-trabajo-del-rectror-en-EU-para-invitar-a-dreamers-a-curso-en-UdeC_c-875x1024.jpeg\" alt=\"\" class=\"wp-image-89374\" srcset=\"https:\/\/diarioavanzada.com.mx\/wp-content\/uploads\/2025\/06\/Segundo-dia-de-trabajo-del-rectror-en-EU-para-invitar-a-dreamers-a-curso-en-UdeC_c-875x1024.jpeg 875w, https:\/\/diarioavanzada.com.mx\/wp-content\/uploads\/2025\/06\/Segundo-dia-de-trabajo-del-rectror-en-EU-para-invitar-a-dreamers-a-curso-en-UdeC_c-256x300.jpeg 256w, https:\/\/diarioavanzada.com.mx\/wp-content\/uploads\/2025\/06\/Segundo-dia-de-trabajo-del-rectror-en-EU-para-invitar-a-dreamers-a-curso-en-UdeC_c-768x899.jpeg 768w, https:\/\/diarioavanzada.com.mx\/wp-content\/uploads\/2025\/06\/Segundo-dia-de-trabajo-del-rectror-en-EU-para-invitar-a-dreamers-a-curso-en-UdeC_c.jpeg 1200w\" sizes=\"auto, (max-width: 875px) 100vw, 875px\" \/><\/figure>\n\n\n\n<figure class=\"wp-block-image size-large\"><img loading=\"lazy\" decoding=\"async\" width=\"1024\" height=\"768\" src=\"https:\/\/diarioavanzada.com.mx\/wp-content\/uploads\/2025\/06\/Segundo-dia-de-trabajo-del-rectror-en-EU-para-invitar-a-dreamers-a-curso-en-UdeC-1024x768.jpeg\" alt=\"\" class=\"wp-image-89375\" srcset=\"https:\/\/diarioavanzada.com.mx\/wp-content\/uploads\/2025\/06\/Segundo-dia-de-trabajo-del-rectror-en-EU-para-invitar-a-dreamers-a-curso-en-UdeC-1024x768.jpeg 1024w, https:\/\/diarioavanzada.com.mx\/wp-content\/uploads\/2025\/06\/Segundo-dia-de-trabajo-del-rectror-en-EU-para-invitar-a-dreamers-a-curso-en-UdeC-300x225.jpeg 300w, https:\/\/diarioavanzada.com.mx\/wp-content\/uploads\/2025\/06\/Segundo-dia-de-trabajo-del-rectror-en-EU-para-invitar-a-dreamers-a-curso-en-UdeC-768x576.jpeg 768w, https:\/\/diarioavanzada.com.mx\/wp-content\/uploads\/2025\/06\/Segundo-dia-de-trabajo-del-rectror-en-EU-para-invitar-a-dreamers-a-curso-en-UdeC-1536x1152.jpeg 1536w, https:\/\/diarioavanzada.com.mx\/wp-content\/uploads\/2025\/06\/Segundo-dia-de-trabajo-del-rectror-en-EU-para-invitar-a-dreamers-a-curso-en-UdeC-1200x900.jpeg?crop=1 1200w, https:\/\/diarioavanzada.com.mx\/wp-content\/uploads\/2025\/06\/Segundo-dia-de-trabajo-del-rectror-en-EU-para-invitar-a-dreamers-a-curso-en-UdeC-800x600.jpeg?crop=1 800w, https:\/\/diarioavanzada.com.mx\/wp-content\/uploads\/2025\/06\/Segundo-dia-de-trabajo-del-rectror-en-EU-para-invitar-a-dreamers-a-curso-en-UdeC-600x450.jpeg?crop=1 600w, https:\/\/diarioavanzada.com.mx\/wp-content\/uploads\/2025\/06\/Segundo-dia-de-trabajo-del-rectror-en-EU-para-invitar-a-dreamers-a-curso-en-UdeC-400x300.jpeg?crop=1 400w, https:\/\/diarioavanzada.com.mx\/wp-content\/uploads\/2025\/06\/Segundo-dia-de-trabajo-del-rectror-en-EU-para-invitar-a-dreamers-a-curso-en-UdeC-200x150.jpeg?crop=1 200w, https:\/\/diarioavanzada.com.mx\/wp-content\/uploads\/2025\/06\/Segundo-dia-de-trabajo-del-rectror-en-EU-para-invitar-a-dreamers-a-curso-en-UdeC.jpeg 1600w\" sizes=\"auto, (max-width: 1024px) 100vw, 1024px\" \/><\/figure>\n\n\n\n<figure class=\"wp-block-image size-large\"><img loading=\"lazy\" decoding=\"async\" width=\"1024\" height=\"662\" src=\"https:\/\/diarioavanzada.com.mx\/wp-content\/uploads\/2025\/06\/Segundo-dia-de-trabajo-del-rectror-en-EU-para-invitar-a-dreamers-a-curso-en-UdeC_a-1024x662.jpeg\" alt=\"\" class=\"wp-image-89376\" srcset=\"https:\/\/diarioavanzada.com.mx\/wp-content\/uploads\/2025\/06\/Segundo-dia-de-trabajo-del-rectror-en-EU-para-invitar-a-dreamers-a-curso-en-UdeC_a-1024x662.jpeg 1024w, https:\/\/diarioavanzada.com.mx\/wp-content\/uploads\/2025\/06\/Segundo-dia-de-trabajo-del-rectror-en-EU-para-invitar-a-dreamers-a-curso-en-UdeC_a-300x194.jpeg 300w, https:\/\/diarioavanzada.com.mx\/wp-content\/uploads\/2025\/06\/Segundo-dia-de-trabajo-del-rectror-en-EU-para-invitar-a-dreamers-a-curso-en-UdeC_a-768x496.jpeg 768w, https:\/\/diarioavanzada.com.mx\/wp-content\/uploads\/2025\/06\/Segundo-dia-de-trabajo-del-rectror-en-EU-para-invitar-a-dreamers-a-curso-en-UdeC_a-1536x993.jpeg 1536w, https:\/\/diarioavanzada.com.mx\/wp-content\/uploads\/2025\/06\/Segundo-dia-de-trabajo-del-rectror-en-EU-para-invitar-a-dreamers-a-curso-en-UdeC_a-1200x776.jpeg 1200w, https:\/\/diarioavanzada.com.mx\/wp-content\/uploads\/2025\/06\/Segundo-dia-de-trabajo-del-rectror-en-EU-para-invitar-a-dreamers-a-curso-en-UdeC_a.jpeg 1600w\" sizes=\"auto, (max-width: 1024px) 100vw, 1024px\" \/><\/figure>\n\n\n\n<figure class=\"wp-block-image size-large\"><img loading=\"lazy\" decoding=\"async\" width=\"965\" height=\"1024\" src=\"https:\/\/diarioavanzada.com.mx\/wp-content\/uploads\/2025\/06\/Segundo-dia-de-trabajo-del-rectror-en-EU-para-invitar-a-dreamers-a-curso-en-UdeC_b-965x1024.jpeg\" alt=\"\" class=\"wp-image-89378\" srcset=\"https:\/\/diarioavanzada.com.mx\/wp-content\/uploads\/2025\/06\/Segundo-dia-de-trabajo-del-rectror-en-EU-para-invitar-a-dreamers-a-curso-en-UdeC_b-965x1024.jpeg 965w, https:\/\/diarioavanzada.com.mx\/wp-content\/uploads\/2025\/06\/Segundo-dia-de-trabajo-del-rectror-en-EU-para-invitar-a-dreamers-a-curso-en-UdeC_b-283x300.jpeg 283w, https:\/\/diarioavanzada.com.mx\/wp-content\/uploads\/2025\/06\/Segundo-dia-de-trabajo-del-rectror-en-EU-para-invitar-a-dreamers-a-curso-en-UdeC_b-768x815.jpeg 768w, https:\/\/diarioavanzada.com.mx\/wp-content\/uploads\/2025\/06\/Segundo-dia-de-trabajo-del-rectror-en-EU-para-invitar-a-dreamers-a-curso-en-UdeC_b.jpeg 1200w\" sizes=\"auto, (max-width: 965px) 100vw, 965px\" \/><\/figure>\n<div class=\"fb-background-color\">\n\t\t\t  <div \n\t\t\t  \tclass = \"fb-comments\" \n\t\t\t  \tdata-href = \"https:\/\/diarioavanzada.com.mx\/?p=89372\"\n\t\t\t  \tdata-numposts = \"10\"\n\t\t\t  \tdata-lazy = \"true\"\n\t\t\t\tdata-colorscheme = \"light\"\n\t\t\t\tdata-order-by = \"social\"\n\t\t\t\tdata-mobile=true>\n\t\t\t  <\/div><\/div>\n\t\t  <style>\n\t\t    .fb-background-color {\n\t\t\t\tbackground:  !important;\n\t\t\t}\n\t\t\t.fb_iframe_widget_fluid_desktop iframe {\n\t\t\t    width: 100% !important;\n\t\t\t}\n\t\t  <\/style>\n\t\t  ","protected":false},"excerpt":{"rendered":"<p>L\u00edderes colimenses en Los \u00c1ngeles entregaron al rector dos reconocimientos por su labor al frente de la UdeC, su compromiso con la promoci\u00f3n de la cultura mexicana y por fortalecer los v\u00ednculos entre la instituci\u00f3n educativa y las comunidades migrantes. Colima, M\u00e9xico, Comunicado (07\/06\/2025).- En el segundo d\u00eda de su gira de trabajo por California, [&hellip;]<\/p>\n","protected":false},"author":7,"featured_media":89379,"comment_status":"closed","ping_status":"closed","sticky":false,"template":"","format":"standard","meta":{"_coblocks_attr":"","_coblocks_dimensions":"","_coblocks_responsive_height":"","_coblocks_accordion_ie_support":"","_crdt_document":"","advanced_seo_description":"","jetpack_seo_html_title":"","jetpack_seo_noindex":false,"_jetpack_memberships_contains_paid_content":false,"footnotes":""},"categories":[19,209],"tags":[],"class_list":["post-89372","post","type-post","status-publish","format-standard","has-post-thumbnail","hentry","category-colima","category-importantes"],"jetpack_featured_media_url":"https:\/\/diarioavanzada.com.mx\/wp-content\/uploads\/2025\/06\/Segundo-dia-de-trabajo-del-rectror-en-EU-para-invitar-a-dreamers-a-curso-en-UdeC_e.jpeg","jetpack-related-posts":[],"jetpack_sharing_enabled":true,"amp_enabled":true,"_links":{"self":[{"href":"https:\/\/diarioavanzada.com.mx\/index.php?rest_route=\/wp\/v2\/posts\/89372","targetHints":{"allow":["GET"]}}],"collection":[{"href":"https:\/\/diarioavanzada.com.mx\/index.php?rest_route=\/wp\/v2\/posts"}],"about":[{"href":"https:\/\/diarioavanzada.com.mx\/index.php?rest_route=\/wp\/v2\/types\/post"}],"author":[{"embeddable":true,"href":"https:\/\/diarioavanzada.com.mx\/index.php?rest_route=\/wp\/v2\/users\/7"}],"replies":[{"embeddable":true,"href":"https:\/\/diarioavanzada.com.mx\/index.php?rest_route=%2Fwp%2Fv2%2Fcomments&post=89372"}],"version-history":[{"count":4,"href":"https:\/\/diarioavanzada.com.mx\/index.php?rest_route=\/wp\/v2\/posts\/89372\/revisions"}],"predecessor-version":[{"id":89381,"href":"https:\/\/diarioavanzada.com.mx\/index.php?rest_route=\/wp\/v2\/posts\/89372\/revisions\/89381"}],"wp:featuredmedia":[{"embeddable":true,"href":"https:\/\/diarioavanzada.com.mx\/index.php?rest_route=\/wp\/v2\/media\/89379"}],"wp:attachment":[{"href":"https:\/\/diarioavanzada.com.mx\/index.php?rest_route=%2Fwp%2Fv2%2Fmedia&parent=89372"}],"wp:term":[{"taxonomy":"category","embeddable":true,"href":"https:\/\/diarioavanzada.com.mx\/index.php?rest_route=%2Fwp%2Fv2%2Fcategories&post=89372"},{"taxonomy":"post_tag","embeddable":true,"href":"https:\/\/diarioavanzada.com.mx\/index.php?rest_route=%2Fwp%2Fv2%2Ftags&post=89372"}],"curies":[{"name":"wp","href":"https:\/\/api.w.org\/{rel}","templated":true}]}}